{"id":1086,"date":"2018-09-17T03:03:23","date_gmt":"2018-09-17T01:03:23","guid":{"rendered":"http:\/\/skalickyobzor.sk\/cms\/?p=1086"},"modified":"2018-09-17T03:26:49","modified_gmt":"2018-09-17T01:26:49","slug":"subor-skalican-a-moj-zivot-s-nim-2-cast","status":"publish","type":"post","link":"http:\/\/skalickyobzor.sk\/cms\/subor-skalican-a-moj-zivot-s-nim-2-cast\/","title":{"rendered":"S\u00fabor Skali\u010dan a m\u00f4j \u017eivot s n\u00edm (2. \u010das\u0165)"},"content":{"rendered":"<p><strong>V prvej \u010dasti pred pr\u00e1zdninami sme sa rozl\u00fa\u010dili v roku 1958, kedy s\u00fabor Skali\u010dan patril k mnoh\u00fdm v\u00fdborn\u00fdm s\u00faborom \u013dUT na Slovensku. Pravidelne \u00fa\u010dinkoval na sl\u00e1vnostiach vo V\u00fdchodnej, Str\u00e1\u017enici, Tvrdoniciach aj na Z\u00e1hor\u00e1ckych b\u00e1loch v PKO v\u00a0Bratislave. A ako sme p\u00edsali \u201ev\u0161etko vyzeralo, \u017ee budeme hra\u0165, spieva\u0165 a tancova\u0165 naveky, ale &#8230;\u201c<\/strong><\/p>\n<h4>KONIEC SA NEKONAL<\/h4>\n<p>Prv\u00e9 probl\u00e9my nastali v polovici roka 1959, ke\u010f niekto vymyslel, \u017ee je treba s\u00fabory Skali\u010dan a Pl\u00e1\u0148ava zl\u00fa\u010di\u0165. A to bol vlastne za\u010diatok konca obidvoch. Mali sme jedin\u00e9 spolo\u010dn\u00e9 vyst\u00fapenie na oslav\u00e1ch SNP v Banskej Bystrici. Na\u0161\u0165astie sa na\u0161li obetav\u00ed \u010dlenovia, ktor\u00ed aj v\u00a0zlo\u017eit\u00fdch podmienkach s\u00fabor podr\u017eali a Skali\u010dan pokra\u010doval. Najv\u00e4\u010d\u0161iu z\u00e1sluhu na tom mal MUDr. Igor Chaloupka. Dlh\u00e9 roky bol ved\u00facim s\u00faboru a spolu s Pavlom F\u00fcrstenzellerom a jeho \u017eiakmi zo z\u00e1kladnej \u0161koly \u201eomladili\u201c tane\u010dn\u00fa zlo\u017eku. Ja som prv\u00e9ho septembra 1959 odi\u0161iel na vojensk\u00fa z\u00e1kladn\u00fa slu\u017ebu na\u00a0letisko do Tren\u010d\u00edna a so s\u00faborom som \u00fa\u010dinkoval iba vtedy, ke\u010f som bol n\u00e1hodou doma. V Tren\u010d\u00edne som p\u00f4sobil v zn\u00e1mom folkl\u00f3rnom s\u00fabore Dru\u017eba. <em>\u201eDu\u0161\u00fa cel\u00e9ho s\u00faboru tam bil p\u00favodem Vr\u00e1\u010fi\u0161\u0165an Mirko Popel\u00e1r, ker\u00ed sa mja jak krajana hned ujal a ket mjel mo\u017enos\u0165, tak mi na z\u00e1jezdoch aj str\u010dil do kapse p\u00e1r \u0161estek na prilep\u0161e\u0148\u00ed. Ket sem do\u0161el na prv\u0148\u00ed sk\u00fa\u0161ku, vipr\u00e1vjal sem pri dver\u00e1ch z\u00e1hor\u00e1ck\u00e9 hova\u010fini a\u00a0pa\u0148i choreografka Heda \u0160imonekov\u00e1 mja scela viho\u010fit. Nakonec bila r\u00e1da, \u017ee su tam. Velice si mja tam obl\u00fabili a tak mjeli spjev\u00e1ka, tane\u010dn\u00edka a aj konferanci\u00e9ra. Bili to kr\u00e1sn\u00e9 dva roki a dali mje hod\u0148e do\u00a0moj\u00e9ho folkl\u00f3r\u0148\u00edho \u017eivota.\u201c<\/em><\/p>\n<h4>ZNOVU V SKALI\u010cANE<\/h4>\n<p>V septembri 1962 som za\u010dal v Skali\u010dane pracova\u0165 ako choreograf. Vyu\u017e\u00edval som sk\u00fasenosti z L\u00fa\u010dnice, Dru\u017eby, Techniku a prizval som k spolupr\u00e1ci aj in\u00fdch v\u00fdborn\u00fdch choreografov, mojich priate\u013eov. Reperto\u00e1r sme obohatili o tance aj z in\u00fdch regi\u00f3nov. Pom\u00e1hali Jozef Majer\u010d\u00edk, Cyril Z\u00e1le\u0161\u00e1k, J\u00e1n Klimo, Adam Kijevsk\u00fd a mnoh\u00ed \u010fal\u0161\u00ed. Do n\u00e1cvikov sme zaviedli baletn\u00fa a technick\u00fa pr\u00edpravu. <em>\u201eN\u00e1cviki sme mjeli f Kruhu. Moseli sme \u010ficki odsun\u00fat lavice a domov\u0148\u00ed\u010dka tetka Anka Belayka d\u00e1vali pozor, abi sme nepo\u0161kr\u00e1bali parketi. Misl\u00edm, \u017ee f\u0161ecki tance vje\u010feli naspamje\u0165 a dbali na n\u00e1\u0161 m\u00f3res. Mja mjeli velice r\u00e1da a sem-tam mje aj nal\u00e9li \u0161tamprlu hal\u00fazkovej. Potom n\u00e1s pres\u0165ehovali do tane\u010dn\u00ed s\u00e1le v hudeb\u0148\u00ed \u0161koli. To u\u017e Skalica hr\u00e1la prv\u0148\u00ed hokejov\u00fa ligu a sem tam do\u0161li ke\u00a0fran\u0165i\u0161k\u00e1nom hr\u00e1\u010di na ve\u010deru. Do\u0161el sa na n\u00e1\u0161 n\u00e1cvik po\u010f\u00edvat jeden hokejista a ket vi\u010fel jak tvrdo mak\u00e1me, tak mi povidal, \u017ee kebich dal takov\u00fa rozcvi\u010dku \u0148\u00edm, tak a\u0148i jeden hokejista bi neust\u00e1l na brusl\u00e1ch. No bila to, a je drina.\u201c<\/em><\/p>\n<h4>CESTY DO SVETA<\/h4>\n<p>Programy dlh\u00e9 roky uv\u00e1dzal Pavol F\u00fcrstenzeller, a\u017e do osudn\u00e9ho roku 1965. Na vyst\u00fapeniach v severn\u00fdch \u010cech\u00e1ch uviedli, \u017ee s\u00fabor Skali\u010dan je zo Senice. Palinka to na\u0161tvalo a povedal, \u017ee so Senicou m\u00e1me spolo\u010dn\u00e9 len to, \u017ee n\u00e1m v roku 1960 zobrali \u0161tat\u00fat okresn\u00e9ho mesta. Bolo zle-nedobre a\u00a0Palinek bol \u201euml\u010dan\u00fd\u201c. Potom som sa toho ujal ja. U\u017e v\u00a0roku 1966 s\u00fabor absolvoval z\u00e1jazd do\u00a0Anglicka. <em>\u201eTo bilo velice \u0165a\u0161k\u00e9 vibavov\u00e1\u0148\u00ed. N\u00e9 enom pase, v\u00edza, ale hlav\u0148e nachistat prepravu kroj\u00fa a in\u0161trument\u00fa. Dali sme virobit velik\u00e9 drevjen\u00e9 l\u00e1di, do\u00a0ker\u00edch sme navje\u0161ali kroje. Jeli s\u00a0nama vlakem prez \u010cechi, Nemecko, Belgicko, potom z Ostende do Dovru v Anglicku. L\u00e1di sme naposledi vi\u010feli na neker\u00e9m n\u00e1dra\u017e\u00ed v Nemecku a\u00a0vjec n\u00e9. Negde zostali, a potom sme sa dva mjes\u00edce po n\u00e1vra\u0165e dozvje\u010feli, bili na\u00a0Vikt\u00f3ria\u0161teisn v Lond\u00fdne. Na\u0161\u0165es\u0165\u00ed sme mejli ka\u017ed\u00ed ve svojem kufri aspo\u0148 jeden kroj, muzikan\u0165i mjeli husle, klarinet a basu sme vipo\u0161\u0165ali na m\u00eds\u0165e. Cimbal sme nemjeli. \u00daspjech sme mjeli aj tak a stretli sme tam aj\u00a0krajan\u00fa, letc\u00fa z druhej vojni.\u201c<\/em> Ke\u010f sme nastupovali na obrovsk\u00fa n\u00e1morn\u00fa lo\u010f v pr\u00edstave Ostende, tak str\u00fdc Janek Mach\u00e1\u010dek zamrmlali: <em>\u201eKrucin\u00e1l, to je k\u00edbl\u00fa vodi, t\u00fa bi sme nevipili aj ket vipijeme hod\u0148e v\u00edna.\u201c<\/em> Potom nasledovalo \u0160vaj\u010diarsko, Franc\u00fazsko, Bulharsko, Ma\u010farsko, NDR, NSR, Cyprus a \u010fal\u0161ie \u0161t\u00e1ty.<\/p>\n<figure id=\"attachment_1296\" aria-describedby=\"caption-attachment-1296\" style=\"width: 530px\" class=\"wp-caption aligncenter\"><img loading=\"lazy\" decoding=\"async\" class=\"size-full wp-image-1296\" src=\"http:\/\/skalickyobzor.sk\/cms\/wp-content\/uploads\/2018\/09\/skalican2cast1.jpg\" alt=\"\" width=\"530\" height=\"413\" srcset=\"http:\/\/skalickyobzor.sk\/cms\/wp-content\/uploads\/2018\/09\/skalican2cast1.jpg 530w, http:\/\/skalickyobzor.sk\/cms\/wp-content\/uploads\/2018\/09\/skalican2cast1-300x234.jpg 300w\" sizes=\"auto, (max-width: 530px) 100vw, 530px\" \/><figcaption id=\"caption-attachment-1296\" class=\"wp-caption-text\">Arch\u00edv: P. Michalovi\u010da<br \/>Rok 1970, muzika s\u00a0prim\u00e1\u0161om J. Klindom<\/figcaption><\/figure>\n<h4>S\u00daBOR TO S\u00da \u013dUDIA<\/h4>\n<p>Dobre bolo, \u017ee do tane\u010dnej zlo\u017eky pri\u0161la ako tane\u010dn\u00ed\u010dka man\u017eelka MUDr. Igora Chaloupku Tonka, ktor\u00e1 sa po absolvovan\u00ed viacer\u00fdch \u0161kolen\u00ed choreografov stala choreografkou s\u00faboru na dlh\u00e9 roky. Vytvorili sme spolu nieko\u013eko tancov, ktor\u00e9 s\u00fa dodnes v reperto\u00e1ri s\u00faboru. Spolupracovali s nami aj extern\u00ed choreografi. Spomeniem aspo\u0148 tie choreografie, na ktor\u00fdch som s\u00a0tane\u010dn\u00edkmi pracoval aj ja: Skalick\u00e9 svadobn\u00e9, Str\u00e1\u017enick\u00e9 danaje, Skalick\u00e9 sedliacke, Varajkov\u00fd, Fa\u0161ang, \u0160\u013eaha\u010dka, Cep\u00edkov\u00fd, Tance z Kubrej, Na detvianskych lazoch, Zbojn\u00edcky, Valask\u00e9 tance, Remeseln\u00edcke tance, Na moste, &#8230; Ned\u00e1 mi, aby som nespomenul vynikaj\u00faceho chlapca, prim\u00e1\u0161a Ing. Janka Klindu. PhDr. Sl\u00e1vek Volav\u00fd zo Str\u00e1\u017enice, zn\u00e1my prim\u00e1\u0161 raz povedal: <em>\u201eKluku, ty m\u00e1\u0161 takov\u00fd gr\u00edf a\u00a0t\u00f3n, \u017ee ti mos\u00edm \u0159\u00edkat pane Klindo.\u201c<\/em> Bolo to vyznamenanie pre neho, ale aj pre n\u00e1s. Bohu\u017eia\u013e, n\u00e1s ve\u013emi mlad\u00fd opustil. Zomrel na zlyhanie srdca v roku 1974. V t\u00fdchto rokoch hral v muzike na\u00a0kontrabas Franti\u0161ek Zem\u00e1nek. Mal \u00fa\u017easn\u00fd cit pre \u00fapravu \u013eudov\u00fdch piesn\u00ed. Jeho harmoniz\u00e1cia a \u0161t\u00fdl sa dali jasne pri po\u010d\u00favan\u00ed rozpoz\u00adna\u0165. Vytvoril hudobn\u00e9 kompoz\u00edcie pre\u00a0nieko\u013eko tancov s pochopen\u00edm z\u00e1meru choreografa. Kvalita muziky sa v\u017edy odv\u00edjala od osobnost\u00ed prim\u00e1\u0161ov a cimbalistov. Spomeniem aspo\u0148 niektor\u00fdch: Miroslav Krupka, Karel Fiala, Bohuslav Van\u010fura, Milan Zelenka, Juraj Kul\u010d\u00e1r, Peter Va\u0161e\u010dka, cimbalisti bratia K\u0159\u00ed\u017eovci, \u0160tefan \u0160tefula, Janek \u0160\u00e1cha, Peter Sv\u011btl\u00edk, Mirka Krupkov\u00e1, Tonko Dinka. <em>Janek \u0160\u00e1cha poch\u00e1z\u00e1l z Velkej nad\u00a0Veli\u010dk\u00fa. V\u00fdborn\u00fd muzikant, odk\u00f3jen\u00ed slivovic\u00fa. Nekedi to po ces\u0165e na vist\u00fapen\u00ed f autobusi trochu s pi\u0165\u00edm prehn\u00e1l a tak ved\u00fac\u00ed Igor Chaloupka mjel strach jak to dopadne. \u0147ikedi sa nestalo, abi hr\u00e1\u0165\u00ed nedopadlo dobre. R\u00e1z pret vist\u00fape\u0148\u00edm na do\u017eink\u00e1ch do\u0161\u00e9l za mn\u00fa a povid\u00e1: \u201eDirektore, dnes nemos\u00ed\u0161 mjet \u017e\u00e1dn\u00ed strach. Dneskaj piju z rozumem &#8211; zadarmo a do\u0148emoti.\u201c<\/em><\/p>\n<h4>SKALI\u010cAN VE\u010cNE \u017dIV\u00dd<\/h4>\n<p>Pred zhruba tridsiatimi rokmi za\u010dala v s\u00fabore hra\u0165 vynikaj\u00faca cimbalov\u00e1 hudba pod veden\u00edm PhDr. Petra Michalovi\u010da, ktor\u00e1 hr\u00e1 dodnes a patr\u00ed k najlep\u0161\u00edm na Slovensku. Pri\u0161li vynikaj\u00faci spev\u00e1ci &#8211; M\u00e1rinka Mar\u0165anov\u00e1, Pavel Poustka, Anton Pav\u010do. Aj cel\u00fd s\u00fabor pod veden\u00edm Petra Michalovi\u010da a tane\u010dn\u00edci pod\u00a0veden\u00edm Marcelky Michalovi\u010dovej patria k slovenskej folkl\u00f3rnej \u0161pi\u010dke.<br \/>\nStar\u0161\u00ed tane\u010dn\u00edci si vytvorili seniorsk\u00fd klub, tancuj\u00fa, spievaj\u00fa a dr\u017eia sa hesla: \u201ePokia\u013e \u017eije\u0161, spievaj a\u00a0tancuj!\u201c \u0160\u00edria dobr\u00e9 meno s\u00faboru Skali\u010dan a mesta Skalice \u010falej. Ja si ob\u010das s \u013eudovou hudbou zaspievam, ob\u010das im uv\u00e1dzam programy a st\u00e1le s nimi \u017eijem a m\u00e1m ich st\u00e1le r\u00e1d. <em>\u201eSkalica je pjekn\u00e9 mjesto, prez\u0148u chod\u0148\u00ed\u010dek,viprovo\u010f mja moja mil\u00e1, sv\u00ed\u0165\u00ed mjes\u00ed\u010dek.\u201c<\/em><\/p>\n<p><em>Anton Dinka<\/em><\/p>\n","protected":false},"excerpt":{"rendered":"<div class=\"mh-excerpt\"><p>V prvej \u010dasti pred pr\u00e1zdninami sme sa rozl\u00fa\u010dili v roku 1958, kedy s\u00fabor Skali\u010dan patril k mnoh\u00fdm v\u00fdborn\u00fdm s\u00faborom \u013dUT na Slovensku. Pravidelne \u00fa\u010dinkoval na sl\u00e1vnostiach vo V\u00fdchodnej, Str\u00e1\u017enici, Tvrdoniciach aj na Z\u00e1hor\u00e1ckych b\u00e1loch v <a class=\"mh-excerpt-more\" href=\"http:\/\/skalickyobzor.sk\/cms\/subor-skalican-a-moj-zivot-s-nim-2-cast\/\" title=\"S\u00fabor Skali\u010dan a m\u00f4j \u017eivot s n\u00edm (2. \u010das\u0165)\">[&#8230;]<\/a><\/p>\n<\/div>","protected":false},"author":12,"featured_media":1295,"comment_status":"closed","ping_status":"closed","sticky":false,"template":"","format":"standard","meta":{"footnotes":""},"categories":[4],"tags":[],"class_list":{"0":"post-1086","1":"post","2":"type-post","3":"status-publish","4":"format-standard","5":"has-post-thumbnail","7":"category-ja-su-ze-skalice"},"_links":{"self":[{"href":"http:\/\/skalickyobzor.sk\/cms\/wp-json\/wp\/v2\/posts\/1086","targetHints":{"allow":["GET"]}}],"collection":[{"href":"http:\/\/skalickyobzor.sk\/cms\/wp-json\/wp\/v2\/posts"}],"about":[{"href":"http:\/\/skalickyobzor.sk\/cms\/wp-json\/wp\/v2\/types\/post"}],"author":[{"embeddable":true,"href":"http:\/\/skalickyobzor.sk\/cms\/wp-json\/wp\/v2\/users\/12"}],"replies":[{"embeddable":true,"href":"http:\/\/skalickyobzor.sk\/cms\/wp-json\/wp\/v2\/comments?post=1086"}],"version-history":[{"count":7,"href":"http:\/\/skalickyobzor.sk\/cms\/wp-json\/wp\/v2\/posts\/1086\/revisions"}],"predecessor-version":[{"id":1298,"href":"http:\/\/skalickyobzor.sk\/cms\/wp-json\/wp\/v2\/posts\/1086\/revisions\/1298"}],"wp:featuredmedia":[{"embeddable":true,"href":"http:\/\/skalickyobzor.sk\/cms\/wp-json\/wp\/v2\/media\/1295"}],"wp:attachment":[{"href":"http:\/\/skalickyobzor.sk\/cms\/wp-json\/wp\/v2\/media?parent=1086"}],"wp:term":[{"taxonomy":"category","embeddable":true,"href":"http:\/\/skalickyobzor.sk\/cms\/wp-json\/wp\/v2\/categories?post=1086"},{"taxonomy":"post_tag","embeddable":true,"href":"http:\/\/skalickyobzor.sk\/cms\/wp-json\/wp\/v2\/tags?post=1086"}],"curies":[{"name":"wp","href":"https:\/\/api.w.org\/{rel}","templated":true}]}}