{"id":1275,"date":"2018-09-17T03:05:20","date_gmt":"2018-09-17T01:05:20","guid":{"rendered":"http:\/\/skalickyobzor.sk\/cms\/?p=1275"},"modified":"2020-11-24T16:28:31","modified_gmt":"2020-11-24T15:28:31","slug":"skalicke-ulice-lichardova","status":"publish","type":"post","link":"http:\/\/skalickyobzor.sk\/cms\/skalicke-ulice-lichardova\/","title":{"rendered":"Skalick\u00e9 ulice &#8211; Lichardova"},"content":{"rendered":"<p><strong>V rubrike Skalick\u00e9 ulice \u010ditate\u013eom predstavujeme historick\u00e9 osobnosti, pod\u013ea ktor\u00fdch s\u00fa pomenovan\u00e9 ulice v na\u0161om meste. Dnes pokra\u010dujeme ulicou Daniela Gabriela Licharda, zakladate\u013ea \u010dasopisu Obzor, na vyd\u00e1vanie ktor\u00e9ho nadv\u00e4zuje od vla\u0148aj\u0161ka n\u00e1\u0161 redak\u010dn\u00fd kolekt\u00edv.<\/strong><\/p>\n<p>D. G. Lichard (17. 1. 1812, Slovensk\u00e1 \u013dup\u010da \u2013 17. 11. 1882, Skalica), nestor slovenskej \u013eudovo-v\u00fdchovnej publicistiky, p\u00f4sobil po absolvovan\u00ed zn\u00e1meho bratislavsk\u00e9ho l\u00fdcea a teologick\u00e9ho \u0161t\u00fadia vo Viedni najprv ako kazate\u013e v gemerskej obci Ochtin\u00e1, nesk\u00f4r ako profesor na bansko\u0161tiavnickom l\u00fdceu. Pr\u00e1ve tam prejavil z\u00e1ujem sta\u0165 sa evanjelick\u00fdm kazate\u013eom v Skalici.<br \/>\nPriaze\u0148 Skali\u010danov z\u00edskal Lichardovi list profesora modransk\u00e9ho gymn\u00e1zia Karola \u0160t\u00fara, star\u0161ieho brata \u013dudov\u00edta \u0160t\u00fara, v ktorom 21. j\u00fana 1844 o Lichardovi, ako o jednom zo siedmich uch\u00e1dza\u010dov o skalick\u00fa faru, nap\u00edsal:<em> \u201eTento mu\u017e vynik\u00e1 nad mnoh\u00fdch in\u00fdch nielen \u010distotou \u017eivota, priamou a \u00faprimnou povahou, po\u010destnos\u0165ou a ve\u013emi u\u0161\u013eachtil\u00fdm spr\u00e1van\u00edm sa, ale i hlbok\u00fdm vzdelan\u00edm a vedeck\u00fdm \u00fasil\u00edm, tak\u017ee sa stal sl\u00e1vnym a v\u0161eobecne zn\u00e1mym aj svo\u00adjimi viacer\u00fdmi liter\u00e1rnymi dielami.\u201c <\/em><\/p>\n<p>Skalica, kde u\u017e osemdesiat rokov prosperovala kn\u00edhtla\u010diare\u0148 \u0160karniclovcov, splnila v\u0161etky Lichardove o\u010dak\u00e1vania. Na\u0161iel v nej i obetav\u00fa dru\u017eku \u017eivota Krist\u00ednu z rozvetvenej rodiny Vrchovsk\u00fdch. Veno man\u017eelky umo\u017enilo Lichardovi rozvin\u00fa\u0165 bohat\u00fa publicistick\u00fa \u010dinnos\u0165.\u00a0 U\u017e prv\u00fd ro\u010dn\u00edk Domovej pokladnice v\u00a0roku 1847 bol vydaren\u00fdm pokusom o s\u00fastavn\u00e9 popularizovanie vedeck\u00fdch poznatkov a spolu s\u00a0\u010fal\u0161\u00edmi ro\u010dn\u00edkmi (1848 \u2013 1851 a 1863 \u2013 1864) sa stal akousi encyklop\u00e9diou z\u00e1kladn\u00fdch pr\u00edrodovedeck\u00fdch poznatkov. Z\u00e1rove\u0148 sa pustil aj do\u00a0vyd\u00e1vania t\u00fd\u017edenn\u00edka <em>Noviny pre\u00a0hospod\u00e1rstvo, remeslo a dom\u00e1ci \u017eivot<\/em>. Ich 26 \u010d\u00edsiel z roku 1848 sa stalo zrkadlom jeho \u00fasilia o\u00a0synt\u00e9zu n\u00e1rodnopolitick\u00e9ho programu \u0161t\u00farovcov so\u00a0soci\u00e1lnymi t\u00fa\u017ebami \u013eudu. Koncom septembra 1848 prestali v\u0161ak vych\u00e1dza\u0165 v d\u00f4sledku udalost\u00ed uhorsk\u00e9ho povstania, ktor\u00fdch obe\u0165ou sa mal sta\u0165 aj Lichard. Pred obesen\u00edm ho zachr\u00e1nil pr\u00edchod gener\u00e1la B. \u0160imuni\u0107a do Skalice. Medzit\u00fdm sa vzdal skalickej fary v prospech svojho brata \u013dudov\u00edta a za\u010dal vyd\u00e1va\u0165 politick\u00e9 noviny <em>Slovensk\u00fd pozorn\u00edk<\/em> s hospod\u00e1rskou pr\u00edlohou <em>\u017ditva<\/em>. Po siedmich \u010d\u00edslach noviny zanikli, lebo Lichard sa ods\u0165ahoval na trin\u00e1s\u0165 rokov do Viedne, aby redigoval \u00faradn\u00e9 viedensk\u00e9 <em>Slovensk\u00e9 noviny<\/em>. Po ich zastaven\u00ed koncom roka 1861 Lichard natrvalo zakotvil v Skalici. A tu sa vz\u00e1p\u00e4t\u00ed rozhodol vyd\u00e1va\u0165 ka\u017ed\u00fdch desa\u0165 dn\u00ed \u010dasopis <em>Obzor<\/em>. N\u00edm, ako Hviezdoslavom ospievan\u00fd <em>\u201edobr\u00fdch \u017eivlov tovari\u0161, pr\u00edrody \u2013 panny \u0161\u0165astn\u00fd milovn\u00edk\u201c<\/em>, korunoval svoju obrovsk\u00fa \u013eudov\u00fdchovn\u00fa \u010dinnos\u0165, prekra\u010duj\u00facu svoj\u00edm dosahom \u0161iroko-\u010faleko hranice Z\u00e1horia, predostr\u00fac tak cel\u00e9mu Slovensku v zmysle Hviezdoslavovej \u00f3dy <em>\u201epred zrakom Obzor ako rozkr\u00eddlen\u00fa by veleknihu bo\u017esk\u00fdch pou\u010diek\u201c<\/em>. K tomuto riskantn\u00e9mu kroku sa odv\u00e1\u017eil v pevnom presved\u010den\u00ed, \u017ee<em> \u201e &#8230; drah\u00fd n\u00e1rod n\u00e1\u0161 nenie viac m\u0155tvola; on je n\u00e1rod prebuden\u00fd, ktor\u00fd aj zakladan\u00edm Matice nad v\u0161etko o\u010dak\u00e1vanie dosved\u010dil, \u017ee \u017eije a \u017ei\u0165 chce\u201c<\/em>.<\/p>\n<figure id=\"attachment_1335\" aria-describedby=\"caption-attachment-1335\" style=\"width: 256px\" class=\"wp-caption aligncenter\"><img loading=\"lazy\" decoding=\"async\" class=\"size-full wp-image-1335\" src=\"http:\/\/skalickyobzor.sk\/cms\/wp-content\/uploads\/2018\/09\/lichard.jpg\" alt=\"\" width=\"256\" height=\"381\" srcset=\"http:\/\/skalickyobzor.sk\/cms\/wp-content\/uploads\/2018\/09\/lichard.jpg 256w, http:\/\/skalickyobzor.sk\/cms\/wp-content\/uploads\/2018\/09\/lichard-202x300.jpg 202w\" sizes=\"auto, (max-width: 256px) 100vw, 256px\" \/><figcaption id=\"caption-attachment-1335\" class=\"wp-caption-text\">Zdroj: internet<\/figcaption><\/figure>\n<p>Na\u00a0podnet banskobystrick\u00e9ho biskupa \u0160tefana Moyzesa a superintendenta Karola Kuzm\u00e1nyho prevzal na seba zodpovedn\u00fa \u00falohu redigova\u0165 pr\u00edrodovedn\u00fd oddiel prv\u00e9ho slovensk\u00e9ho vedeck\u00e9ho \u010dasopisu <em>Letopis Matice slovenskej<\/em>, vych\u00e1dzaj\u00faceho v Skalici. Z dvadsiatich ro\u010dn\u00edkov <em>Obzoru<\/em>, ktor\u00fd je dodnes jedine\u010dn\u00fdm prame\u0148om na\u0161ich vedomost\u00ed o hospod\u00e1rskom \u017eivote a rozvoji techniky na Slovensku v minulom storo\u010d\u00ed, vytvoril Lichard hotov\u00fa encyklop\u00e9diu ekonomick\u00fdch a pr\u00edrodovedn\u00fdch poznatkov. Ve\u013ekej popularite sa te\u0161ili Lichardove \u00favodn\u00edky, ktor\u00e9 s\u00fastavne pod\u00e1vali preh\u013ead o hospod\u00e1rskej situ\u00e1cii v celej krajine. Nadov\u0161etko pohotovo a so z\u00e1palom \u0161\u00edril v <em>Obzore<\/em> dru\u017estevn\u00e9 my\u0161lienky, pod vplyvom ktor\u00fdch sa rodili nov\u00e9 svojpomocn\u00e9 spolky. Z nich mu najviac k srdcu prir\u00e1stla Pomocn\u00e1 pokladnica v Skalici. Jej v\u00fdbor uctil si pamiatku D. G. Licharda, svojho zakladate\u013ea a predsedu, ke\u010f mu vyrazila smr\u0165 pero z ruky t\u00fdmito slovami: <em>\u201eMeno a pamiatka drah\u00e9ho, nezapomenute\u013en\u00e9ho predsedu n\u00e1\u0161ho, bl. p. Daniela Licharda, skvie\u0165 sa bude uprostred n\u00e1s a nevyhasne nikdy zo s\u0155dc na\u0161ich, \u00e1no, i potomci na\u0161i e\u0161te s \u00factou spom\u00edna\u0165 a po\u017eehn\u00e1va\u0165 bud\u00fa prach jeho! Ve\u010dn\u00e1 mu pam\u00e4\u0165!\u201c<\/em><\/p>\n<p><em>Pavol Dinka <\/em><br \/>\nPozn.: Spracovan\u00e9 pod\u013ea knihy Pavla Dinku<em> Franti\u0161ek Buchta \u2013 Skalica a Z\u00e1horie<\/em><\/p>\n","protected":false},"excerpt":{"rendered":"<div class=\"mh-excerpt\"><p>V rubrike Skalick\u00e9 ulice \u010ditate\u013eom predstavujeme historick\u00e9 osobnosti, pod\u013ea ktor\u00fdch s\u00fa pomenovan\u00e9 ulice v na\u0161om meste. Dnes pokra\u010dujeme ulicou Daniela Gabriela Licharda, zakladate\u013ea \u010dasopisu Obzor, na vyd\u00e1vanie ktor\u00e9ho nadv\u00e4zuje od vla\u0148aj\u0161ka n\u00e1\u0161 redak\u010dn\u00fd kolekt\u00edv. D. <a class=\"mh-excerpt-more\" href=\"http:\/\/skalickyobzor.sk\/cms\/skalicke-ulice-lichardova\/\" title=\"Skalick\u00e9 ulice &#8211; Lichardova\">[&#8230;]<\/a><\/p>\n<\/div>","protected":false},"author":16,"featured_media":17,"comment_status":"closed","ping_status":"closed","sticky":false,"template":"","format":"standard","meta":{"footnotes":""},"categories":[24],"tags":[],"class_list":{"0":"post-1275","1":"post","2":"type-post","3":"status-publish","4":"format-standard","5":"has-post-thumbnail","7":"category-skalicke-ulice"},"_links":{"self":[{"href":"http:\/\/skalickyobzor.sk\/cms\/wp-json\/wp\/v2\/posts\/1275","targetHints":{"allow":["GET"]}}],"collection":[{"href":"http:\/\/skalickyobzor.sk\/cms\/wp-json\/wp\/v2\/posts"}],"about":[{"href":"http:\/\/skalickyobzor.sk\/cms\/wp-json\/wp\/v2\/types\/post"}],"author":[{"embeddable":true,"href":"http:\/\/skalickyobzor.sk\/cms\/wp-json\/wp\/v2\/users\/16"}],"replies":[{"embeddable":true,"href":"http:\/\/skalickyobzor.sk\/cms\/wp-json\/wp\/v2\/comments?post=1275"}],"version-history":[{"count":3,"href":"http:\/\/skalickyobzor.sk\/cms\/wp-json\/wp\/v2\/posts\/1275\/revisions"}],"predecessor-version":[{"id":1336,"href":"http:\/\/skalickyobzor.sk\/cms\/wp-json\/wp\/v2\/posts\/1275\/revisions\/1336"}],"wp:featuredmedia":[{"embeddable":true,"href":"http:\/\/skalickyobzor.sk\/cms\/wp-json\/wp\/v2\/media\/17"}],"wp:attachment":[{"href":"http:\/\/skalickyobzor.sk\/cms\/wp-json\/wp\/v2\/media?parent=1275"}],"wp:term":[{"taxonomy":"category","embeddable":true,"href":"http:\/\/skalickyobzor.sk\/cms\/wp-json\/wp\/v2\/categories?post=1275"},{"taxonomy":"post_tag","embeddable":true,"href":"http:\/\/skalickyobzor.sk\/cms\/wp-json\/wp\/v2\/tags?post=1275"}],"curies":[{"name":"wp","href":"https:\/\/api.w.org\/{rel}","templated":true}]}}