{"id":1352,"date":"2018-10-28T09:14:31","date_gmt":"2018-10-28T08:14:31","guid":{"rendered":"http:\/\/skalickyobzor.sk\/cms\/?p=1352"},"modified":"2018-10-28T09:14:56","modified_gmt":"2018-10-28T08:14:56","slug":"tak-si-myslim-ze-nevieme-zit-vieru","status":"publish","type":"post","link":"http:\/\/skalickyobzor.sk\/cms\/tak-si-myslim-ze-nevieme-zit-vieru\/","title":{"rendered":"Tak si mysl\u00edm, \u017ee nevieme \u017ei\u0165 vieru"},"content":{"rendered":"<p>Ka\u017ed\u00fd pozn\u00e1me chv\u00edle, kedy n\u00e1s \u017eivot zraz\u00ed k zemi, chv\u00edle, kedy nem\u00e1me silu postavi\u0165 sa a kr\u00e1\u010da\u0165 \u010falej. V t\u00fdch momentoch m\u00e1me pocit, \u017ee v\u0161etko sa kon\u010d\u00ed. Koniec. Tu a teraz!<br \/>\nNiekde vo vn\u00fatri v\u0161ak vieme, \u017ee ni\u010d nekon\u010d\u00ed, aj keby sme si to dokonca mo\u017eno \u017eelali. Nie\u010do v na\u0161om vn\u00fatri n\u00e1s n\u00fati znova sa postavi\u0165. Tak h\u013ead\u00e1me, o \u010do by sme sa mohli oprie\u0165. H\u013ead\u00e1me barli\u010dku. Barli\u010dku, ktor\u00e1 le\u017e\u00ed v\u017edy ved\u013ea n\u00e1s. A tou je viera. Zoberieme ju, oprieme sa o \u0148u, zdvihneme sa a kr\u00e1\u010dame \u017eivotom \u010falej. Ob\u010das ju odlo\u017e\u00edme a ke\u010f je n\u00e1m \u0165a\u017eko, znova sa o \u0148u oprieme. Ob\u010das n\u00e1m ju niekto zoberie, ob\u010das niekto zlom\u00ed. A\u00a0tak id\u00fac \u017eivotom, zbierame a opierame sa o\u00a0r\u00f4zne viery v r\u00f4znych podob\u00e1ch. V skuto\u010dnosti v\u0161ak existuje iba jedna. Nos\u00edme ju priamo v sebe. Viera, ktor\u00fa nikto nezlom\u00ed a ktor\u00e1 n\u00e1s v\u017edy postav\u00ed na nohy. Viera v seba sama. Lebo boh je v ka\u017edom z n\u00e1s.<\/p>\n<p><em>S\u00a0\u00factou<\/em><br \/>\n<em>u\u010diaca sa \u017delm\u00edra Mach\u00e1\u010dkov\u00e1<\/em><\/p>\n","protected":false},"excerpt":{"rendered":"<div class=\"mh-excerpt\"><p>Ka\u017ed\u00fd pozn\u00e1me chv\u00edle, kedy n\u00e1s \u017eivot zraz\u00ed k zemi, chv\u00edle, kedy nem\u00e1me silu postavi\u0165 sa a kr\u00e1\u010da\u0165 \u010falej. V t\u00fdch momentoch m\u00e1me pocit, \u017ee v\u0161etko sa kon\u010d\u00ed. Koniec. Tu a teraz! Niekde vo vn\u00fatri v\u0161ak <a class=\"mh-excerpt-more\" href=\"http:\/\/skalickyobzor.sk\/cms\/tak-si-myslim-ze-nevieme-zit-vieru\/\" title=\"Tak si mysl\u00edm, \u017ee nevieme \u017ei\u0165 vieru\">[&#8230;]<\/a><\/p>\n<\/div>","protected":false},"author":2,"featured_media":241,"comment_status":"closed","ping_status":"closed","sticky":false,"template":"","format":"standard","meta":{"footnotes":""},"categories":[3],"tags":[],"class_list":{"0":"post-1352","1":"post","2":"type-post","3":"status-publish","4":"format-standard","5":"has-post-thumbnail","7":"category-tak-si-myslim"},"_links":{"self":[{"href":"http:\/\/skalickyobzor.sk\/cms\/wp-json\/wp\/v2\/posts\/1352","targetHints":{"allow":["GET"]}}],"collection":[{"href":"http:\/\/skalickyobzor.sk\/cms\/wp-json\/wp\/v2\/posts"}],"about":[{"href":"http:\/\/skalickyobzor.sk\/cms\/wp-json\/wp\/v2\/types\/post"}],"author":[{"embeddable":true,"href":"http:\/\/skalickyobzor.sk\/cms\/wp-json\/wp\/v2\/users\/2"}],"replies":[{"embeddable":true,"href":"http:\/\/skalickyobzor.sk\/cms\/wp-json\/wp\/v2\/comments?post=1352"}],"version-history":[{"count":1,"href":"http:\/\/skalickyobzor.sk\/cms\/wp-json\/wp\/v2\/posts\/1352\/revisions"}],"predecessor-version":[{"id":1353,"href":"http:\/\/skalickyobzor.sk\/cms\/wp-json\/wp\/v2\/posts\/1352\/revisions\/1353"}],"wp:featuredmedia":[{"embeddable":true,"href":"http:\/\/skalickyobzor.sk\/cms\/wp-json\/wp\/v2\/media\/241"}],"wp:attachment":[{"href":"http:\/\/skalickyobzor.sk\/cms\/wp-json\/wp\/v2\/media?parent=1352"}],"wp:term":[{"taxonomy":"category","embeddable":true,"href":"http:\/\/skalickyobzor.sk\/cms\/wp-json\/wp\/v2\/categories?post=1352"},{"taxonomy":"post_tag","embeddable":true,"href":"http:\/\/skalickyobzor.sk\/cms\/wp-json\/wp\/v2\/tags?post=1352"}],"curies":[{"name":"wp","href":"https:\/\/api.w.org\/{rel}","templated":true}]}}