{"id":1356,"date":"2018-10-28T09:15:24","date_gmt":"2018-10-28T08:15:24","guid":{"rendered":"http:\/\/skalickyobzor.sk\/cms\/?p=1356"},"modified":"2018-10-28T09:15:03","modified_gmt":"2018-10-28T08:15:03","slug":"pavel-blaho-clovek-na-zaciatku-rodu","status":"publish","type":"post","link":"http:\/\/skalickyobzor.sk\/cms\/pavel-blaho-clovek-na-zaciatku-rodu\/","title":{"rendered":"Pavel Blaho &#8211; \u010clovek na za\u010diatku rodu"},"content":{"rendered":"<p><em><strong>Dr. Pavel Blaho patr\u00ed k\u00a0ve\u013ek\u00fdm postav\u00e1m skalickej a\u00a0svojim sp\u00f4sobom i\u00a0slovenskej hist\u00f3rie. Bol jej ve\u013emi \u010dasto v\u00a0d\u00f4le\u017eit\u00fdch chv\u00ed\u013each priamo na dotyk. Pri odha\u013eovan\u00ed jeho pomn\u00edka v\u00a0roku 1937 vtedaj\u0161\u00ed premi\u00e9r \u010deskoslovenskej vl\u00e1dy Milan Hod\u017ea zd\u00f4raznil, \u017ee pr\u00e1ve Skali\u010dan Dr. Blaho \u201ebol \u0161\u0165as<\/strong><strong>tn\u00fdm prv\u00fdm, ktor\u00fd na z\u00e1klade novej \u0161t\u00e1tnosti na \u00fazem\u00ed Skalice vyhl\u00e1sil suverenitu \u010ceskoslovenskej republiky\u201c. Pavel Blaho nesporne tie\u017e stoj\u00ed na po\u010diatku jedn\u00e9ho z\u00a0v\u00fdznamn\u00fdch rodov, tentokr\u00e1t predov\u0161etk\u00fdm so silnou hudobnou trad\u00edciou a\u00a0v\u00fdrazn\u00fdmi \u00faspechmi v\u00a0tomto smere. Rozhovor s\u00a0jeho vnu\u010dkou Helenou Jurasovovou-Blahovou (1933), tane\u010dnou pedagogi\u010dkou a\u00a0dlhoro\u010dnou riadite\u013ekou a\u00a0choreografkou detsk\u00e9ho folkl\u00f3rneho s\u00faboru Vienok, sa odohral v\u00a0skalickej b\u00fade Dr. Pavla Blahu, ktor\u00fa pre neho navrhol\u00a0<\/strong><strong>nestor slovenskej architekt\u00fary Du\u0161an Jurkovi\u010d.<\/strong><\/em><\/p>\n<p><strong>Vy sama ste \u017eili a\u00a0\u017eijete ve\u013emi akt\u00edvny a\u00a0tvoriv\u00fd \u017eivot, nemus\u00edte sa teda vyhrieva\u0165 v\u00a0sl\u00e1ve svojho pr\u00edbuzenstva. Faktom v\u0161ak je, \u017ee ste s\u00fa\u010das\u0165ou ve\u013emi v\u00fdznamn\u00e9ho rodu Slovenska a\u00a0slovenskej hist\u00f3rie. Otec prv\u00fd slovensk\u00fd opern\u00fd spev\u00e1k, matka prv\u00e1 slovensk\u00e1 opern\u00e1 profesion\u00e1lna umelky\u0148a, obaja n\u00e1rodn\u00ed umelci. Star\u00fd otec poslanec uhorsk\u00e9ho snemu, filantrop, lek\u00e1r, publicista, osvet\u00e1r, politik, no predov\u0161etk\u00fdm hrd\u00fd n\u00e1rodn\u00fd budite\u013e. Ako to ovplyvnilo Va\u0161e povedomie a\u00a0\u017eivot?<\/strong><br \/>\nToto v\u0161etko, \u010do ste vymenovali, vn\u00fatorne ve\u013emi ovplyvnilo m\u0148a a\u00a0t\u00fdm i\u00a0cel\u00fd m\u00f4j \u017eivot. Som na tento rod py\u0161n\u00e1.<\/p>\n<p><strong>Narodili ste sa nieko\u013eko rokov po smrti svojho star\u00e9ho otca. Pam\u00e4t\u00e1te si v\u0161ak dobre svoju starenku. Rozpr\u00e1vala V\u00e1m ona niekedy o\u00a0starom otcovi Pavlovi Blahovi ako o\u00a0man\u017eelovi a\u00a0hlave rodiny?<\/strong><br \/>\nPr\u00e1ve starenka mi o\u00a0na\u0161ej rodine a\u00a0rode rozpr\u00e1vala najviac. Pavel Blaho mal mnoho aktiv\u00edt, tak\u017ee nebol st\u00e1le doma. Mali troch synov a\u00a0starenka bola st\u00e1le sama, \u010dakala na neho a\u00a0vychov\u00e1vala deti sama. Stare\u010dek nemal ve\u013ea pe\u0148az\u00ed, ale pritom st\u00e1le niekoho hostil, poz\u00fdval zauj\u00edmav\u00fdch \u013eud\u00ed. Av\u0161ak napokon sa starenka o\u00a0nich musela postara\u0165. B\u00fdvala v\u00a0dome, v\u00a0ktorom som pre\u017eila detstvo. V\u00a0zime v\u0161ak b\u00fdvali v\u00a0dome, kde je dnes Z\u00e1horsk\u00e9 m\u00fazeum a\u00a0na Vianoce ma tam u\u010dila koledy. Bola tam ordin\u00e1cia, byt, kuchy\u0148a, b\u00fdvala tam Nely n\u00e9ny, a\u00a0obchod s\u00a0potravinami Sloboda.<\/p>\n<p><strong>Viete ako sa star\u00fd otec so\u00a0sta-renkou zozn\u00e1mili? Z\u00a0akej rodiny ona poch\u00e1dzala? By\u0165 \u017eivotnou partnerkou tak v\u00fdraznej verejnej osobnosti nebolo ur\u010dite v\u00f4bec \u013eahk\u00e9.<\/strong><br \/>\nPrastare\u010dek b\u00fdval v\u00a0Poto\u010dnej ulici a\u00a0ved\u013ea nich b\u00fdvali Ok\u00e1nikovci, teda aj starenka. Pavel Blaho bol star\u0161\u00ed a\u00a0\u0161tudoval medic\u00ednu, ke\u010f starenka, ktor\u00e1 vtedy mala e\u0161te len sedemn\u00e1s\u0165 rokov, ochorela a\u00a0i\u0161la za n\u00edm po pomoc. No, a\u00a0tak sa to medzi nimi za\u010dalo.<\/p>\n<figure id=\"attachment_1433\" aria-describedby=\"caption-attachment-1433\" style=\"width: 397px\" class=\"wp-caption aligncenter\"><img loading=\"lazy\" decoding=\"async\" class=\"size-full wp-image-1433\" src=\"http:\/\/skalickyobzor.sk\/cms\/wp-content\/uploads\/2018\/10\/blaho1.jpg\" alt=\"\" width=\"397\" height=\"594\" srcset=\"http:\/\/skalickyobzor.sk\/cms\/wp-content\/uploads\/2018\/10\/blaho1.jpg 397w, http:\/\/skalickyobzor.sk\/cms\/wp-content\/uploads\/2018\/10\/blaho1-201x300.jpg 201w\" sizes=\"auto, (max-width: 397px) 100vw, 397px\" \/><figcaption id=\"caption-attachment-1433\" class=\"wp-caption-text\">Foto: J\u00e1n Pardubsk\u00fd<br \/>Helena Jurasovov\u00e1, vnu\u010dka Pavla Blahu<\/figcaption><\/figure>\n<p><strong>Pavel Blaho mal dev\u00e4\u0165 s\u00farodencov, z\u00a0ktor\u00fdch v\u0161ak pre\u017eil len on a\u00a0sestra Anna. Mama skoro zomrela a\u00a0otec ich vychov\u00e1val s\u00e1m.<\/strong><br \/>\nDr. Pavel Blaho ve\u013emi miloval svoju matku. T\u00e1 bola roden\u00e1 Belayov\u00e1. Po nej zdedil spev\u00e1cky talent. Vlastne, priniesla do rodu hudobn\u00e9 g\u00e9ny, ktor\u00e9 sa bohato rozmno\u017eili. U\u017e ona chodila po svadb\u00e1ch spieva\u0165. Zomrela pomerne mlad\u00e1 a\u00a0Pavel za \u0148ou ve\u013emi sm\u00fatil. Sved\u010dia o\u00a0tom aj listy v\u00a0knihe \u0160tefana Jan\u0161\u00e1ka \u017divot Dr. Pavla Blahu.<\/p>\n<p><strong>M\u00e1te so svojim star\u00fdm otcom spojen\u00e9 priamo nejak\u00e9 miesta, predmety, zmienky?<\/strong><br \/>\nJedno z\u00a0tak\u00fdch miest je krb priamo tu v\u00a0b\u00fade. M\u00f4j tata Janko Blaho mi raz hovoril: \u201eN\u00e1\u0161 tata, teda stare\u010dek, bol v\u00a0prvom rade politik. Na n\u00e1s nemal \u010das, n\u00e1s vychov\u00e1vala maminka Gizinka. Ale zobral n\u00e1s troch bratov sem do b\u00fady na nieko\u013eko t\u00fd\u017ed\u0148ov, varil n\u00e1m na tomto starom krbe, ktor\u00fd je tak \u00fa\u017easn\u00fd, \u017ee sa v\u00a0\u0148om d\u00e1 aj \u00fadi\u0165 m\u00e4so alebo klob\u00e1sy. Dokonca tu dok\u00e1zal pre n\u00e1s uvari\u0165 trnkov\u00e9 gule.\u201c V\u017edy, ke\u010f na\u0148 pozriem, tak si na to zmysl\u00edm.<\/p>\n<p><strong>Vlastn\u00edte niektor\u00e9 z\u00a0osobn\u00fdch vec\u00ed Pavla Blahu?<\/strong><br \/>\nT\u00e1to b\u00fada, v\u00a0\u010dasti Zlo\u010fejovce, bola pravdepodobne postaven\u00e1, pod\u013ea letopo\u010dtu n\u00e1jden\u00e9ho na pre\u0161i, v\u00a0roku 1864. Mnoho z\u00a0toho, \u010do tu teraz je \u2013 stoli\u010dky, lavica, mnoh\u00e9 zo zariadenia \u2013 si pam\u00e4t\u00e1 Pavla Blahu i\u00a0rad osobnost\u00ed, ktor\u00e9 ho nav\u0161tevovali. Je tu aj zna\u010dkova\u010d, ktor\u00fdm si vypa\u013eoval na sudy svoje meno. Horn\u00fa \u010das\u0165 b\u00fady postavil Du\u0161an Jurkovi\u010d a\u017e v\u00a0roku 1905, tak ako dne\u0161n\u00fd kult\u00farny dom. P\u00f4vodn\u00e9 s\u00fa tu aj ma\u013eby na sten\u00e1ch. Ma\u013eovala ich maliarka M\u00e1ria Ma\u017earov\u00e1 z\u00a0Moravy. M\u00f4j otec Janko Blaho spom\u00ednal, \u017ee ke\u010f ma\u013eovala na rebr\u00edku, tak jej pozeral pod sukne. Mal vtedy \u0161tyri roky.<\/p>\n<figure id=\"attachment_1434\" aria-describedby=\"caption-attachment-1434\" style=\"width: 655px\" class=\"wp-caption aligncenter\"><img loading=\"lazy\" decoding=\"async\" class=\"size-full wp-image-1434\" src=\"http:\/\/skalickyobzor.sk\/cms\/wp-content\/uploads\/2018\/10\/blaho2.jpg\" alt=\"\" width=\"655\" height=\"483\" srcset=\"http:\/\/skalickyobzor.sk\/cms\/wp-content\/uploads\/2018\/10\/blaho2.jpg 655w, http:\/\/skalickyobzor.sk\/cms\/wp-content\/uploads\/2018\/10\/blaho2-300x221.jpg 300w, http:\/\/skalickyobzor.sk\/cms\/wp-content\/uploads\/2018\/10\/blaho2-80x60.jpg 80w\" sizes=\"auto, (max-width: 655px) 100vw, 655px\" \/><figcaption id=\"caption-attachment-1434\" class=\"wp-caption-text\">Foto: J\u00e1n Pardubsk\u00fd<\/figcaption><\/figure>\n<p><strong>Mal Pavel Blaho aj nejak\u00e9 hobby? Bol napr\u00edklad \u0161portovcom, zberate\u013eom, tvorcom?<\/strong><br \/>\nJeho ve\u013ekou l\u00e1skou bola z\u00e1hrada. Vlastne, bol svojim sp\u00f4sobom zberate\u013e, lebo jeho z\u00e1hrada bola pln\u00e1 vz\u00e1cnych odr\u00f4d ru\u017e\u00ed. Bol n\u00e1ru\u017eiv\u00fd pestovate\u013e a\u00a0dokonca priviezol z\u00a0Ameriky magn\u00f3liu. S\u00a0jeho z\u00e1hradou s\u00favis\u00ed aj jedna pam\u00e4tn\u00e1 pr\u00edhoda: Moja matka bola polovi\u010dn\u00e1 Ma\u010farka a\u00a0polovi\u010dn\u00e1 Morav\u00e1\u010dka z\u00a0mlyn\u00e1rskej rodiny z\u00a0malej dediny od Moravsk\u00fdch Bud\u011bjov\u00edc. Ako dev\u00e4tn\u00e1s\u0165ro\u010dn\u00fa ju Oskar Nedbal prijal do N\u00e1rodn\u00e9ho divadla, ako s\u00f3listku spev\u00e1\u010dku. M\u00f4jho otca Janka Blahu stretla pri pr\u00e1ci. Okolo\u00a0roku 1926 sa pri\u0161la predstavi\u0165 do Skalice a,\u00a0teda, aj do blahovskej z\u00e1hrady. Dr. Pavel Blaho, ktor\u00fd ju priv\u00edtal, zhodnotil, \u017ee je to t\u00e1 prav\u00e1 a\u00a0odstrihol pre \u0148u t\u00fa najkraj\u0161iu a\u00a0najvz\u00e1cnej\u0161iu ru\u017eu, \u010do nikdy pre nikoho neurobil. T\u00fdm gestom ju prijal. Mal v\u0161ak aj ve\u013ek\u00fa zbierku miestnej starej keramiky, ktor\u00e1 vznikla tak, \u017ee mu \u0148ou platili chudobn\u00ed sedliaci za lie\u010dbu. Dnes je tento s\u00fabor v\u00a0skalickom m\u00fazeu.<\/p>\n<p><strong>K\u00a0okruhu priate\u013eov V\u00e1\u0161ho star\u00e9ho otca i\u00a0V\u00e1\u0161ho otca patrilo mnoho zn\u00e1mych a\u00a0v\u00fdznamn\u00fdch osobnost\u00ed. Spom\u00ednate si osobne na niektor\u00e9 z\u00a0nich?<\/strong><br \/>\nDr. \u013dudov\u00edt Ok\u00e1nik bol rodina a\u00a0spom\u00ednam si, \u017ee som bola aj na jeho pohrebe. Ivan D\u00e9rer bol n\u00e1\u0161 sused. K\u00a0stare\u010dkov\u00fdm priate\u013eom patrili M. Hod\u017ea, Adolf Heyduk, Leo\u0161 Jan\u00e1\u010dek, Arno\u0161t Frolka, Jo\u017ea \u00daprka, Cyril Mandel, P. O. Hviezdoslav, ktor\u00fd je odfoten\u00fd aj so starenkou Blahovou, \u0160tef\u00e1nek. Osobne som poznala Du\u0161ana Jurkovi\u010da, s\u00a0ktor\u00fdm sme v\u00a0Bratislave b\u00fdvali na jednej ulici. Jeho \u017eena Bo\u017eenka ma u\u010dila vy\u0161\u00edva\u0165. V\u00a0Skalici som chodila k\u00a0Jurkovi\u010dov\u00fdm sestr\u00e1m, ktor\u00e9 b\u00fdvali na rohu a\u00a0kde sa tie\u017e stret\u00e1valo mnoho osobnost\u00ed. Dnes je ten dom u\u017e zb\u00faran\u00fd, ale spom\u00ednam si ako bol pln\u00fd v\u00fd\u0161iviek. Priate\u013emi Pavla Blahu v\u0161ak bolo mnoho oby\u010dajn\u00fdch \u013eud\u00ed, z\u00a0ktor\u00fdch mnoh\u00fdch lie\u010dil a\u00a0spolu s\u00a0Gizinkou boli krstn\u00fdmi rodi\u010dmi vy\u0161e tridsiatim de\u0165om. Medzi nimi bol aj Ba\u0165ov najstar\u0161\u00ed syn.<\/p>\n<figure id=\"attachment_1435\" aria-describedby=\"caption-attachment-1435\" style=\"width: 655px\" class=\"wp-caption aligncenter\"><img loading=\"lazy\" decoding=\"async\" class=\"size-full wp-image-1435\" src=\"http:\/\/skalickyobzor.sk\/cms\/wp-content\/uploads\/2018\/10\/blaho3.jpg\" alt=\"\" width=\"655\" height=\"437\" srcset=\"http:\/\/skalickyobzor.sk\/cms\/wp-content\/uploads\/2018\/10\/blaho3.jpg 655w, http:\/\/skalickyobzor.sk\/cms\/wp-content\/uploads\/2018\/10\/blaho3-300x200.jpg 300w\" sizes=\"auto, (max-width: 655px) 100vw, 655px\" \/><figcaption id=\"caption-attachment-1435\" class=\"wp-caption-text\">Foto: J\u00e1n Pardubsk\u00fd<\/figcaption><\/figure>\n<p><strong>N\u00e1jdeme ve\u013emi mnoho inform\u00e1ci\u00ed o\u00a0pr\u00e1ci a\u00a0odkaze Pavla Blaha, ale relat\u00edvne ve\u013emi m\u00e1lo o\u00a0\u0148om vieme ako o\u00a0\u010dloveku. Zomrel ve\u013emi mlad\u00fd. \u010co bolo pr\u00ed\u010dinou prudkej zmeny jeho zdravotn\u00e9ho stavu?<\/strong><br \/>\n\u0160rob\u00e1r st\u00e1l pri\u00a0jeho smrte\u013enej posteli a\u00a0ke\u010f sa ho p\u00fdtal ako sa c\u00edti, Pavol Blaho odpovedal: \u201eAko nah\u00fd v\u00a0t\u0155n\u00ed.\u201c V\u0161etci ho toti\u017e opustili a\u00a0jeho vern\u00fd s\u00fap\u00fatnik Ferdi\u0161 Juriga preklial jeho i\u00a0cel\u00fd n\u00e1\u0161 rod. Len kv\u00f4li tomu, \u017ee sa ich n\u00e1zory rozi\u0161li. Ten Juriga, ktor\u00fd ako far\u00e1r mal s\u00e1m p\u00e4\u0165 neman\u017eelsk\u00fdch det\u00ed. Aj ke\u010f sa mu vraj nesk\u00f4r, po smrti, ospravedlnil,\u00a0teda ja u\u017e asi prekliata nie som. Bolo to neust\u00e1le nap\u00e1danie Jurigom, ktor\u00fd dokonca dal Pavla Blahu na s\u00fad, \u017ee sa obohatil na \u00fakor \u0161t\u00e1tu. S\u00fad Dr. Blahu s\u00edce zbavil obvinenia, ale mnoho vec\u00ed sa u\u017e nevr\u00e1tilo. V\u0161etko sa podp\u00edsalo aj na jeho zdrav\u00ed a\u00a0psychickej odolnosti. Okrem toho, napriek tomu, \u017ee bol lek\u00e1r, na seba nemal \u010das a\u00a0diagnostikovanie v\u00e1\u017enej choroby pri\u0161lo pr\u00edli\u0161 neskoro. K\u00a0tomu aj doba, ktor\u00e1 e\u0161te nemala dne\u0161n\u00e9 medic\u00ednske mo\u017enosti.<\/p>\n<p><strong>Dr. Pavol Blaho bol p\u00f4vodcom i\u00a0realiz\u00e1torom katol\u00edckeho Spolkov\u00e9ho domu. Vraj do Spolku s\u00e1m ve\u013ea investoval a\u00a0po jeho smrti rodina tento dom spl\u00e1cala.<\/strong><br \/>\nJurkovi\u010d bol pozvan\u00fd do Skalice, aby navrhol Spolkov\u00fd dom, ale bol za to platen\u00fd. Star\u00fd otec do toho asi vlo\u017eil mnoho svojich pe\u0148az\u00ed a\u00a0po jeho smrti\u00a0boli r\u00f4zne nezrovnalosti, o\u00a0ktor\u00fdch vedela u\u017e iba starenka Gizinka.<\/p>\n<p><strong>V\u00e1\u0161 star\u00fd otec bol aj inici\u00e1torom gazdinskej \u0161koly. S\u00fa\u010das\u0165ou nov\u00e9ho \u0161kolsk\u00e9ho are\u00e1lu bol aj z\u00e1hradn\u00fd park, kde stoj\u00ed jeho bronzov\u00e1 socha. Nie je ve\u013ea star\u00fdch otcov, ktor\u00ed maj\u00fa sochu. Chodievate ho pozdravi\u0165 a\u00a0pozrie\u0165 sa mu do o\u010d\u00ed, k\u00a0\u010domu ste vlastne inak nikdy nemali pr\u00edle\u017eitos\u0165?<\/strong><br \/>\nNed\u00e1vno sa objavil film, na ktorom je zachyten\u00e9 odhalenie sochy Dr. Pavla Blahu. Ja som v \u0148om sn\u00e1\u010f jedin\u00e1 \u017eij\u00faca. Som tam \u0161tvorro\u010dn\u00e1 s\u00a0ve\u013ekou ma\u0161\u013eou. Ja si to osobne nepam\u00e4t\u00e1m, ale teraz vid\u00edm ako tam sed\u00ed moja maminka Helenka, starenka, Neli n\u00e9ny, otec Janko Blaho, str\u00fdc Pavel Blaho,&#8230; Neviem, \u010do by som mu povedala, ale ur\u010dite by som mu zaspievala t\u00fa jeho ob\u013e\u00faben\u00fa Hrach sa mi neuro\u010fil, len sam\u00e9 lopate\u010dki &#8230;<\/p>\n<figure id=\"attachment_1436\" aria-describedby=\"caption-attachment-1436\" style=\"width: 655px\" class=\"wp-caption aligncenter\"><img loading=\"lazy\" decoding=\"async\" class=\"size-full wp-image-1436\" src=\"http:\/\/skalickyobzor.sk\/cms\/wp-content\/uploads\/2018\/10\/blaho4.jpg\" alt=\"\" width=\"655\" height=\"437\" srcset=\"http:\/\/skalickyobzor.sk\/cms\/wp-content\/uploads\/2018\/10\/blaho4.jpg 655w, http:\/\/skalickyobzor.sk\/cms\/wp-content\/uploads\/2018\/10\/blaho4-300x200.jpg 300w\" sizes=\"auto, (max-width: 655px) 100vw, 655px\" \/><figcaption id=\"caption-attachment-1436\" class=\"wp-caption-text\">Foto: J\u00e1n Pardubsk\u00fd<\/figcaption><\/figure>\n<p><strong>Bol lek\u00e1r, politik, novin\u00e1r, poslanec, Slov\u00e1k \u2013 budite\u013e n\u00e1roda, \u010cechoslov\u00e1k, budovate\u013e spolkov a\u00a0dru\u017estiev, agr\u00e1rnick\u00fd poslanec, otec, man\u017eel. \u010c\u00edm bol v\u0161ak v\u00a0prvom rade?<\/strong><br \/>\nLek\u00e1rom bol predov\u0161etk\u00fdm v\u00a0Luha\u010doviciach, lebo v\u00a0Skalici \u013eudia peniaze nemali a\u00a0tak \u010dasto lie\u010dil zadarmo. Dr. Pavol Blaho nebol v\u00a0skuto\u010dnosti asi ve\u013emi dobr\u00fd politik, preto\u017ee nebol radik\u00e1l a\u00a0bol hlavne \u010dlovek. St\u00e1le bojoval za \u013eud\u00ed a\u00a0n\u00e1rod. Posielal dokonca chlapcov na \u0161t\u00fadi\u00e1. Mimochodom, pri tom, ko\u013eko robil pre Skalicu a\u00a0Skali\u010danov, je hanba, \u017ee sa nestal poslancom Uhorsk\u00e9ho snemu za Skalicu, ale za Moravsk\u00fd Sv\u00e4t\u00fd J\u00e1n. No, v\u00a0prvom rade, \u010d\u00edm prevy\u0161oval ostatn\u00fdch \u2013 bol vynikaj\u00faci spev\u00e1k. Pavel Blaho dok\u00e1zal \u013eud\u00ed svojim spevom neuverite\u013ene up\u00fata\u0165. Pr\u00e1ve on naspieval pesni\u010dky m\u00f4jmu tatovi a\u00a0podnietil vznik sl\u00e1vneho z\u00e1hor\u00e1ckeho spevn\u00edka Dr. Janka Blahu. V\u00a0s\u00fa\u010dasnosti sa predov\u0161etk\u00fdm v\u010faka iniciat\u00edve hudobn\u00e9ho skladate\u013ea Vladim\u00edra God\u00e1ra pripravuje jeho reed\u00edcia, na ktorej pracuje muzikol\u00f3g Peter Michalovi\u010d.<\/p>\n<p><strong>Ak\u00fd je V\u00e1\u0161 vz\u0165ah ku Skalici dnes? Je st\u00e1le miestom V\u00e1\u0161ho detstva?<\/strong><br \/>\nPri rozvode mojich rodi\u010dov si tata, ako pr\u00e1vnik, dal podmienku, \u017ee ka\u017ed\u00e9 pr\u00e1zdniny str\u00e1vim cel\u00e9 v\u00a0Skalici a\u00a0cez vojnu som tu chodila jeden rok aj do \u0161koly. T\u00fdm som sa stala nav\u017edy polovi\u010dnou Skali\u010dankou. Skalica je v\u0161ak miestom nielen m\u00f4jho detstva. Moj\u00edm ve\u013ek\u00fdm kamar\u00e1tom bol zn\u00e1my Ferenc Buchta, ktor\u00fd bol aj mojim neocenite\u013en\u00fdm inform\u00e1torom o\u00a0miestnom folkl\u00f3re. On a\u00a0jeho syn Ludva Buchta mi ukazovali tance, chodila som s\u00a0nimi po svadb\u00e1ch a\u00a0na tom z\u00e1klade sa rodila moja diplomov\u00e1 pr\u00e1ca.<\/p>\n<p><strong>Chodievate do Skalice aj\u00a0mimo ofici\u00e1lnych pr\u00edle\u017eitost\u00ed? M\u00e1te tu st\u00e1le star\u00fdch priate\u013eov?<\/strong><br \/>\nNa\u0161a rodina m\u00e1 ku Skalici ve\u013emi pozit\u00edvny vz\u0165ah, no Skalica k\u00a0n\u00e1m a\u017e tak\u00fd nie. Chodievam sem ve\u013emi \u010dasto a\u00a0d\u00e1va mi to silu. Sta\u010d\u00ed mi poh\u013ead na vinohrady, pr\u00edrodu, kostol. S\u00a0tatom sme v\u00a0detstve chodili \u010dasto na hrob Pavla Blahu.<\/p>\n<p><strong>Mala som na z\u00e1ver pripraven\u00fa ot\u00e1zku, \u010di e\u0161te st\u00e1le dok\u00e1\u017eete rozpr\u00e1va\u0165 po skalicky a\u00a0\u010di e\u0161te st\u00e1le na\u0161e n\u00e1re\u010die pou\u017e\u00edvate. Teraz u\u017e je vlastne zbyto\u010dn\u00e1, preto\u017ee v\u00a0skali\u010dtine napokon prebehol cel\u00fd tento rozhovor.<\/strong><br \/>\nKe\u010f v\u00a0Skalici vyst\u00fapim z\u00a0vlaku alebo auta, tak automaticky prep\u00ednam do n\u00e1re\u010dia. Aj v\u00a0obchode alebo, ke\u010f sa prihov\u00e1ram mlad\u00fdm. Av\u0161ak hlavne s\u00a0mojimi bl\u00edzkymi, s\u00a0ktor\u00fdmi by som po slovensky ani nemohla \u2013 ako Alenkou Starou, ktor\u00fa tie\u017e opravujem, aby hovorila po skalicky spr\u00e1vne, na\u0161\u00edm n\u00e1re\u010d\u00edm rozpr\u00e1vam s\u00a0Petrom Michalovi\u010dom aj celou rodinou Kleiblovou. Ve\u013ea priate\u013eov m\u00e1m v\u00a0spolo\u010dnosti Slov\u00e1ck\u00fd kr\u00fa\u017eek a\u00a0Skali\u010dan\u00e9 v\u00a0Bratislave a\u00a0ja si ve\u013emi pova\u017eujem, \u017ee ma ber\u00fa tak, ako keby som bola roden\u00e1 Skali\u010danka. A\u00a0ja sa tak aj c\u00edtim.<\/p>\n","protected":false},"excerpt":{"rendered":"<div class=\"mh-excerpt\"><p>Dr. Pavel Blaho patr\u00ed k\u00a0ve\u013ek\u00fdm postav\u00e1m skalickej a\u00a0svojim sp\u00f4sobom i\u00a0slovenskej hist\u00f3rie. Bol jej ve\u013emi \u010dasto v\u00a0d\u00f4le\u017eit\u00fdch chv\u00ed\u013each priamo na dotyk. Pri odha\u013eovan\u00ed jeho pomn\u00edka v\u00a0roku 1937 vtedaj\u0161\u00ed premi\u00e9r \u010deskoslovenskej vl\u00e1dy Milan Hod\u017ea zd\u00f4raznil, \u017ee pr\u00e1ve <a class=\"mh-excerpt-more\" href=\"http:\/\/skalickyobzor.sk\/cms\/pavel-blaho-clovek-na-zaciatku-rodu\/\" title=\"Pavel Blaho &#8211; \u010clovek na za\u010diatku rodu\">[&#8230;]<\/a><\/p>\n<\/div>","protected":false},"author":2,"featured_media":1432,"comment_status":"closed","ping_status":"closed","sticky":false,"template":"","format":"standard","meta":{"footnotes":""},"categories":[2],"tags":[],"class_list":{"0":"post-1356","1":"post","2":"type-post","3":"status-publish","4":"format-standard","5":"has-post-thumbnail","7":"category-hlavna-tema"},"_links":{"self":[{"href":"http:\/\/skalickyobzor.sk\/cms\/wp-json\/wp\/v2\/posts\/1356","targetHints":{"allow":["GET"]}}],"collection":[{"href":"http:\/\/skalickyobzor.sk\/cms\/wp-json\/wp\/v2\/posts"}],"about":[{"href":"http:\/\/skalickyobzor.sk\/cms\/wp-json\/wp\/v2\/types\/post"}],"author":[{"embeddable":true,"href":"http:\/\/skalickyobzor.sk\/cms\/wp-json\/wp\/v2\/users\/2"}],"replies":[{"embeddable":true,"href":"http:\/\/skalickyobzor.sk\/cms\/wp-json\/wp\/v2\/comments?post=1356"}],"version-history":[{"count":6,"href":"http:\/\/skalickyobzor.sk\/cms\/wp-json\/wp\/v2\/posts\/1356\/revisions"}],"predecessor-version":[{"id":1437,"href":"http:\/\/skalickyobzor.sk\/cms\/wp-json\/wp\/v2\/posts\/1356\/revisions\/1437"}],"wp:featuredmedia":[{"embeddable":true,"href":"http:\/\/skalickyobzor.sk\/cms\/wp-json\/wp\/v2\/media\/1432"}],"wp:attachment":[{"href":"http:\/\/skalickyobzor.sk\/cms\/wp-json\/wp\/v2\/media?parent=1356"}],"wp:term":[{"taxonomy":"category","embeddable":true,"href":"http:\/\/skalickyobzor.sk\/cms\/wp-json\/wp\/v2\/categories?post=1356"},{"taxonomy":"post_tag","embeddable":true,"href":"http:\/\/skalickyobzor.sk\/cms\/wp-json\/wp\/v2\/tags?post=1356"}],"curies":[{"name":"wp","href":"https:\/\/api.w.org\/{rel}","templated":true}]}}