{"id":1362,"date":"2018-10-28T09:08:11","date_gmt":"2018-10-28T08:08:11","guid":{"rendered":"http:\/\/skalickyobzor.sk\/cms\/?p=1362"},"modified":"2020-11-24T16:28:28","modified_gmt":"2020-11-24T15:28:28","slug":"skalicke-ulice-vajanskeho","status":"publish","type":"post","link":"http:\/\/skalickyobzor.sk\/cms\/skalicke-ulice-vajanskeho\/","title":{"rendered":"Skalick\u00e9 ulice &#8211; Vajansk\u00e9ho"},"content":{"rendered":"<p>Svetoz\u00e1r Hurban Vajansk\u00fd (16. 1. 1847, Hlbok\u00e9 \u2013 17. 8. 1916, Martin) po absolvovan\u00ed pr\u00e1vnick\u00fdch \u0161t\u00fadi\u00ed a\u00a0skon\u010den\u00ed advok\u00e1tskej praxe u\u00a0Dr. Michala Mudro\u0148a v\u00a0Bratis-<br \/>\nlave sa rozhodol od\u00eds\u0165 do Skalice. Pril\u00e1kala ho \u0161karniclovsk\u00e1 kn\u00edhtla\u010diare\u0148 i\u00a0fakt, \u017ee v\u00a0Skalici b\u00fdval jeho kmotor a\u00a0priate\u013e jeho otca Daniel Lichard. Po pr\u00edchode do Skalice v\u00a0novembri 1874 a\u00a0po zriaden\u00ed si advok\u00e1tskej kancel\u00e1rie vst\u00fapil hne\u010f do \u010ditate\u013esk\u00e9ho spolku, ktor\u00fd s\u00eddlil vo zvl\u00e1\u0161tnej miestnosti dne\u0161n\u00e9ho hotela Tatran. Jeho predsedom bol evanjelick\u00fd far\u00e1r Michal Boor, tajomn\u00edkom u\u010dite\u013e Michal Trsl\u00edn a\u00a0pokladn\u00edkom M\u00f3ric Dinka.<\/p>\n<p>Po kr\u00e1tkom \u010dase sa Vajansk\u00fd pres\u0165ahoval z\u00a0domu rodiny Tyr\u0161elovcov v\u00a0Poto\u010dnej ulici do domu Pr\u00edkazsk\u00fdch v\u00a0tej istej ulici. Medzit\u00fdm sa o\u017eenil s\u00a0Idou Dobrovi\u010dovou z\u00a0Bratislavy, zn\u00e1mou \u0160tef\u00e1nie Vrchovskej zo Skalice. K\u00a0nej potom \u010dasto chodievali man\u017eelia Hurbanovci na n\u00e1v\u0161tevu do vysok\u00e9ho starobyl\u00e9ho domu Vrchovsk\u00fdch na Horn\u00fdch majeroch, ktor\u00fd sa p\u00fd\u0161il pridru\u017een\u00fdm prv\u00fdm tov\u00e1rensk\u00fdm kom\u00ednom s\u00fakenn\u00edckej manufakt\u00fary, zn\u00e1mej v\u00a0celom Uhorsku. Takmer denne vozievali do jeho ute\u0161enej z\u00e1hrady na detskom ko\u010d\u00edku svoju dc\u00e9rku Vierku, ktor\u00e1 sa narodila v\u00a0Skalici 23. j\u00fana 1876. Jej kmotrami boli man\u017eelia Mitt\u00e1kovci. Vajansk\u00fd r\u00e1d chodieval do ich b\u00fady v\u00a0\u201eluter\u00e1nskej \u0161tvrti\u201c vo Vysokom poli.<\/p>\n<p>Trojro\u010dn\u00fd pobyt Vajansk\u00e9ho v\u00a0Skalici, kde mu vy\u0161iel fra\u0161kovit\u00fd \u201eobr\u00e1zok z\u00a0na\u0161ich \u010dias\u201c Duchovia sudov s\u00a0\u00fachvatn\u00fdm opisom cesty cez Predmestie do vinohradov a\u00a0aj preklad zbierky nemeck\u00e9ho b\u00e1snika J. V. Scheffela \u017dalmy z\u00a0h\u00f4r, zanechal hlbok\u00e9 stopy v\u00a0jeho tvorbe. Vajansk\u00fd toti\u017e na z\u00e1klade \u017eivotn\u00fdch sk\u00fasenost\u00ed, z\u00edskan\u00fdch v\u00a0Skalici, ako i\u00a0pod vplyvom spomienok na spolo\u010densk\u00fd \u017eivot v\u00a0Senici, Brezovej, Turej L\u00fake, Jablonici, na Myjave at\u010f., umiestnil dej v\u00e4\u010d\u0161iny svojich pr\u00f3z na Z\u00e1horie, ako o\u00a0tom sved\u010dia Letiace tiene, Kore\u0148 a\u00a0v\u00fdhonky, Kotl\u00edn, Babie leto, Pustokvet a\u00a0pod.<br \/>\nS. H. Vajansk\u00fd odi\u0161iel zo Skalice za\u010diatkom roka 1878.<\/p>\n<p><em>Pavol Dinka <\/em><br \/>\n<em>(Spracovan\u00e9 pod\u013ea knihy: Franti\u0161ek Buchta \u2013 Skalica a\u00a0Z\u00e1horie) <\/em><\/p>\n","protected":false},"excerpt":{"rendered":"<div class=\"mh-excerpt\"><p>Svetoz\u00e1r Hurban Vajansk\u00fd (16. 1. 1847, Hlbok\u00e9 \u2013 17. 8. 1916, Martin) po absolvovan\u00ed pr\u00e1vnick\u00fdch \u0161t\u00fadi\u00ed a\u00a0skon\u010den\u00ed advok\u00e1tskej praxe u\u00a0Dr. Michala Mudro\u0148a v\u00a0Bratis- lave sa rozhodol od\u00eds\u0165 do Skalice. Pril\u00e1kala ho \u0161karniclovsk\u00e1 kn\u00edhtla\u010diare\u0148 i\u00a0fakt, \u017ee <a class=\"mh-excerpt-more\" href=\"http:\/\/skalickyobzor.sk\/cms\/skalicke-ulice-vajanskeho\/\" title=\"Skalick\u00e9 ulice &#8211; Vajansk\u00e9ho\">[&#8230;]<\/a><\/p>\n<\/div>","protected":false},"author":16,"featured_media":17,"comment_status":"closed","ping_status":"closed","sticky":false,"template":"","format":"standard","meta":{"footnotes":""},"categories":[24],"tags":[],"class_list":{"0":"post-1362","1":"post","2":"type-post","3":"status-publish","4":"format-standard","5":"has-post-thumbnail","7":"category-skalicke-ulice"},"_links":{"self":[{"href":"http:\/\/skalickyobzor.sk\/cms\/wp-json\/wp\/v2\/posts\/1362","targetHints":{"allow":["GET"]}}],"collection":[{"href":"http:\/\/skalickyobzor.sk\/cms\/wp-json\/wp\/v2\/posts"}],"about":[{"href":"http:\/\/skalickyobzor.sk\/cms\/wp-json\/wp\/v2\/types\/post"}],"author":[{"embeddable":true,"href":"http:\/\/skalickyobzor.sk\/cms\/wp-json\/wp\/v2\/users\/16"}],"replies":[{"embeddable":true,"href":"http:\/\/skalickyobzor.sk\/cms\/wp-json\/wp\/v2\/comments?post=1362"}],"version-history":[{"count":1,"href":"http:\/\/skalickyobzor.sk\/cms\/wp-json\/wp\/v2\/posts\/1362\/revisions"}],"predecessor-version":[{"id":1363,"href":"http:\/\/skalickyobzor.sk\/cms\/wp-json\/wp\/v2\/posts\/1362\/revisions\/1363"}],"wp:featuredmedia":[{"embeddable":true,"href":"http:\/\/skalickyobzor.sk\/cms\/wp-json\/wp\/v2\/media\/17"}],"wp:attachment":[{"href":"http:\/\/skalickyobzor.sk\/cms\/wp-json\/wp\/v2\/media?parent=1362"}],"wp:term":[{"taxonomy":"category","embeddable":true,"href":"http:\/\/skalickyobzor.sk\/cms\/wp-json\/wp\/v2\/categories?post=1362"},{"taxonomy":"post_tag","embeddable":true,"href":"http:\/\/skalickyobzor.sk\/cms\/wp-json\/wp\/v2\/tags?post=1362"}],"curies":[{"name":"wp","href":"https:\/\/api.w.org\/{rel}","templated":true}]}}