{"id":1365,"date":"2018-10-28T09:07:41","date_gmt":"2018-10-28T08:07:41","guid":{"rendered":"http:\/\/skalickyobzor.sk\/cms\/?p=1365"},"modified":"2018-10-28T09:13:52","modified_gmt":"2018-10-28T08:13:52","slug":"kaplnka-plna-spominek","status":"publish","type":"post","link":"http:\/\/skalickyobzor.sk\/cms\/kaplnka-plna-spominek\/","title":{"rendered":"Kaplnka pln\u00e1 spom\u00ednek"},"content":{"rendered":"<p>Na\u0161e pjekn\u00e9 mjesto Skalica je hod\u0148e naf\u0161tevovan\u00e9 turistama. Na vlast\u0148\u00ed o\u010di aj u\u0161i sem sa o\u00a0tem presvje\u010dil. R\u00e1t si z\u00e1jdu na n\u00e1mjes\u0165\u00ed do cukr\u00e1r\u0148e na zmrzlinu, de si daj\u00fa k\u00e1vu, z\u00e1kusek alebo zmrzlinu t\u00e9\u0161 turis\u0165i. Ot \u0148ich sem za\u010dul o\u00a0na\u0161em mjeste moc chv\u00e1li a\u00a0rovno kolem dokola je hod\u0148e kr\u00e1snich historick\u00edch budof. Dominant\u0148\u00ed je na n\u00e1mjes\u0165\u00ed far\u0148\u00ed kostel sv. Michala a\u00a0vedla \u0148eho je osmibok\u00e1 kaplnka sv. Anny &#8211; karner ze 14.storo\u010d\u00e1. Zaj\u00edmav\u00e9 historick\u00e9 vjeci o\u00a0n\u00ed nap\u00edsalo Z\u00e1horsk\u00e9 m\u00fazeum ve Skalick\u00e9m presi a\u00a0m\u0148e sa pred o\u010dama prem\u00edtli moje spom\u00ednky. V\u00a0kaplnce bila vibudovan\u00e1 kripta pro vzne\u0161en\u00e9 rodi, ker\u00e9 ve Skalici b\u00edvali a\u00a0nakonec v\u00a0\u0148\u00ed bili v\u00edznamn\u00ed ob\u010dan\u00e9 mjesta pochov\u00e1van\u00ed. Naposledi sa v\u00a0\u0148\u00ed pochov\u00e1valo v\u00a0roku 1930, ket tam ulo\u017eili pozostatki F.\u00a0V. Sasinka. Tento v\u00edznamn\u00ed k\u0148es sa presl\u00e1vil n\u00e9 enom v\u00a0na\u0161em mjes\u0165e, ale aj v\u00a0zahra\u0148i\u010d\u00ed.<\/p>\n<p>V\u00a0minulosti sa v\u00a0kaplnce vistavovali nebo\u0161\u0165\u00edci, ne\u0161 bili pochovan\u00ed na cinteri. Pres de\u0148 bila otevr\u00edt\u00e1, abi sa lud\u00e9 mohli u\u00a0\u0148eho pomodlit. Kaplnka m\u00e1 hrub\u00e9 s\u0165eni, mal\u00e9 ok\u00e9nka a\u00a0proto v\u00a0\u0148\u00ed bilo chladno a\u00a0nebo\u0161\u0165\u00edci bili vistave\u0148\u00ed aj dva dni. V\u00a0de\u0148 pohrebu tu urobil k\u0148es rozl\u00fa\u010dku z\u00a0neboh\u00edm. N\u00e1sled\u0148e bil v\u00a0pr\u00favo\u010fe pozostal\u00edch a\u00a0zn\u00e1mich s\u00a0kaplnki prenesen\u00ed na m\u00e1r\u00e1ch na cinter. Na kaplnku sv. Anny si ze sm\u00fatkem spom\u00ednam aj ja, lebo v\u00a0roku 1948 mi umrel otec ve vjeku 39 rok\u00fa. J\u00e1 sem mjel 10 rok\u00fa a\u00a0pamat\u00e1m si na smute\u010d\u0148\u00ed obrat s\u00a0\u0148\u00edm, ne\u0161 ho odn\u00e9sli na cinter. Skalick\u00ed muzikan\u0165i, s\u00a0ker\u00edma on hr\u00e1val na tromb\u00f3n, ho s\u00a0tejto kaplnki ze smute\u010d\u0148\u00ed hudb\u00fa viprovo\u010fili na cinter ke hrobu. Matka mi vipr\u00e1vjala, \u017ee otec onemoc\u0148el na rakovinu, a\u00a0dl\u00faho a\u00a0state\u010d\u0148e s\u00a0\u0148\u00fa bojoval. Ftedi robil ve \u0161pit\u00e1li velice dobr\u00ed operat\u00e9r dr. Strauss, otca operoval moc kr\u00e1t. No po politick\u00edch a\u00a0person\u00e1l\u0148\u00edch zmjen\u00e1ch v\u00a050-\u0165ich rokoch musel tento dobr\u00ed dochtor ze Skalice odej\u00edt z\u00a0n\u00e1bo\u017eensk\u00e9ho d\u00favodu, lebo pret oper\u00e1cijama sa i\u0161el pomodlit do kaplnki pri nemoc\u0148ici. Bila to velik\u00e1 chiba ket ode\u0161el, lebo u\u00a0lu\u010f\u00ed bil obl\u00faben\u00ed a\u00a0nemocnica tak do\u0161la o\u00a0vi\u0148ikaj\u00fac\u00edho dochtora.<br \/>\nDvere na kaplnke s\u00fa dnes zavr\u00edte, u\u017e nesl\u00fa\u017e\u00ed k\u00a0t\u00edmto potreb\u00e1m, ale neker\u00edm n\u00e1m st\u00e1le pri pohle\u010fe na \u0148u o\u017e\u00edvaj\u00fa star\u00e9 spom\u00ednki pred o\u010dama.<br \/>\nP\u00ed\u0161u enom to, co sem v\u00a0mojem \u017eivo\u0165e vi\u010fel, \u010dul a\u00a0za\u017eil.<\/p>\n<p><em>Miloslav Tom\u0161ej st.,<\/em><br \/>\n<em>Skali\u010dan \u0165elem aj du\u0161\u00fa<\/em><\/p>\n","protected":false},"excerpt":{"rendered":"<div class=\"mh-excerpt\"><p>Na\u0161e pjekn\u00e9 mjesto Skalica je hod\u0148e naf\u0161tevovan\u00e9 turistama. Na vlast\u0148\u00ed o\u010di aj u\u0161i sem sa o\u00a0tem presvje\u010dil. R\u00e1t si z\u00e1jdu na n\u00e1mjes\u0165\u00ed do cukr\u00e1r\u0148e na zmrzlinu, de si daj\u00fa k\u00e1vu, z\u00e1kusek alebo zmrzlinu t\u00e9\u0161 turis\u0165i. <a class=\"mh-excerpt-more\" href=\"http:\/\/skalickyobzor.sk\/cms\/kaplnka-plna-spominek\/\" title=\"Kaplnka pln\u00e1 spom\u00ednek\">[&#8230;]<\/a><\/p>\n<\/div>","protected":false},"author":17,"featured_media":1439,"comment_status":"closed","ping_status":"closed","sticky":false,"template":"","format":"standard","meta":{"footnotes":""},"categories":[4],"tags":[],"class_list":{"0":"post-1365","1":"post","2":"type-post","3":"status-publish","4":"format-standard","5":"has-post-thumbnail","7":"category-ja-su-ze-skalice"},"_links":{"self":[{"href":"http:\/\/skalickyobzor.sk\/cms\/wp-json\/wp\/v2\/posts\/1365","targetHints":{"allow":["GET"]}}],"collection":[{"href":"http:\/\/skalickyobzor.sk\/cms\/wp-json\/wp\/v2\/posts"}],"about":[{"href":"http:\/\/skalickyobzor.sk\/cms\/wp-json\/wp\/v2\/types\/post"}],"author":[{"embeddable":true,"href":"http:\/\/skalickyobzor.sk\/cms\/wp-json\/wp\/v2\/users\/17"}],"replies":[{"embeddable":true,"href":"http:\/\/skalickyobzor.sk\/cms\/wp-json\/wp\/v2\/comments?post=1365"}],"version-history":[{"count":1,"href":"http:\/\/skalickyobzor.sk\/cms\/wp-json\/wp\/v2\/posts\/1365\/revisions"}],"predecessor-version":[{"id":1366,"href":"http:\/\/skalickyobzor.sk\/cms\/wp-json\/wp\/v2\/posts\/1365\/revisions\/1366"}],"wp:featuredmedia":[{"embeddable":true,"href":"http:\/\/skalickyobzor.sk\/cms\/wp-json\/wp\/v2\/media\/1439"}],"wp:attachment":[{"href":"http:\/\/skalickyobzor.sk\/cms\/wp-json\/wp\/v2\/media?parent=1365"}],"wp:term":[{"taxonomy":"category","embeddable":true,"href":"http:\/\/skalickyobzor.sk\/cms\/wp-json\/wp\/v2\/categories?post=1365"},{"taxonomy":"post_tag","embeddable":true,"href":"http:\/\/skalickyobzor.sk\/cms\/wp-json\/wp\/v2\/tags?post=1365"}],"curies":[{"name":"wp","href":"https:\/\/api.w.org\/{rel}","templated":true}]}}