{"id":1384,"date":"2018-10-28T09:12:10","date_gmt":"2018-10-28T08:12:10","guid":{"rendered":"http:\/\/skalickyobzor.sk\/cms\/?p=1384"},"modified":"2018-10-28T09:14:43","modified_gmt":"2018-10-28T08:14:43","slug":"aby-sme-mali-vsetci-jasno","status":"publish","type":"post","link":"http:\/\/skalickyobzor.sk\/cms\/aby-sme-mali-vsetci-jasno\/","title":{"rendered":"Aby sme mali v\u0161etci jasno"},"content":{"rendered":"<p><strong>U\u017e rok je na tomto mieste Skalick\u00e9ho Obzoru rubrika, v\u00a0ktorej by sme radi ob\u010danom pribl\u00ed\u017eili postoje prim\u00e1tora a\u00a0poslancov k t\u00e9mam, ktor\u00e9 n\u00e1s zauj\u00edmaj\u00fa. Kladieme v\u00a0nej jednozna\u010dn\u00e9 ot\u00e1zky ob\u010danov, s\u00a0prosbou o\u00a0jednozna\u010dn\u00e9 odpovede.<\/strong><br \/>\nMy\u0161lienka vznikla na z\u00e1klade informa\u010dn\u00e9ho v\u00e1kua medzi ob\u010danmi a\u00a0poslancami na \u010dele s prim\u00e1torom. My, ob\u010dania si vol\u00edme prim\u00e1tora a poslancov, no behom \u010fal\u0161\u00edch \u0161tyroch rokov \u010dasto netu\u0161\u00edme ak\u00e9 maj\u00fa postoje k\u00a0ot\u00e1zkam, ktor\u00e9 n\u00e1s tr\u00e1pia a\u00a0o ktor\u00fdch v\u00a0na\u0161om mene rozhoduj\u00fa. Samozrejme, o\u00a0existenciu tohto informa\u010dn\u00e9ho toku by sa mali stara\u0165 rovnako ob\u010dania ako aj prim\u00e1tor s\u00a0poslancami. Preto sme ne\u010dakali a pre ob\u010danov za\u010dali budova\u0165 tok inform\u00e1ci\u00ed pravidelnou rubrikou.<\/p>\n<h4>\u00c1NO JE \u00c1NO \u2013 NIE JE NIE<\/h4>\n<p>Vzh\u013eadom k obmedzen\u00e9mu priestoru sme zvolili t\u00fa najjednoduch\u0161iu formu. Jednozna\u010dn\u00fdmi ot\u00e1zkami a\u00a0jednozna\u010dn\u00fdmi odpove\u010fami sa sna\u017e\u00edme pribl\u00ed\u017ei\u0165 postoje prim\u00e1tora a\u00a0poslancov. Podobne ako na zasadaniach MsZ, kde pri\u00a0ka\u017edom hlasovan\u00ed musia poslanci vyjadri\u0165 jednozna\u010dn\u00fd postoj \u00c1NO-NIE-NEVIEM, niet kam uhn\u00fa\u0165. A ke\u010f\u017ee takto za n\u00e1s rozhoduj\u00fa na zasadaniach MsZ, je im t\u00e1to forma zn\u00e1ma. \u010eal\u0161\u00edm z\u00a0d\u00f4vodov, pre\u010do sme zvolili t\u00fato formu \u201ehlasovania\u201c je, \u017ee sa ako ob\u010dania v\u00a0z\u00e1plave \u201eom\u00e1\u010dky okolo\u201c \u010dasto str\u00e1came. Tie\u017e sa \u010dasto v\u00a0od\u00f4vodneniach odv\u00e1dza pozornos\u0165 od dan\u00e9ho probl\u00e9mu. A\u00a0tak si na z\u00e1ver ani nev\u0161imneme, \u017ee sme odpove\u010f vlastne nedostali.<\/p>\n<h4>KE\u010e JE MNOHO MY\u0160LIENOK<\/h4>\n<p>Radi by sme rubriku roz\u0161\u00edrili a\u00a0ob\u010danom prin\u00e1\u0161ali viac inform\u00e1cii. Preto sa v\u00a0z\u00e1vere ot\u00e1zok poslancov p\u00fdtame aj na ich n\u00e1zory a d\u00f4vody. V\u00e4\u010d\u0161inou nepr\u00eddu \u017eiadne. No dostali sme u\u017e aj bez jasnej odpovede iba od\u00f4vodnenie, dokonca viacstranov\u00e9. Nie je jednoduch\u00e9 tak\u00fato odpove\u010f spracova\u0165 a\u00a0u\u017e v\u00f4bec nie je mo\u017en\u00e9 z\u00a0toho za niekoho formulova\u0165 jasn\u00e9 \u00e1no alebo nie. Ak maj\u00fa poslanci potrebu svoje postoje zd\u00f4vod\u0148ova\u0165, \u010do si ve\u013emi v\u00e1\u017eime, mo\u017eno by sa mohli zamyslie\u0165, ak\u00fdm sp\u00f4sobom za\u010dn\u00fa sami budova\u0165 vlastn\u00fd informa\u010dn\u00fd kan\u00e1l smerom k\u00a0ob\u010danom.<br \/>\nDnes sa pok\u00fasime zaslan\u00e9 n\u00e1zory spracova\u0165. Prim\u00e1tor i\u00a0poslanci v\u00a0nich mo\u017eno n\u00e1jdu sp\u00e4tn\u00fa v\u00e4zbu od ob\u010danov. O\u00a0tom predsa komunik\u00e1cia je, dozvedie\u0165 sa \u010do si myslia v\u0161etci z\u00fa\u010dastnen\u00ed a\u00a0zam\u00fd\u0161\u013ea\u0165 sa nad t\u00fdm. \u010ci u\u017e sa nad t\u00fdm zamyslia na\u0161i poslanci a\u00a0\u010do si z\u00a0toho zober\u00fa, to mus\u00edme necha\u0165 na nich, povinnos\u0165ou ob\u010dana je vyjadri\u0165 sa. A\u00a0ak my na\u0161e n\u00e1zory vyjadr\u00edme,\u00a0tak prim\u00e1tora a\u00a0poslancov, ktor\u00fdch sme si zvolili ako na\u0161u pred\u013a\u017een\u00fa ruku, by mali zauj\u00edma\u0165.<\/p>\n<p><strong>1.Boli ste informovan\u00fd o existencii tejto pet\u00edcie pred zasadan\u00edm MsZ?<\/strong><br \/>\nOdpovede s\u00fa uveden\u00e9 v \u010dl\u00e1nku <a href=\"http:\/\/skalickyobzor.sk\/cms\/vazeny-pan-primator-vazeni-poslanci\/\">&#8222;V\u00e1\u017een\u00fd p\u00e1n prim\u00e1tor, v\u00e1\u017een\u00ed poslanci!&#8220;.<\/a><\/p>\n<p><strong>2. Ak \u00e1no, k\u00fdm a kedy?<\/strong><br \/>\nOdpovede s\u00fa uveden\u00e9 v \u010dl\u00e1nku <a href=\"http:\/\/skalickyobzor.sk\/cms\/vazeny-pan-primator-vazeni-poslanci\/\">&#8222;V\u00e1\u017een\u00fd p\u00e1n prim\u00e1tor, v\u00e1\u017een\u00ed poslanci!&#8220;.<\/a><\/p>\n<p><strong>3. Ste spokojn\u00fd so sp\u00f4sobom ak\u00fdm bola rie\u0161en\u00e1 pet\u00edcia z poz\u00edcie prim\u00e1tora a prednostky?<\/strong><br \/>\nOdpovede s\u00fa uveden\u00e9 v \u010dl\u00e1nku <a href=\"http:\/\/skalickyobzor.sk\/cms\/vazeny-pan-primator-vazeni-poslanci\/\">&#8222;V\u00e1\u017een\u00fd p\u00e1n prim\u00e1tor, v\u00e1\u017een\u00ed poslanci!&#8220;.<\/a><br \/>\n<strong>\u00c1NO<\/strong> \u2013 bola vyjadren\u00e1 spokojnos\u0165 poslanca, lebo pet\u00edciu rie\u0161il prim\u00e1tor s\u00a0prednostkou.<br \/>\n<strong>NEVIEM<\/strong> \u2013 niektor\u00ed poslanci sa nevedeli vyjadri\u0165, lebo neboli o existencii pet\u00edcie v\u00f4bec informovan\u00ed. Niektor\u00ed nevedeli kto ju rie\u0161i alebo neboli informovan\u00ed o\u00a0priebehu rie\u0161enia.<br \/>\n<strong>NIE<\/strong> \u2013 niektor\u00ed poslanci nevedeli kto pet\u00edciu rie\u0161i alebo neboli informovan\u00ed o\u00a0sp\u00f4sobe rie\u0161enia a\u00a0tento stav neinformovanosti sa im nep\u00e1\u010dil.<\/p>\n<p><strong>4. Mysl\u00edte si, \u017ee ka\u017ed\u00e1 doru\u010den\u00e1 pet\u00edcia, ur\u010den\u00e1 mestu, prim\u00e1torovi \u010di poslancom by mala by\u0165 prerokov\u00e1van\u00e1 na zasadan\u00ed MsZ?<\/strong><br \/>\nOdpovede s\u00fa uveden\u00e9 v \u010dl\u00e1nku <a href=\"http:\/\/skalickyobzor.sk\/cms\/vazeny-pan-primator-vazeni-poslanci\/\">&#8222;V\u00e1\u017een\u00fd p\u00e1n prim\u00e1tor, v\u00e1\u017een\u00ed poslanci!&#8220;.<\/a><br \/>\n<strong>\u00c1NO<\/strong> \u2013 \u010das\u0165 poslancov by si \u017eelala by\u0165 informovan\u00e1 o\u00a0v\u0161etk\u00fdch pet\u00edci\u00e1ch, bez oh\u013eadu na to komu je adresovan\u00e1. Pet\u00edcia je pre nich z\u00e1va\u017en\u00fd dokument, prejavuj\u00faci v\u00f4\u013eu obyvate\u013eov a\u00a0ob\u010dania ju pou\u017e\u00edvaj\u00fa vo v\u00e1\u017enych a v\u00fdnimo\u010dn\u00fdch pr\u00edpadoch. Ke\u010f\u017ee s\u00fa poslanci volen\u00ed ob\u010danmi a zastupuj\u00fa ich z\u00e1ujmy, \u017eelaj\u00fa si by\u0165\u00a0s t\u00fdmito z\u00e1va\u017en\u00fdmi dokumentami obozn\u00e1men\u00ed.<br \/>\n<strong>NIE, ?<\/strong> \u2013 \u010das\u0165 poslancov svoj postoj od\u00f4vodnila t\u00fdm, \u017ee pet\u00edciu m\u00e1 rie\u0161i\u0165 ten komu je ur\u010den\u00e1.<br \/>\nPozn. redakcie: T\u00e1to konkr\u00e9tna pet\u00edcia bola adresovan\u00e1 mestu. Ob\u010dania nie s\u00fa pr\u00e1vnici a\u00a0ich vyjadrovanie je laick\u00e9. Mo\u017eno by st\u00e1lo za zamyslenie, \u017ee \u010dasto pod pojmom \u201emesto\u201c myslia okrem \u00faradu aj prim\u00e1tora a\u00a0poslancov.<\/p>\n<p><strong>5. Mysl\u00edte si, \u017ee by mal z\u00e1stupca, pod\u00e1vaj\u00faci pet\u00edciu, dosta\u0165 slovo na zasadan\u00ed MsZ?<\/strong><br \/>\nOdpovede s\u00fa uveden\u00e9 v \u010dl\u00e1nku <a href=\"http:\/\/skalickyobzor.sk\/cms\/vazeny-pan-primator-vazeni-poslanci\/\">&#8222;V\u00e1\u017een\u00fd p\u00e1n prim\u00e1tor, v\u00e1\u017een\u00ed poslanci!&#8220;.<\/a><br \/>\n<strong>\u00c1NO<\/strong> \u2013 v\u0161etci odpovedaj\u00faci poslanci sa zhodli v tom, \u017ee minim\u00e1lne, ke\u010f je pet\u00edcia predlo\u017een\u00e1 na zasadan\u00ed MsZ a\u00a0je pr\u00edtomn\u00fd jej z\u00e1stupca, mal by dosta\u0165 slovo. Ve\u013ek\u00e1 \u010das\u0165 si mysl\u00ed, \u017ee by mal pr\u00edtomn\u00fd ob\u010dan dosta\u0165 slovo v\u017edy, ke\u010f o\u00a0to po\u017eiada.<br \/>\nPozn. redakcie:<br \/>\nMo\u017eno by st\u00e1lo za zamyslenie poslancov ak\u00fdm sp\u00f4sobom m\u00e1 ob\u010dan mo\u017enos\u0165 vyjadri\u0165 sa. Prvou prek\u00e1\u017ekou pre ob\u010dana s\u00fa term\u00edny zasadan\u00ed MsZ, v\u00a0\u010dase, ke\u010f s\u00fa \u013eudia v\u00a0pr\u00e1ci. Zmena \u010dasu je na v\u00f4li prim\u00e1tora a poslancov. \u010eal\u0161ou prek\u00e1\u017ekou je, \u017ee ob\u010dania maj\u00fa priestor v\u00a0bode Diskusia a\u00a0t\u00e1to je a\u017e na z\u00e1ver zasadnutia. Niekedy musel ob\u010dan \u010daka\u0165 aj nieko\u013eko hod\u00edn, lebo niektor\u00e9 zasadnutia trvaj\u00fa dlho. \u010eal\u0161\u00edm probl\u00e9mom je, \u017ee ob\u010dania by radi vyst\u00fapili ku konkr\u00e9tnemu bodu. O\u00a0\u0148om sa hlasuje e\u0161te pred Diskusiou, \u010d\u00edm to cel\u00e9 str\u00e1ca zmysel. Napr\u00edklad, v\u00a0pr\u00edpade pet\u00edcie za volebn\u00e9 obvody, prim\u00e1tor krkolomne rie\u0161il ako zaradi\u0165 pet\u00edciu ku konkr\u00e9tnemu bodu programu, nie do Diskusie.<\/p>\n<p>In\u0161pir\u00e1ciu na rie\u0161enie sme na\u0161li v\u00a0in\u00fdch mest\u00e1ch. Vyst\u00fapenie ob\u010danov by mohlo by\u0165 v\u017edy v\u00a0rovnak\u00fd a\u00a0pevne stanoven\u00fd \u010das, napr\u00edklad na ka\u017edom zasadan\u00ed o\u00a016-tej hodine. Tu by sa mohli ob\u010dania vyjadri\u0165 k\u00a0\u010domuko\u013evek. V\u00a0pr\u00edpade, \u017ee by chceli vyst\u00fapi\u0165 ku konkr\u00e9tnemu bodu programu, mali by dosta\u0165 priestor v\u00a0danom bode a\u00a0ide\u00e1lne by bolo da\u0165 tento bod na za\u010diatok programu.<br \/>\nNa z\u00e1ver by sme radi po\u010fakovali t\u00fdm poslancom, ktor\u00ed na ot\u00e1zky odpovedaj\u00fa. Spolo\u010dne sa u\u010d\u00edme verejne komunikova\u0165.<\/p>\n","protected":false},"excerpt":{"rendered":"<div class=\"mh-excerpt\"><p>U\u017e rok je na tomto mieste Skalick\u00e9ho Obzoru rubrika, v\u00a0ktorej by sme radi ob\u010danom pribl\u00ed\u017eili postoje prim\u00e1tora a\u00a0poslancov k t\u00e9mam, ktor\u00e9 n\u00e1s zauj\u00edmaj\u00fa. Kladieme v\u00a0nej jednozna\u010dn\u00e9 ot\u00e1zky ob\u010danov, s\u00a0prosbou o\u00a0jednozna\u010dn\u00e9 odpovede. My\u0161lienka vznikla na z\u00e1klade <a class=\"mh-excerpt-more\" href=\"http:\/\/skalickyobzor.sk\/cms\/aby-sme-mali-vsetci-jasno\/\" title=\"Aby sme mali v\u0161etci jasno\">[&#8230;]<\/a><\/p>\n<\/div>","protected":false},"author":1,"featured_media":1292,"comment_status":"closed","ping_status":"closed","sticky":false,"template":"","format":"standard","meta":{"footnotes":""},"categories":[5],"tags":[],"class_list":{"0":"post-1384","1":"post","2":"type-post","3":"status-publish","4":"format-standard","5":"has-post-thumbnail","7":"category-toto-sa-nas-tyka"},"_links":{"self":[{"href":"http:\/\/skalickyobzor.sk\/cms\/wp-json\/wp\/v2\/posts\/1384","targetHints":{"allow":["GET"]}}],"collection":[{"href":"http:\/\/skalickyobzor.sk\/cms\/wp-json\/wp\/v2\/posts"}],"about":[{"href":"http:\/\/skalickyobzor.sk\/cms\/wp-json\/wp\/v2\/types\/post"}],"author":[{"embeddable":true,"href":"http:\/\/skalickyobzor.sk\/cms\/wp-json\/wp\/v2\/users\/1"}],"replies":[{"embeddable":true,"href":"http:\/\/skalickyobzor.sk\/cms\/wp-json\/wp\/v2\/comments?post=1384"}],"version-history":[{"count":4,"href":"http:\/\/skalickyobzor.sk\/cms\/wp-json\/wp\/v2\/posts\/1384\/revisions"}],"predecessor-version":[{"id":1473,"href":"http:\/\/skalickyobzor.sk\/cms\/wp-json\/wp\/v2\/posts\/1384\/revisions\/1473"}],"wp:featuredmedia":[{"embeddable":true,"href":"http:\/\/skalickyobzor.sk\/cms\/wp-json\/wp\/v2\/media\/1292"}],"wp:attachment":[{"href":"http:\/\/skalickyobzor.sk\/cms\/wp-json\/wp\/v2\/media?parent=1384"}],"wp:term":[{"taxonomy":"category","embeddable":true,"href":"http:\/\/skalickyobzor.sk\/cms\/wp-json\/wp\/v2\/categories?post=1384"},{"taxonomy":"post_tag","embeddable":true,"href":"http:\/\/skalickyobzor.sk\/cms\/wp-json\/wp\/v2\/tags?post=1384"}],"curies":[{"name":"wp","href":"https:\/\/api.w.org\/{rel}","templated":true}]}}