{"id":1390,"date":"2018-10-28T09:10:35","date_gmt":"2018-10-28T08:10:35","guid":{"rendered":"http:\/\/skalickyobzor.sk\/cms\/?p=1390"},"modified":"2018-10-28T09:14:22","modified_gmt":"2018-10-28T08:14:22","slug":"vazeny-pan-primator-vazeni-poslanci","status":"publish","type":"post","link":"http:\/\/skalickyobzor.sk\/cms\/vazeny-pan-primator-vazeni-poslanci\/","title":{"rendered":"V\u00e1\u017een\u00fd p\u00e1n prim\u00e1tor, v\u00e1\u017een\u00ed poslanci!"},"content":{"rendered":"<p><strong>Pet\u00edcia<\/strong> (z\u00a0lat. petitio \u2013 \u017eiados\u0165) je p\u00edsomn\u00e1 \u017eiados\u0165 ob\u010danov, adresovan\u00e1 verejnej in\u0161tit\u00facii, napr\u00edklad prim\u00e1torovi, zastupite\u013estvu a\u00a0podobne. Pr\u00e1vny in\u0161tit\u00fat peti\u010dn\u00e9ho pr\u00e1va vych\u00e1dza z\u00a0\u00dastavy SR. Ide, teda, o\u00a0v\u00e1\u017eny pr\u00e1vny dokument, prejavuj\u00faci v\u00f4\u013eu ob\u010danov. Pet\u00edci\u00e1m venujeme aj dne\u0161n\u00e9 ot\u00e1zky.<\/p>\n<p>Na mimoriadnom zasadan\u00ed MsZ 15.\u00a08. 2018 ste boli informovan\u00ed o\u00a0nepredlo\u017een\u00ed pet\u00edcie ob\u010danov poslancom, ktor\u00fa s\u00a0ob\u010danmi organizoval Miroslav Kobeti\u010d. <strong>Pet\u00edcia sa t\u00fdkala prehodnotenia kladn\u00e9ho stanoviska mesta k\u00a0projektu stavby \u201eBytov\u00fd dom Z\u00e1poto\u010dn\u00e1\u201c, ktor\u00fd je v\u00a0rozpore s\u00a0\u00fazemn\u00fdm pl\u00e1nom mesta Skalica.<\/strong><\/p>\n<p><strong>1. Boli ste informovan\u00ed o\u00a0existencii tejto pet\u00edcie pred zasadan\u00edm MsZ?<\/strong><br \/>\n\u00c1NO \/ NIE<\/p>\n<p><strong>2. Ak \u00e1no, k\u00fdm a\u00a0kedy?<\/strong><br \/>\nOZNA\u010cENIE OSOBY (napr\u00edklad MENO, OB\u010cAN, PRIM\u00c1TOR a\u00a0pod.) \/ PRIBLI\u017dN\u00dd D\u00c1TUM \/ NEVIEM<\/p>\n<p><strong>3. Ste spokojn\u00fd so sp\u00f4sobom ak\u00fdm bola rie\u0161en\u00e1 t\u00e1to pet\u00edcia z\u00a0poz\u00edcie prim\u00e1tora a\u00a0prednostky?<\/strong><br \/>\n\u00c1NO \/ NIE \/ \u010cIASTO\u010cNE \/ NEVIEM<\/p>\n<p><strong>4. Mysl\u00edte si, \u017ee ka\u017ed\u00e1 doru\u010den\u00e1 pet\u00edcia, ur\u010den\u00e1 mestu, prim\u00e1torovi, \u010di poslancom by mala by\u0165 prerokov\u00e1van\u00e1 na zasadan\u00ed MsZ?<\/strong><br \/>\n\u00c1NO \/ NIE \/ NEVIEM<\/p>\n<p><strong>5. Mysl\u00edte si, \u017ee by mal z\u00e1stupca, pod\u00e1vaj\u00faci pet\u00edciu, dosta\u0165 slovo na zasadan\u00ed MsZ?<\/strong><br \/>\n\u00c1NO \/ NIE \/ NEVIEM<\/p>\n<p>Pros\u00edme v\u00e1s o\u00a0spolupr\u00e1cu a\u00a0zaslanie odpoved\u00ed na vy\u0161\u0161ie polo\u017een\u00e9 ot\u00e1zky, ako aj va\u0161ich n\u00e1zorov a inform\u00e1ci\u00ed. Z\u00a0va\u0161ich n\u00e1zorov budeme vych\u00e1dza\u0165 v\u00a0\u010dl\u00e1nku k\u00a0tejto problematike.<\/p>\n<p><strong>VYSVETLIVKY:<\/strong><\/p>\n<p><strong>0 neodpovedal<\/strong><br \/>\n<strong>? nedal jednozna\u010dn\u00fa odpove\u010f<\/strong><\/p>\n<p>&nbsp;<\/p>\n<div id=\"poslanci\">\n<div class=\"poslanec\">\n<div class=\"foto\"><img decoding=\"async\" src=\"http:\/\/skalickyobzor.sk\/cms\/wp-content\/uploads\/2017\/10\/fotka_poslanca.jpg\" \/><\/div>\n<div class=\"meno\">BAR\u00c1T \u013dudov\u00edt<\/div>\n<div class=\"odpoved\">0<\/div>\n<\/div>\n<div class=\"poslanec\">\n<div class=\"foto\"><img decoding=\"async\" src=\"http:\/\/skalickyobzor.sk\/cms\/wp-content\/uploads\/2017\/10\/peter_bartos.jpg\" \/><\/div>\n<div class=\"meno\">BARTO\u0160 Peter<\/div>\n<div class=\"odpoved\">0<\/div>\n<\/div>\n<div class=\"poslanec\">\n<div class=\"foto\"><img decoding=\"async\" src=\"http:\/\/skalickyobzor.sk\/cms\/wp-content\/uploads\/2017\/10\/fotka_poslanca.jpg\" \/><\/div>\n<div class=\"meno\">\u010cUNDERL\u00cdK Juraj<\/div>\n<div class=\"odpoved\">0<\/div>\n<\/div>\n<div class=\"poslanec\">\n<div class=\"foto\"><img decoding=\"async\" src=\"http:\/\/skalickyobzor.sk\/cms\/wp-content\/uploads\/2017\/10\/fotka_poslanca.jpg\" \/><\/div>\n<div class=\"meno\">KADLE\u010c\u00cdK Franti\u0161ek<\/div>\n<div class=\"odpoved\">0<br \/>\n&nbsp;<br \/>\n&nbsp;<\/div>\n<\/div>\n<div class=\"poslanec\">\n<div class=\"foto\"><img decoding=\"async\" src=\"http:\/\/skalickyobzor.sk\/cms\/wp-content\/uploads\/2017\/10\/martin_kojs.jpg\" \/><\/div>\n<div class=\"meno\">KOJ\u0160 Martin<\/div>\n<div class=\"odpoved\">\u00c1NO<br \/>\nRokovanie Komisie v\u00fdstavby<br \/>\nNEVIEM\u2006\/\u200a\u00c1NO\u2006\/\u200a\u00c1NO<\/div>\n<\/div>\n<div class=\"poslanec\">\n<div class=\"foto\"><img decoding=\"async\" src=\"http:\/\/skalickyobzor.sk\/cms\/wp-content\/uploads\/2017\/10\/ludovit_kosik.jpg\" \/><\/div>\n<div class=\"meno\">KO\u0160\u00cdK \u013dudov\u00edt<\/div>\n<div class=\"odpoved\">\u00c1NO \/ Internet mesta<br \/>\n\u00c1NO \/ \u00c1NO \/ \u00c1NO<br \/>\n&nbsp;<\/div>\n<\/div>\n<div class=\"poslanec\">\n<div class=\"foto\"><img decoding=\"async\" src=\"http:\/\/skalickyobzor.sk\/cms\/wp-content\/uploads\/2017\/10\/peter_kosik.jpg\" \/><\/div>\n<div class=\"meno\">KO\u0160\u00cdK Peter<\/div>\n<div class=\"odpoved\">0<br \/>\n&nbsp;<br \/>\n&nbsp;<\/div>\n<\/div>\n<div class=\"poslanec\">\n<div class=\"foto\"><img decoding=\"async\" src=\"http:\/\/skalickyobzor.sk\/cms\/wp-content\/uploads\/2018\/07\/kovac_viktor.jpg\" \/><\/div>\n<div class=\"meno\">KOV\u00c1\u010c Viktor<\/div>\n<div class=\"odpoved\">\u00c1NO \/ 13. 8. 2018<br \/>\nPorada poslancov<br \/>\nNEVIEM\u2006\/\u200a\u00c1NO\u2006\/\u200a\u00c1NO<\/div>\n<\/div>\n<div class=\"poslanec\">\n<div class=\"foto\"><img decoding=\"async\" src=\"http:\/\/skalickyobzor.sk\/cms\/wp-content\/uploads\/2017\/10\/dusan_krivsky.jpg\" \/><\/div>\n<div class=\"meno\">KRIVSK\u00dd Du\u0161an<\/div>\n<div class=\"odpoved\">0<br \/>\n&nbsp;<br \/>\n&nbsp;<\/div>\n<\/div>\n<div class=\"poslanec\">\n<div class=\"foto\"><img decoding=\"async\" src=\"http:\/\/skalickyobzor.sk\/cms\/wp-content\/uploads\/2017\/10\/anna_ozabalova.jpg\" \/><\/div>\n<div class=\"meno\">OZ\u00c1BALOV\u00c1 Anna<\/div>\n<div class=\"odpoved\">\u00c1NO \/ 2. 7. 2018 Kobeti\u010d<br \/>\nNIE \/ \u00c1NO \/ \u00c1NO<\/div>\n<\/div>\n<div class=\"poslanec\">\n<div class=\"foto\"><img decoding=\"async\" src=\"http:\/\/skalickyobzor.sk\/cms\/wp-content\/uploads\/2017\/12\/peter_pagac.jpg\" \/><\/div>\n<div class=\"meno\">PAG\u00c1\u010c Peter<\/div>\n<div class=\"odpoved\">0<br \/>\n&nbsp;<\/div>\n<\/div>\n<div class=\"poslanec\">\n<div class=\"foto\"><img decoding=\"async\" src=\"http:\/\/skalickyobzor.sk\/cms\/wp-content\/uploads\/2017\/10\/jana_rekosova.jpg\" \/><\/div>\n<div class=\"meno\">REKO\u0160OV\u00c1 Jana<\/div>\n<div class=\"odpoved\">NIE \/ \u2013 \/ NIE \/ NIE \/ \u00c1NO<br \/>\n&nbsp;<\/div>\n<\/div>\n<div class=\"poslanec\">\n<div class=\"foto\"><img decoding=\"async\" src=\"http:\/\/skalickyobzor.sk\/cms\/wp-content\/uploads\/2017\/12\/milan_roman.jpg\" \/><\/div>\n<div class=\"meno\">ROMAN Milan<\/div>\n<div class=\"odpoved\">0<\/div>\n<\/div>\n<div class=\"poslanec\">\n<div class=\"foto\"><img decoding=\"async\" src=\"http:\/\/skalickyobzor.sk\/cms\/wp-content\/uploads\/2017\/10\/michal_srholec.jpg\" \/><\/div>\n<div class=\"meno\">SRHOLEC Michal<\/div>\n<div class=\"odpoved\">0<\/div>\n<\/div>\n<div class=\"poslanec\">\n<div class=\"foto\"><img decoding=\"async\" src=\"http:\/\/skalickyobzor.sk\/cms\/wp-content\/uploads\/2017\/10\/fotka_poslanca.jpg\" \/><\/div>\n<div class=\"meno\">\u0160ANTAV\u00dd Rudolf<\/div>\n<div class=\"odpoved\">0<\/div>\n<\/div>\n<div class=\"poslanec\">\n<div class=\"foto\"><img decoding=\"async\" src=\"http:\/\/skalickyobzor.sk\/cms\/wp-content\/uploads\/2018\/03\/roman_spacek.jpg\" \/><\/div>\n<div class=\"meno\">\u0160PA\u010cEK Roman<\/div>\n<div class=\"odpoved\">0<\/div>\n<\/div>\n<div class=\"poslanec\">\n<div class=\"foto\"><img decoding=\"async\" src=\"http:\/\/skalickyobzor.sk\/cms\/wp-content\/uploads\/2017\/10\/frantisek_stefanec.jpg\" \/><\/div>\n<div class=\"meno\">\u0160TEFANEC Franti\u0161ek<\/div>\n<div class=\"odpoved\">0<\/div>\n<\/div>\n<div class=\"poslanec\">\n<div class=\"foto\"><img decoding=\"async\" src=\"http:\/\/skalickyobzor.sk\/cms\/wp-content\/uploads\/2017\/10\/lukas_tison.jpg\" \/><\/div>\n<div class=\"meno\">TISO\u0147 Luk\u00e1\u0161<\/div>\n<div class=\"odpoved\">0<\/div>\n<\/div>\n<div class=\"poslanec\">\n<div class=\"foto\"><img decoding=\"async\" src=\"http:\/\/skalickyobzor.sk\/cms\/wp-content\/uploads\/2018\/03\/alexander_toth.jpg\" \/><\/div>\n<div class=\"meno\">T\u00d3TH Alexander<\/div>\n<div class=\"odpoved\">0<\/div>\n<\/div>\n<div class=\"poslanec\">\n<div class=\"foto\"><img decoding=\"async\" src=\"http:\/\/skalickyobzor.sk\/cms\/wp-content\/uploads\/2017\/10\/daniel_vidovic.jpg\" \/><\/div>\n<div class=\"meno\">VIDOVI\u010c Daniel<\/div>\n<div class=\"odpoved\">NIE \/ \u2013 \/ ? \/ ? \/ ?<\/div>\n<\/div>\n<\/div>\n<p>&nbsp;<\/p>\n<p>&nbsp;<\/p>\n","protected":false},"excerpt":{"rendered":"<div class=\"mh-excerpt\"><p>Pet\u00edcia (z\u00a0lat. petitio \u2013 \u017eiados\u0165) je p\u00edsomn\u00e1 \u017eiados\u0165 ob\u010danov, adresovan\u00e1 verejnej in\u0161tit\u00facii, napr\u00edklad prim\u00e1torovi, zastupite\u013estvu a\u00a0podobne. Pr\u00e1vny in\u0161tit\u00fat peti\u010dn\u00e9ho pr\u00e1va vych\u00e1dza z\u00a0\u00dastavy SR. Ide, teda, o\u00a0v\u00e1\u017eny pr\u00e1vny dokument, prejavuj\u00faci v\u00f4\u013eu ob\u010danov. Pet\u00edci\u00e1m venujeme aj dne\u0161n\u00e9 <a class=\"mh-excerpt-more\" href=\"http:\/\/skalickyobzor.sk\/cms\/vazeny-pan-primator-vazeni-poslanci\/\" title=\"V\u00e1\u017een\u00fd p\u00e1n prim\u00e1tor, v\u00e1\u017een\u00ed poslanci!\">[&#8230;]<\/a><\/p>\n<\/div>","protected":false},"author":1,"featured_media":239,"comment_status":"closed","ping_status":"closed","sticky":false,"template":"","format":"standard","meta":{"footnotes":""},"categories":[9],"tags":[],"class_list":{"0":"post-1390","1":"post","2":"type-post","3":"status-publish","4":"format-standard","5":"has-post-thumbnail","7":"category-vazeni-poslanci"},"_links":{"self":[{"href":"http:\/\/skalickyobzor.sk\/cms\/wp-json\/wp\/v2\/posts\/1390","targetHints":{"allow":["GET"]}}],"collection":[{"href":"http:\/\/skalickyobzor.sk\/cms\/wp-json\/wp\/v2\/posts"}],"about":[{"href":"http:\/\/skalickyobzor.sk\/cms\/wp-json\/wp\/v2\/types\/post"}],"author":[{"embeddable":true,"href":"http:\/\/skalickyobzor.sk\/cms\/wp-json\/wp\/v2\/users\/1"}],"replies":[{"embeddable":true,"href":"http:\/\/skalickyobzor.sk\/cms\/wp-json\/wp\/v2\/comments?post=1390"}],"version-history":[{"count":19,"href":"http:\/\/skalickyobzor.sk\/cms\/wp-json\/wp\/v2\/posts\/1390\/revisions"}],"predecessor-version":[{"id":1410,"href":"http:\/\/skalickyobzor.sk\/cms\/wp-json\/wp\/v2\/posts\/1390\/revisions\/1410"}],"wp:featuredmedia":[{"embeddable":true,"href":"http:\/\/skalickyobzor.sk\/cms\/wp-json\/wp\/v2\/media\/239"}],"wp:attachment":[{"href":"http:\/\/skalickyobzor.sk\/cms\/wp-json\/wp\/v2\/media?parent=1390"}],"wp:term":[{"taxonomy":"category","embeddable":true,"href":"http:\/\/skalickyobzor.sk\/cms\/wp-json\/wp\/v2\/categories?post=1390"},{"taxonomy":"post_tag","embeddable":true,"href":"http:\/\/skalickyobzor.sk\/cms\/wp-json\/wp\/v2\/tags?post=1390"}],"curies":[{"name":"wp","href":"https:\/\/api.w.org\/{rel}","templated":true}]}}