{"id":1413,"date":"2018-10-28T09:11:20","date_gmt":"2018-10-28T08:11:20","guid":{"rendered":"http:\/\/skalickyobzor.sk\/cms\/?p=1413"},"modified":"2018-11-08T05:32:50","modified_gmt":"2018-11-08T04:32:50","slug":"dobrovolny-darca-zivota","status":"publish","type":"post","link":"http:\/\/skalickyobzor.sk\/cms\/dobrovolny-darca-zivota\/","title":{"rendered":"Dobrovo\u013en\u00fd darca \u017eivota"},"content":{"rendered":"<p>Pred nieko\u013ek\u00fdmi mesiacmi sme \u010dl\u00e1nok o\u00a0krvi a\u00a0darcoch, ktor\u00fd vy\u0161iel pri pr\u00edle\u017eitosti Svetov\u00e9ho d\u0148a darcov krvi, uzavreli kon\u0161tatovan\u00edm, \u017ee sa na tomto mieste k\u00a0t\u00e9me vr\u00e1time. Pr\u00e1ve pri\u0161iel spr\u00e1vny \u010das. \u010cakali sme toti\u017e na moment, kedy si Skali\u010dan Mari\u00e1n Valachovi\u010d prevezme v\u00a0\u017eenevskom s\u00eddle Medzin\u00e1rodn\u00e9ho v\u00fdboru \u010cerven\u00e9ho kr\u00ed\u017ea K\u0148azovick\u00e9ho medailu. Radi s\u00a0n\u00edm prin\u00e1\u0161ame rozhovor.<\/p>\n<p><strong>V\u00a0auguste tohto roku ste sa stali dr\u017eite\u013eom najvy\u0161\u0161ieho slovensk\u00e9ho vyznamenania \u010cerven\u00e9ho kr\u00ed\u017ea pre darcov krvi. To znamen\u00e1, \u017ee v\u0161etky ostatn\u00e9 u\u017e m\u00e1te?<\/strong><br \/>\n\u00c1no, m\u00e1m od bronzovej za 10 odberov, striebornej za 20, zlatej za 40, a\u017e po diamantov\u00fa J\u00e1nskeho plaketu za 80 odberov, ktor\u00fdmi oce\u0148uje Slovensk\u00fd \u010cerven\u00fd kr\u00ed\u017e bezpr\u00edspevkov\u00e9 darcovstvo krvi. Darcom, ktor\u00ed dosiahnu po\u010det sto odberov, je ude\u013eovan\u00e1 medaila profesora MUDr. J\u00e1na K\u0148azovick\u00e9ho.<\/p>\n<p><strong>Ke\u010f\u017ee, zatia\u013e, nie je \u017eiadne vy\u0161\u0161ie ocenenie, m\u00f4\u017ee darca t\u00fato medailu z\u00edska\u0165 aj viackr\u00e1t?<\/strong><br \/>\nSk\u00f4r nie. Mo\u017eno za \u010fal\u0161iu stovku.<\/p>\n<p><strong>Preberali ste ocenenie v\u00a0s\u00eddle MV \u010cK v\u00a0\u017deneve, \u010do samotn\u00e9 d\u00e1va tomuto aktu ve\u013ek\u00fa v\u00e1\u017enos\u0165. M\u00f4\u017eete pribl\u00ed\u017ei\u0165 priebeh odovzd\u00e1vania?<\/strong><br \/>\nUveden\u00e9 oce\u0148ovanie je organizovan\u00e9 Slovensk\u00fdm \u010cerven\u00fdm kr\u00ed\u017eom u\u017e 25 rokov. Bol som osloven\u00fd riadite\u013ekou \u00fazemn\u00e9ho celku v\u00a0Senici, \u010di by som mal z\u00e1ujem plaketu prevzia\u0165 priamo v\u00a0s\u00eddle \u010cK v\u00a0\u017deneve. Odovzd\u00e1vanie sa uskuto\u010dnilo v\u00a0priestoroch MV \u010cK, kde sme si najprv spolo\u010dne prezreli m\u00fazeum a\u00a0n\u00e1sledne bolo odovzd\u00e1vanie plakiet za \u00fa\u010dasti dvoch pracovn\u00edkov MV \u010cK a\u00a0predsedn\u00ed\u010dkou, riadite\u013ekou a\u00a0podpredsedn\u00ed\u010dkou S\u010cK Senica. Na sl\u00e1vnostnom preberan\u00ed plakiet dostalo sedemn\u00e1s\u0165 darcov zlat\u00fa Jansk\u00e9ho plaketu, traja darcovia diamantov\u00fa a\u00a0 dvaja sme boli ocenen\u00ed plaketou prof. MUDr. J\u00e1na K\u0148azovick\u00e9ho. T\u00fdmto chcem po\u010fakova\u0165 mestu Skalica, \u017ee mi umo\u017enilo z\u00fa\u010dastni\u0165 sa odovzd\u00e1vania ocenenia.<\/p>\n<p><strong>Kedy ste darovali krv po prv\u00fdkr\u00e1t?<\/strong><br \/>\nPrv\u00fd m\u00f4j \u201ebezplatn\u00fd\u201c, tak ako aj doteraz v\u0161etky odbery krvi a\u00a0trombocytafer\u00e9zy, bol e\u0161te po\u010das z\u00e1kladnej vojenskej slu\u017eby za\u010diatkom roka 1993. V\u00a0tom \u010dase sme za darovanie krvi dost\u00e1vali od vojska tzv. opu\u0161\u0165\u00e1k, \u010do znamenalo by\u0165 dlh\u0161ie doma a\u00a0z\u00e1rove\u0148 zisti\u0165, \u010di som vhodn\u00fd darca a\u00a0tak som to sk\u00fasil a\u00a0u\u017e som pri tom zostal.<\/p>\n<p><strong>Ko\u013eko odberov ste absolvovali?<\/strong><br \/>\nCelkovo m\u00e1m stop\u00e4\u0165 odberov. Z\u00a0toho po\u010det odberov krvi bol 91 a\u00a0odberov trombocytafer\u00e9zy sedem, no pri tomto sa do po\u010dtu odberov zapo\u010d\u00edtava dvojn\u00e1sobok.<\/p>\n<p><strong>Ko\u013eko krvi ste darovali celkom?<\/strong><br \/>\nAk dobre r\u00e1tam, tak pri po\u010dte 91 odberov krvi to bolo cez 40 litrov a\u00a0\u010do sa t\u00fdka trombocytafer\u00e9zy neviem \u2013 je to odber krvn\u00fdch do\u0161ti\u010diek (trombocytov) na krvinkovom separ\u00e1tore od darcu, za \u00fa\u010delom pr\u00edpravy koncentr\u00e1tu krvn\u00fdch do\u0161ti\u010diek. Samotn\u00fd odber trv\u00e1 asi hodinu a\u017e hodinu a\u00a0pol a\u00a0celkov\u00fd objem krvn\u00fdch do\u0161ti\u010diek aj s\u00a0krvnou plazmou je asi 150 mililitrov.<\/p>\n<figure id=\"attachment_1480\" aria-describedby=\"caption-attachment-1480\" style=\"width: 514px\" class=\"wp-caption aligncenter\"><img loading=\"lazy\" decoding=\"async\" class=\"size-full wp-image-1480\" src=\"http:\/\/skalickyobzor.sk\/cms\/wp-content\/uploads\/2018\/10\/valachovic1.jpg\" alt=\"\" width=\"514\" height=\"685\" srcset=\"http:\/\/skalickyobzor.sk\/cms\/wp-content\/uploads\/2018\/10\/valachovic1.jpg 514w, http:\/\/skalickyobzor.sk\/cms\/wp-content\/uploads\/2018\/10\/valachovic1-225x300.jpg 225w\" sizes=\"auto, (max-width: 514px) 100vw, 514px\" \/><figcaption id=\"caption-attachment-1480\" class=\"wp-caption-text\">Arch\u00edv: Mari\u00e1n Valachovi\u010d<\/figcaption><\/figure>\n<p><strong>Ako \u010dasto m\u00f4\u017eete darova\u0165 krv?<\/strong><br \/>\nKrv je mo\u017en\u00e9 darova\u0165 u\u00a0mu\u017ea ka\u017ed\u00e9 tri mesiace, u\u00a0trombocytafer\u00e9zy najviac osemkr\u00e1t za rok. Ja chod\u00edm darova\u0165 krv v\u00a0pravideln\u00fdch intervaloch a\u00a0ke\u010f som zdrav\u00fd a\u00a0pred odberov\u00e9 v\u00fdsledky s\u00fa vyhovuj\u00face, tak darujem krv alebo trombocytafer\u00e9zu, ko\u013eko je treba.<\/p>\n<p><strong>M\u00e1te predstavu, ko\u013ek\u00fdm \u013eu\u010fom mohla Va\u0161a krv pom\u00f4c\u0165 v\u00a0kritick\u00fdch situ\u00e1ci\u00e1ch?<\/strong><br \/>\nV\u00f4bec netu\u0161\u00edm ko\u013ek\u00fdm \u013eu\u010fom pomohlo moje darovanie, ale spom\u00ednam si, \u017ee som bol raz osloven\u00fd kolegom, \u010di by som nemohol \u00eds\u0165 darova\u0165 krv, nako\u013eko ho \u010dakala zlo\u017eit\u00e1 oper\u00e1cia.<\/p>\n<p><strong>Rob\u00edte Vy s\u00e1m nejak\u00fa formu osvety pre z\u00edskavanie nov\u00fdch darcov?<\/strong><br \/>\nOsvetou by som to nenazval, ale ur\u010dite som sa o\u00a0darovan\u00ed krvi bavil, \u010di s\u00a0kolegami alebo kamar\u00e1tmi, a\u00a0sna\u017eil som sa \u013eud\u00ed motivova\u0165, \u010di by si aj oni nesk\u00fasili darcovstvo a\u00a0t\u00fdm pomohli t\u00fdm, ktor\u00ed to potrebuj\u00fa. V\u00a0neposlednom rade \u00faspechom motiv\u00e1cie m\u00f4jho darcovstva je m\u00f4j 21-ro\u010dn\u00fd syn, ktor\u00fd zatia\u013e daroval krv jeden\u00e1s\u0165kr\u00e1t.<\/p>\n<p><strong>K\u0148azovick\u00e9ho medaila je najvy\u0161\u0161\u00edm ocenen\u00edm a\u017e od roku 2007 a\u00a0bola stanoven\u00e1 ako motiv\u00e1cia pre nosite\u013eov diamantovej Jansk\u00e9ho plakety. \u010co motivuje teraz V\u00e1s?<\/strong><br \/>\nNikdy by ma nenapadlo, \u017ee by som mohol to\u013ekokr\u00e1t darova\u0165, \u010di krv alebo trombocytafer\u00e9zu, za ktor\u00fa je darca ocenen\u00fd. Av\u0161ak, ke\u010f\u017ee mi odbery nerobia nijak\u00e9 komplik\u00e1cie, chod\u00edm darova\u0165 pravidelne a\u00a0nepozer\u00e1m na po\u010det odberov, v\u017edy som bol z\u00e1stanca toho, \u017ee, ak mi zdravie a\u00a0vek dovolia darova\u0165, tak budem pom\u00e1ha\u0165 takto.<\/p>\n<figure id=\"attachment_1482\" aria-describedby=\"caption-attachment-1482\" style=\"width: 514px\" class=\"wp-caption aligncenter\"><img loading=\"lazy\" decoding=\"async\" class=\"size-full wp-image-1482\" src=\"http:\/\/skalickyobzor.sk\/cms\/wp-content\/uploads\/2018\/10\/valachovic2.jpg\" alt=\"\" width=\"514\" height=\"685\" srcset=\"http:\/\/skalickyobzor.sk\/cms\/wp-content\/uploads\/2018\/10\/valachovic2.jpg 514w, http:\/\/skalickyobzor.sk\/cms\/wp-content\/uploads\/2018\/10\/valachovic2-225x300.jpg 225w\" sizes=\"auto, (max-width: 514px) 100vw, 514px\" \/><figcaption id=\"caption-attachment-1482\" class=\"wp-caption-text\">Arch\u00edv: Mari\u00e1n Valachovi\u010d<\/figcaption><\/figure>\n<p><strong>Za ak\u00fdch okolnost\u00ed by ste svoje darcovstvo ukon\u010dili?<\/strong><br \/>\nPokia\u013e ste pravideln\u00fdm darcom, m\u00f4\u017eete darova\u0165 krv a\u017e do svojich \u0161es\u0165desiatp\u00e4\u0165 rokov. Tak\u017ee pokia\u013e mi to zdravotn\u00fd stav dovol\u00ed, chcel by som \u010do najdlh\u0161ie. Ur\u010dite by som r\u00e1d e\u0161te pomohol mnoh\u00fdm, ktor\u00ed to potrebuj\u00fa.<\/p>\n<p><strong>\u010eakujeme za rozhovor a\u00a0prajeme ve\u013ea zdravia, aby sa ostatn\u00fdm dostalo ve\u013ea pomoci.<\/strong><\/p>\n","protected":false},"excerpt":{"rendered":"<div class=\"mh-excerpt\"><p>Pred nieko\u013ek\u00fdmi mesiacmi sme \u010dl\u00e1nok o\u00a0krvi a\u00a0darcoch, ktor\u00fd vy\u0161iel pri pr\u00edle\u017eitosti Svetov\u00e9ho d\u0148a darcov krvi, uzavreli kon\u0161tatovan\u00edm, \u017ee sa na tomto mieste k\u00a0t\u00e9me vr\u00e1time. Pr\u00e1ve pri\u0161iel spr\u00e1vny \u010das. \u010cakali sme toti\u017e na moment, kedy si <a class=\"mh-excerpt-more\" href=\"http:\/\/skalickyobzor.sk\/cms\/dobrovolny-darca-zivota\/\" title=\"Dobrovo\u013en\u00fd darca \u017eivota\">[&#8230;]<\/a><\/p>\n<\/div>","protected":false},"author":15,"featured_media":1479,"comment_status":"closed","ping_status":"closed","sticky":false,"template":"","format":"standard","meta":{"footnotes":""},"categories":[10],"tags":[],"class_list":{"0":"post-1413","1":"post","2":"type-post","3":"status-publish","4":"format-standard","5":"has-post-thumbnail","7":"category-zaujalo-nas"},"_links":{"self":[{"href":"http:\/\/skalickyobzor.sk\/cms\/wp-json\/wp\/v2\/posts\/1413","targetHints":{"allow":["GET"]}}],"collection":[{"href":"http:\/\/skalickyobzor.sk\/cms\/wp-json\/wp\/v2\/posts"}],"about":[{"href":"http:\/\/skalickyobzor.sk\/cms\/wp-json\/wp\/v2\/types\/post"}],"author":[{"embeddable":true,"href":"http:\/\/skalickyobzor.sk\/cms\/wp-json\/wp\/v2\/users\/15"}],"replies":[{"embeddable":true,"href":"http:\/\/skalickyobzor.sk\/cms\/wp-json\/wp\/v2\/comments?post=1413"}],"version-history":[{"count":3,"href":"http:\/\/skalickyobzor.sk\/cms\/wp-json\/wp\/v2\/posts\/1413\/revisions"}],"predecessor-version":[{"id":1483,"href":"http:\/\/skalickyobzor.sk\/cms\/wp-json\/wp\/v2\/posts\/1413\/revisions\/1483"}],"wp:featuredmedia":[{"embeddable":true,"href":"http:\/\/skalickyobzor.sk\/cms\/wp-json\/wp\/v2\/media\/1479"}],"wp:attachment":[{"href":"http:\/\/skalickyobzor.sk\/cms\/wp-json\/wp\/v2\/media?parent=1413"}],"wp:term":[{"taxonomy":"category","embeddable":true,"href":"http:\/\/skalickyobzor.sk\/cms\/wp-json\/wp\/v2\/categories?post=1413"},{"taxonomy":"post_tag","embeddable":true,"href":"http:\/\/skalickyobzor.sk\/cms\/wp-json\/wp\/v2\/tags?post=1413"}],"curies":[{"name":"wp","href":"https:\/\/api.w.org\/{rel}","templated":true}]}}