{"id":1491,"date":"2018-11-08T06:09:06","date_gmt":"2018-11-08T05:09:06","guid":{"rendered":"http:\/\/skalickyobzor.sk\/cms\/?p=1491"},"modified":"2018-11-08T07:01:05","modified_gmt":"2018-11-08T06:01:05","slug":"narodna-pamat","status":"publish","type":"post","link":"http:\/\/skalickyobzor.sk\/cms\/narodna-pamat\/","title":{"rendered":"N\u00e1rodn\u00e1 pam\u00e4\u0165"},"content":{"rendered":"<p>Charles Montesquieu vo svojom diele Duch z\u00e1kona pripom\u00edna: \u201e\u010clovek, t\u00e1 prisp\u00f4sobiv\u00e1 bytos\u0165, ktor\u00e1 v\u00a0spolo\u010dnosti podlieha my\u0161lienkam a\u00a0dojmom in\u00fdch, je rovnako schopn\u00fd spozna\u0165 svoju povahu, ke\u010f mu ju uk\u00e1\u017eeme, ako o\u00a0nej \u00faplne strati\u0165 predstavu, ak ju pred n\u00edm zakryjeme.\u201c T\u00e1to my\u0161lienka je pre n\u00e1s ve\u013emi d\u00f4le\u017eit\u00e1. Pod\u013ea celoeur\u00f3pskeho prieskumu m\u00e1me najni\u017e\u0161ie n\u00e1rodn\u00e9 vedomie. Zistenie skuto\u010dne alarmuj\u00face, ak sa chceme presadi\u0165 v\u00a0Eur\u00f3pskej \u00fanii po boku in\u00fdch n\u00e1rodov ako rovn\u00fd s\u00a0rovn\u00fdm. Najni\u017e\u0161ie n\u00e1rodn\u00e9 vedomie! A\u00a0to aj napriek najnov\u0161\u00edm v\u00fdsledkom vedeck\u00fdch v\u00fdskumov DNA jednotliv\u00fdch n\u00e1rodov, \u017ee najstar\u0161\u00edm us\u00eddlen\u00fdm, endemick\u00fdm n\u00e1rodom v\u00a0Eur\u00f3pe sme pr\u00e1ve my, Slov\u00e1ci \u2013 \u201en\u00e1rod pod Tatrami\u201c. Trpk\u00fd paradox!<\/p>\n<p>Mo\u017eno pr\u00eds\u0165 o\u00a0v\u0161etko \u2013 ale nie o\u00a0\u013eudsk\u00fa d\u00f4stojnos\u0165! A\u00a0t\u00e1 m\u00e1 korene v\u00a0na\u0161ich n\u00e1dejach, v\u00a0na\u0161om trvan\u00ed v\u00a0duchovnej kult\u00farnosti \u2013 v\u00a0n\u00e1rodnej pam\u00e4ti. N\u00e1rodn\u00fa pam\u00e4\u0165, n\u00e1rodn\u00e9 historick\u00e9 vedomie nemo\u017eno presne vedecky \u0161pecifikova\u0165, a\u00a0predsa jeho p\u00f4sobenie nemo\u017eno poprie\u0165 rovnako ako l\u00e1sku, v\u010fa\u010dnos\u0165, myslenie. Najzrete\u013enej\u0161ie prehovor\u00ed v\u00a0zlomov\u00fdch situ\u00e1ci\u00e1ch pri v\u00e1\u017enom ohrozen\u00ed n\u00e1rodnej existencie a\u00a0z\u00e1kladn\u00fdch etick\u00fdch hodn\u00f4t. Bez d\u00f4razn\u00e9ho o\u017eivenia historickej n\u00e1rodnej pam\u00e4ti by sme azda rezignovane prijali \u201epam\u00e4\u0165\u201c in\u00fdch: sfal\u0161ovan\u00fa, ale \u00faporne vnucovan\u00fa, vtl\u00e1\u010dan\u00fa cudz\u00edmi vyklada\u010dmi dej\u00edn, za pam\u00e4\u0165 vlastn\u00fa. A\u00a0my, nevedom\u00ed, by sme za pravdu prijali stokr\u00e1t opakovan\u00fa lo\u017e.<\/p>\n<p>M\u00f4\u017eeme milova\u0165, aj ke\u010f nech\u00e1peme. Av\u0161ak m\u00f4\u017eeme v\u00e4\u010d\u0161mi milova\u0165, ke\u010f ch\u00e1peme. N\u00e1rodn\u00fa pam\u00e4\u0165 nemo\u017eno transplantova\u0165, je podstatnou s\u00fa\u010das\u0165ou na\u0161ej duchovnej dimenzie. Pam\u00e4\u0165 je aj v\u0161etko, \u010do c\u00edtime, nie iba to, \u010do dok\u00e1\u017eeme formulova\u0165 do slov. N\u00e1rodn\u00e9 vedomie, n\u00e1rodn\u00e1 pam\u00e4\u0165 je skuto\u010dn\u00fdm \u201ededi\u010dstvom otcov\u201c, prejavuj\u00face sa v\u00a0\u013eudovej kult\u00fare. No predsa je len rozdiel medzi \u201eiba\u201c c\u00edten\u00fdm a\u00a0vysloven\u00fdm. Pri \u201eiba c\u00edtenom\u201c pam\u00e4\u0165 drieme v\u00a0podvedom\u00ed, pred \u201evysloven\u00fdm\u201c sa preb\u00fadza, st\u00e1va sa s\u00fa\u010das\u0165ou vedomia. Preto sa mus\u00edme pozornej\u0161ie prizrie\u0165 na\u0161im nielen vonkaj\u0161\u00edm, ale najm\u00e4 vn\u00fatorn\u00fdm duchovn\u00fdm dejin\u00e1m, ktor\u00fdch posolstvo n\u00e1m \u010dasto unik\u00e1 ako v\u00a0r\u00e1dioprij\u00edma\u010di: v\u00a0hluku okolit\u00fdch, razantnej\u0161ie sa presadzuj\u00facich stan\u00edc e\u0161te st\u00e1le nedok\u00e1\u017eeme zachyti\u0165 tich\u00fd a\u00a0pokojn\u00fd hlas vlastn\u00e9ho vysielania. Mus\u00edme sa nau\u010di\u0165 vyladi\u0165 si svoju stanicu, aby sme nestratili predstavu o\u00a0svojej povahe. Inak budeme musie\u0165 na\u010falej po\u010d\u00fava\u0165 o\u00a0sebe klamstv\u00e1 a\u00a0podv\u00e1dzaj\u00face polopravdy druh\u00fdch.<\/p>\n","protected":false},"excerpt":{"rendered":"<div class=\"mh-excerpt\"><p>Charles Montesquieu vo svojom diele Duch z\u00e1kona pripom\u00edna: \u201e\u010clovek, t\u00e1 prisp\u00f4sobiv\u00e1 bytos\u0165, ktor\u00e1 v\u00a0spolo\u010dnosti podlieha my\u0161lienkam a\u00a0dojmom in\u00fdch, je rovnako schopn\u00fd spozna\u0165 svoju povahu, ke\u010f mu ju uk\u00e1\u017eeme, ako o\u00a0nej \u00faplne strati\u0165 predstavu, ak ju <a class=\"mh-excerpt-more\" href=\"http:\/\/skalickyobzor.sk\/cms\/narodna-pamat\/\" title=\"N\u00e1rodn\u00e1 pam\u00e4\u0165\">[&#8230;]<\/a><\/p>\n<\/div>","protected":false},"author":10,"featured_media":916,"comment_status":"closed","ping_status":"closed","sticky":false,"template":"","format":"standard","meta":{"footnotes":""},"categories":[8],"tags":[],"class_list":{"0":"post-1491","1":"post","2":"type-post","3":"status-publish","4":"format-standard","5":"has-post-thumbnail","7":"category-obzor-seniorov"},"_links":{"self":[{"href":"http:\/\/skalickyobzor.sk\/cms\/wp-json\/wp\/v2\/posts\/1491","targetHints":{"allow":["GET"]}}],"collection":[{"href":"http:\/\/skalickyobzor.sk\/cms\/wp-json\/wp\/v2\/posts"}],"about":[{"href":"http:\/\/skalickyobzor.sk\/cms\/wp-json\/wp\/v2\/types\/post"}],"author":[{"embeddable":true,"href":"http:\/\/skalickyobzor.sk\/cms\/wp-json\/wp\/v2\/users\/10"}],"replies":[{"embeddable":true,"href":"http:\/\/skalickyobzor.sk\/cms\/wp-json\/wp\/v2\/comments?post=1491"}],"version-history":[{"count":1,"href":"http:\/\/skalickyobzor.sk\/cms\/wp-json\/wp\/v2\/posts\/1491\/revisions"}],"predecessor-version":[{"id":1492,"href":"http:\/\/skalickyobzor.sk\/cms\/wp-json\/wp\/v2\/posts\/1491\/revisions\/1492"}],"wp:featuredmedia":[{"embeddable":true,"href":"http:\/\/skalickyobzor.sk\/cms\/wp-json\/wp\/v2\/media\/916"}],"wp:attachment":[{"href":"http:\/\/skalickyobzor.sk\/cms\/wp-json\/wp\/v2\/media?parent=1491"}],"wp:term":[{"taxonomy":"category","embeddable":true,"href":"http:\/\/skalickyobzor.sk\/cms\/wp-json\/wp\/v2\/categories?post=1491"},{"taxonomy":"post_tag","embeddable":true,"href":"http:\/\/skalickyobzor.sk\/cms\/wp-json\/wp\/v2\/tags?post=1491"}],"curies":[{"name":"wp","href":"https:\/\/api.w.org\/{rel}","templated":true}]}}