{"id":1496,"date":"2018-11-08T06:15:36","date_gmt":"2018-11-08T05:15:36","guid":{"rendered":"http:\/\/skalickyobzor.sk\/cms\/?p=1496"},"modified":"2018-11-08T07:01:34","modified_gmt":"2018-11-08T06:01:34","slug":"hej-hej-hej-sokoli","status":"publish","type":"post","link":"http:\/\/skalickyobzor.sk\/cms\/hej-hej-hej-sokoli\/","title":{"rendered":"Hej, hej, hej, sokoli!"},"content":{"rendered":"<p><strong>\u201eU\u017e pred prvou svetovou vojnou boli v\u00a0Skalici snahy o\u00a0zalo\u017eenie telov\u00fdchovnej jednoty Sokol. K\u00a0ich zav\u0155\u0161eniu pri\u0161lo po ukon\u010den\u00ed vojny a\u00a0nieko\u013eko dn\u00ed po vzniku \u010ceskoslovenskej republiky \u2013 10.\u00a0novembra 1918 \u2013 za\u010dala jednota, ako prv\u00e1 na Slovensku, ofici\u00e1lne fungova\u0165. V\u00a0roku 1922 si \u010dlensk\u00e1 z\u00e1klad\u0148a Sokola svojpomocne vybudovala sokolov\u0148u (prv\u00fa na Slovensku) prestavbou b\u00fdvalej mliek\u00e1rne a\u00a0s\u00fastredil sa v\u00a0nej, popri \u0161porte a\u00a0cvi\u010den\u00ed, \u0161irok\u00fd okruh aktiv\u00edt kult\u00farno-spolo\u010densk\u00e9ho \u017eivota mesta. Po zru\u0161en\u00ed spolku a\u00a0jeho \u010dinnosti v\u00a0roku 1938 pri\u0161lo ku kr\u00e1tkemu obnoveniu po skon\u010den\u00ed druhej svetovej vojny v\u00a0roku 1945, no od roku 1948 bola na dlh\u00e9 obdobie op\u00e4\u0165 zak\u00e1zan\u00e1.\u201c (www.zahorskemuzeum.sk)<\/strong><\/p>\n<p><strong>31. janu\u00e1ra 1991 bola sokolsk\u00e1 jednota v\u00a0Skalici obnoven\u00e1. Na ustanovuj\u00facej sch\u00f4dzi obnovenej jednoty bolo len 19 \u010dlenov, no do konca roka po\u010det vzr\u00e1stol na 244. Dnes je to dvojn\u00e1sobok a\u00a0s\u00fa rozdelen\u00ed do dru\u017estiev pod\u013ea jednotliv\u00fdch \u0161portov.\u00a0<\/strong><strong>O\u00a0hist\u00f3rii, l\u00e1ske k\u00a0\u0161portu a\u00a0\u010do znamen\u00e1 by\u0165 sokolom, rozpr\u00e1vali starostka Sokola v\u00a0Skalici Viera Mikl\u00e1\u0161ov\u00e1 a\u00a0najstar\u0161\u00ed \u017eij\u00faci pam\u00e4tn\u00edk jednoty pred jej rozpusten\u00edm Milan Derm\u00ed\u0161ek.<\/strong><\/p>\n<p>&nbsp;<\/p>\n<h4>R\u00d4ZNE ZA\u010cIATKY<\/h4>\n<p><strong>Kedy ste sa stali \u010dlenmi Sokola?<\/strong><br \/>\n<strong>VM:<\/strong> \u010clenkou Sokola som sa stala u\u017e ako mal\u00e9 die\u0165a. Mo\u017eno som mala nejak\u00fdch \u0161tyri \u2013 p\u00e4\u0165 rokov. Ale vlastne Sokol ako tak\u00fd u\u017e bol ofici\u00e1lne zak\u00e1zan\u00fd. My sme cvi\u010dili pod \u010cSTV, no hovorili sme si sokoli a\u00a0sokolky. Hrdo sme sa k\u00a0tomu hl\u00e1sili, ale v\u00a0skuto\u010dnosti bola organiz\u00e1cia obnoven\u00e1 a\u017e v\u00a0roku 1991.<br \/>\n<strong>MD:<\/strong> Ja som v\u00a0roku 1941 nast\u00fapil do prvej triedy z\u00e1kladnej \u0161koly a\u00a0rovno aj do Sokola. Vtedy bol n\u00e1\u010deln\u00edkom Vladim\u00edr Biela. Cvi\u010dili sme na hrazde, bradl\u00e1ch a\u00a0inom n\u00e1rad\u00ed. V\u00a0lete sme cvi\u010dili vonku v\u00a0are\u00e1li sokolovne. B\u00fdvalo tam mnoho \u013eud\u00ed, ktor\u00ed sa chodili pozera\u0165.<\/p>\n<p><strong>Ste zo \u201esokolskej rodiny\u201c, teda, boli v\u00a0organiz\u00e1cii u\u017e va\u0161i rodi\u010dia?<\/strong><br \/>\n<strong>VM:<\/strong> Samozrejme. Moja maminka bola tie\u017e od mladosti sokolka a\u00a0oni nielen\u017ee cvi\u010dili, ale aj hr\u00e1vali divadlo. Sokol bol vtedy jedin\u00e1 kult\u00fara v\u00a0meste. Maminka bola aj v\u00a0divadelnom s\u00fabore. Tatinek bol zase funkcion\u00e1r futbalu. Sokolsk\u00fa krv m\u00e1m v\u00a0sebe a\u00a0zase som ju odovzdala \u010falej \u2013 de\u0165om, vnukom. V\u0161etci s\u00fa sokoli.<br \/>\n<strong>MD:<\/strong> U\u00a0n\u00e1s naopak \u2013 jedin\u00fd ja som bol sokol, inak nikto. Ako som hovoril, \u017ee \u013eudia chodili pozera\u0165 na cvi\u010denie sokolov, tak som najprv chodil aj ja. A\u00a0zl\u00e1kalo ma to.<\/p>\n<p>&nbsp;<\/p>\n<h4>SOKOL NIE S\u00da LEN SPOLO\u010cN\u00c9 CVI\u010cENIA<\/h4>\n<p><strong>Venovali ste sa, okrem spolo\u010dn\u00fdch cvi\u010den\u00ed, nejak\u00e9mu \u0161portu aj s\u00fa\u0165a\u017ene?<\/strong><br \/>\n<strong>VM:<\/strong> Ako dorastenka i\u00a0\u017eena som hr\u00e1vala s\u00fa\u0165a\u017ene volejbal. Hr\u00e1val aj m\u00f4j brat a\u00a0je to moja srdcovka. Dodnes, ke\u010f m\u00e1m mo\u017enos\u0165 pozrie\u0165 si kvalitn\u00fd z\u00e1pas, tak ve\u013emi rada. Dnes v\u0161ak u\u017e len tie spolo\u010dn\u00e9 cvi\u010denia.<br \/>\n<strong>MD:<\/strong> Ja som robil z\u00e1vodne gymnastiku. Tr\u00e9noval n\u00e1s p\u00e1n Mach\u00e1\u010dek a\u00a0chodievali sme po Z\u00e1hor\u00ed a\u00a0do Bratislavy na preteky v\u00a0prostn\u00fdch. Okrem toho sme hr\u00e1vali volejbal, futbal, stoln\u00fd tenis, &#8230; My sme chodili na v\u0161etko, \u010do v\u00a0Skalici bolo.<\/p>\n<p><strong>St\u00e1le e\u0161te vo va\u0161om veku akt\u00edvne cvi\u010d\u00edte?<\/strong><br \/>\n<strong>VM:<\/strong> Cvi\u010d\u00edm st\u00e1le, dvakr\u00e1t t\u00fd\u017edenne. U\u017e to s\u00edce nie je tak\u00e9 ako by som chcela, ale by\u0165 bez toho nem\u00f4\u017eem. M\u00e1me dobr\u00fa cvi\u010dite\u013eku aj na zdravotn\u00fa telesn\u00fa v\u00fdchovu, ale e\u0161te st\u00e1le ma to l\u00e1ka k\u00a0mlad\u0161\u00edm \u017een\u00e1m na bodystyling. U\u017e je to dos\u0165 v\u00a0tempe, ale m\u00e1m ve\u013emi rada cvi\u010denie spojen\u00e9 s\u00a0hudbou. Samozrejme sa v\u017edy z\u00fa\u010dastn\u00edm n\u00e1cviku spolo\u010dn\u00fdch skladieb na v\u0161esokolsk\u00fd zlet alebo na vyst\u00fapenia v\u00a0zahrani\u010d\u00ed. To je pre m\u0148a st\u00e1le to najviac. Vo ve\u013emi dobr\u00fdch vz\u0165ahoch sme s\u00a0moravsk\u00fdmi jednotami. Najviac s\u00a0Vesel\u00edm.<br \/>\n<strong>MD:<\/strong> Ja som s\u00a0hromadn\u00fdm cvi\u010den\u00edm skon\u010dil u\u017e s\u00a0rozpusten\u00edm Sokola. M\u00e1m vinohrad, kde m\u00e1m rozcvi\u010dku dobr\u00fa. Ale, samozrejme, \u017ee som \u0161portoval. V\u00a0roku 1952 sme hrali najvy\u0161\u0161iu s\u00fa\u0165a\u017e v\u00a0stolnom tenise a\u00a0potom som bol vyslan\u00fd do b\u00fdval\u00e9ho Tyr\u0161ovho domu v\u00a0Prahe, kde som p\u00f4sobil ako tr\u00e9ner a\u00a0in\u0161truktor.<\/p>\n<figure id=\"attachment_1590\" aria-describedby=\"caption-attachment-1590\" style=\"width: 442px\" class=\"wp-caption aligncenter\"><img loading=\"lazy\" decoding=\"async\" class=\"size-full wp-image-1590\" src=\"http:\/\/skalickyobzor.sk\/cms\/wp-content\/uploads\/2018\/11\/IMG_0871.jpg\" alt=\"\" width=\"442\" height=\"614\" srcset=\"http:\/\/skalickyobzor.sk\/cms\/wp-content\/uploads\/2018\/11\/IMG_0871.jpg 442w, http:\/\/skalickyobzor.sk\/cms\/wp-content\/uploads\/2018\/11\/IMG_0871-216x300.jpg 216w\" sizes=\"auto, (max-width: 442px) 100vw, 442px\" \/><figcaption id=\"caption-attachment-1590\" class=\"wp-caption-text\">Foto: J\u00e1n Pardubsk\u00fd<\/figcaption><\/figure>\n<p>&nbsp;<\/p>\n<h4>\u010cIERNE OBDOBIE V\u00a0HIST\u00d3RII<\/h4>\n<p><strong>Sokolsk\u00e1 my\u0161lienka bola t\u0155\u0148om v\u00a0oku re\u017eimom po nieko\u013eko desa\u0165ro\u010d\u00ed.<\/strong><br \/>\n<strong>VM:<\/strong> Sokol prek\u00e1\u017eal ka\u017edej diktat\u00fare, \u010di u\u017e fa\u0161istom alebo komunistom, preto\u017ee to nie je len cvi\u010denie, ale predov\u0161etk\u00fdm s\u00fa to hodnoty. T\u00e1 sila vz\u00e1jomnej s\u00fadr\u017enosti, pomoci, fair play, to bolo pre tieto re\u017eimy nebezpe\u010dn\u00e9, ak to nemali pod kontrolou. Po\u010das vojny boli sokoli prenasledovan\u00ed, predov\u0161etk\u00fdm v\u00a0\u010cech\u00e1ch za protektor\u00e1tu. Sokolsk\u00e1 obec bola rozpusten\u00e1, majetok zabaven\u00fd a\u00a0v\u00a0noci zo 7. na 8. okt\u00f3bra 1941 gestapo zatklo v\u0161etk\u00fdch \u010dinovn\u00edkov vedenia a\u00a0v\u00e4\u010d\u0161\u00edch jedn\u00f4t. Boli mu\u010den\u00ed a\u00a0poslan\u00ed do koncentra\u010dn\u00fdch t\u00e1borov. Sp\u00e4\u0165 sa nevr\u00e1til skoro nikto. Preto je aj 8. okt\u00f3ber Pam\u00e4tn\u00fdm d\u0148om sokolstva.<br \/>\n<strong>MD:<\/strong> Cez vojnu sa necvi\u010dilo a\u00a0na chv\u00ed\u013eu bol Sokol obnoven\u00fd po vojne. Ale pri\u0161iel komunistick\u00fd prevrat a\u00a0bol zase koniec. Znovu boli sokoli prenasledovan\u00ed, len in\u00fdm re\u017eimom. Ve\u013ek\u00e9 spolo\u010dn\u00e9 cvi\u010denia v\u0161ak pokra\u010dovali, ako spartaki\u00e1da. Na nej som cvi\u010dil v\u00a0roku 1955 ako vojak. Z\u00a0cel\u00e9ho pluku n\u00e1s vybrali len osem, ktor\u00ed sme tie cviky zvl\u00e1dli. Ja som v\u0161etko, \u010do tam bolo, vedel u\u017e zo Sokola, tak to pre m\u0148a nebol probl\u00e9m.<\/p>\n<p><strong>Ak\u00e1 bola situ\u00e1cia po rozpusten\u00ed Sokola?<\/strong><br \/>\n<strong>MD:<\/strong> N\u00e1stupom komunistov k\u00a0moci i\u0161lo v\u0161etko direkt\u00edvne. Odrazu bol Sokol zak\u00e1zan\u00fd a\u00a0ani neviem kam zmizlo v\u0161etko vybavenie a\u00a0n\u00e1radie.<br \/>\n<strong>VM:<\/strong> Cel\u00fd sokolsk\u00fd majetok pripadol \u010cSTV. Po re\u0161tit\u00facii v\u00a0dev\u00e4\u0165desiatom roku to bolo v\u00a0\u010cech\u00e1ch jednoduch\u0161ie \u2013 cel\u00fd majetok Sokola, nech ho mal v\u00a0dr\u017ebe kto chcel, museli vr\u00e1ti\u0165 Sokolu. Na Slovensku museli majetok vr\u00e1ti\u0165 len \u0161portov\u00e9 organiz\u00e1cie. V\u00a0Skalici \u010cSTV sokolov\u0148u predalo Grafobalu, n\u00e1radie sa rozobralo i\u00a0vyh\u00e1dzalo, z\u00a0budovy sa stal sklad a\u00a0u\u017e sa n\u00e1m nikdy nevr\u00e1tila. Dnes je budova opraven\u00e1, no v\u00a0s\u00fakromn\u00fdch ruk\u00e1ch a\u00a0Sokol u\u017e pripom\u00edna len reli\u00e9fny znak na \u0161t\u00edte.<\/p>\n<p>&nbsp;<\/p>\n<h4>SOKOLI ZASE LETIA<\/h4>\n<p><strong>Kde, teda, dnes cvi\u010d\u00edte?<\/strong><br \/>\n<strong>VM:<\/strong> Na\u0161a najv\u00e4\u010d\u0161ia \u010dinnos\u0165 prebieha v\u00a0telocvi\u010dni na Z\u0160 Vajansk\u00e9ho, stoln\u00fd tenis na Z\u0160 Str\u00e1\u017enick\u00e1 a\u00a0bedminton je v\u00a0\u0161portovom klube Mar bar. Vlastne \u017eiadny svoj priestor nem\u00e1me a\u00a0v\u0161ade mus\u00edme plati\u0165 n\u00e1jomn\u00e9.<\/p>\n<p><strong>Ako sa dar\u00ed sokolskej jednote v\u00a0Skalici v\u00a0s\u00fa\u010dasnosti?<\/strong><br \/>\n<strong>VM:<\/strong> V\u017edy sme sa sna\u017eili pritiahnu\u0165 \u013eud\u00ed k\u00a0cvi\u010deniu a\u00a0pohybu. Mo\u017enost\u00ed je v\u0161ak dnes ve\u013ea. Na prekvapenie je najv\u00e4\u010d\u0161\u00edm probl\u00e9mom pre na\u0161u \u010dinnos\u0165 to, \u017ee za\u010dalo fungova\u0165 mno\u017estvo fitnes centier. Na jednej strane n\u00e1s to te\u0161\u00ed, no mlad\u0161ia gener\u00e1cia sa n\u00e1m rozp\u0155chla pr\u00e1ve k\u00a0nim. My sa v\u0161ak c\u00edtime ako masov\u00e1 organiz\u00e1cia pre cel\u00e9 rodiny a\u00a0aj na\u0161a \u010dinnos\u0165 je v\u0161estrann\u00e1 a\u00a0\u010dasto spolo\u010dn\u00e1. S\u00favis\u00ed to aj s\u00a0t\u00fdm, \u017ee 90\u00a0percent na\u0161ich \u010dlenov s\u00fa \u017eeny. Aj \u010dlensk\u00e9 je u\u00a0n\u00e1s na rozdiel od t\u00fdchto centier tak\u00e9, aby si to mohol dovoli\u0165 skuto\u010dne ka\u017ed\u00fd. Po\u010det na\u0161ich \u010dlenov kol\u00ed\u0161e, ale st\u00e1le je to od 350 do 400.<\/p>\n<p><strong>Ak\u00fdm sp\u00f4sobom prich\u00e1dzaj\u00fa mlad\u00ed?<\/strong><br \/>\n<strong>VM:<\/strong> V\u00a0s\u00fa\u010dasnosti sme sa zamerali na deti. Nieko\u013eko rokov u\u00a0n\u00e1s op\u00e4\u0165 funguje \u0161portov\u00e1 gymnastika, \u010do n\u00e1s ve\u013emi te\u0161\u00ed. Kedysi bola gymnastika v\u00a0Skalici na vysokej \u00farovni, no zrazu to skon\u010dilo. \u0160koly zru\u0161ili n\u00e1radia, nebolo kde tr\u00e9nova\u0165. Teraz sme zohnali financie, n\u00e1radie sme nak\u00fapili a\u00a0\u010do je d\u00f4le\u017eit\u00e9, z\u00edskali sme kvalitn\u00fa tr\u00e9nerku. Dnes m\u00e1me tri. Okrem toho vznikol oddiel \u0161portov\u00fdch aktiv\u00edt det\u00ed, ktor\u00fd je pohybovo vo\u013enej\u0161\u00ed a\u00a0hravej\u0161\u00ed. Pre dospel\u00fdch sa cvi\u010deniami prisp\u00f4sobujeme dobe. V\u0161etko sa vyv\u00edja. Aj my.<\/p>\n<p>&nbsp;<\/p>\n<h4>KA\u017dD\u00dd SI N\u00c1JDE SVOJE<\/h4>\n<p><strong>VM:<\/strong> Najv\u00e4\u010d\u0161\u00edm oddielom je takzvan\u00e1 sokolsk\u00e1 v\u0161estrannos\u0165. Ten by vlastne, okrem loptov\u00fdch hier, mohol pokry\u0165 v\u0161etko. Rozdelili sme to v\u0161ak na oddiely bodystylingu, zdravotnej telesnej v\u00fdchovy, tabaty, zumby, jumpingu, gymnastiky, spom\u00ednan\u00fdch \u0161portov\u00fdch aktiv\u00edt det\u00ed a\u00a0oddiel turistiky. \u010ealej m\u00e1me oddiel stoln\u00e9ho tenisu, florbalu a\u00a0bedmintonu. N\u00e1\u0161 oddiel turistiky je ve\u013emi ob\u013e\u00faben\u00fd, hlavne preto, \u017ee je vhodn\u00fd pre v\u0161etk\u00fdch milovn\u00edkov pr\u00edrody a\u00a0hlavne pre cel\u00e9 rodiny.<\/p>\n<p><strong>Ke\u010f sme pri rodin\u00e1ch, spom\u00ednate si, \u017ee v\u010faka sokolskej jednote vznikli v\u00a0Skalici nejak\u00e9 man\u017eelsk\u00e9 p\u00e1ry?<\/strong><br \/>\n<strong>VM:<\/strong> Ur\u010dite \u00e1no, aj ke\u010f toho nebolo ve\u013ea, preto\u017ee u\u00a0n\u00e1s v\u017edy bolo ove\u013ea viac \u017eien ako mu\u017eov. Ale boli sme gratulova\u0165 na nieko\u013ek\u00fdch svadb\u00e1ch. Minim\u00e1lne o\u00a0dvoch viem aj teraz.<br \/>\n<strong>MD:<\/strong> Ja nemus\u00edm chodi\u0165 \u010faleko \u2013 moja man\u017eelka tie\u017e chodila do Sokola a\u00a0dokonca som ju nacvi\u010doval.<\/p>\n<p>&nbsp;<\/p>\n<h4>ZO SRDCA A\u00a0Z\u00a0PRESVED\u010cENIA<\/h4>\n<p><strong>S\u00fa\u010das\u0165ou sokolsk\u00e9ho \u017eivota s\u00fa v\u0161esokolsk\u00e9 zlety. V\u00a0tomto roku sa konal v\u00a0Prahe u\u017e \u0161estn\u00e1sty, na ktorom ste boli aj vy.<\/strong><br \/>\n<strong>VM:<\/strong> Zlet je v\u017edy ve\u013ek\u00e1 udalos\u0165 a\u00a0sl\u00e1va. Tento rok to bolo umocnen\u00e9 st\u00fdm v\u00fdro\u010d\u00edm vzniku spolo\u010dnej \u010ceskoslovenskej republiky. Mali sme dokonca \u010des\u0165 \u00eds\u0165 za z\u00e1stavami na \u010dele sprievodu. Skladba, s\u00a0ktorou sme vystupovali sa pr\u00edzna\u010dne volala Spolu. Na\u0161a slovensk\u00e1 autorka ju robila pre spolo\u010dn\u00e9 cvi\u010denie \u010desk\u00fdch a\u00a0slovensk\u00fdch cvi\u010deniek. Treba podotkn\u00fa\u0165, \u017ee to cvi\u010denie sa postupne za\u010dalo v\u00a0\u010cech\u00e1ch a\u00a0na Slovensku odli\u0161ova\u0165. V\u00a0\u010cech\u00e1ch to bolo st\u00e1le tak\u00e9 klasick\u00e9, ako za prvej republiky, k\u00fdm na Slovensku boli skladby a\u00a0zostavy \u010faleko modernej\u0161ie, i\u00a0ke\u010f v\u00a0posledn\u00fdch zletoch je vidie\u0165 snaha o\u00a0moderniz\u00e1ciu. Prihl\u00e1silo sa napokon 860 \u017eien, ktor\u00e9 nacvi\u010dovali po skupink\u00e1ch vo svojich jednot\u00e1ch. Najmlad\u0161ia cvi\u010denka v\u00a0Prahe od n\u00e1s bola jeden\u00e1s\u0165ro\u010dn\u00e1 Nat\u00e1lka a\u00a0najstar\u0161ia som bola ja, aj ke\u010f som napokon necvi\u010dila. S\u00a0ostatn\u00fdmi sme sa spolu videli a\u017e v\u00a0Prahe a\u00a0neverili sme, \u017ee sa dok\u00e1\u017eeme spoji\u0165 do jedn\u00e9ho celku. Nakoniec z\u00a0toho nad\u0161enia a\u00a0odhodlania vy\u0161iel \u00fa\u017easn\u00fd v\u00fdsledok. Mala som na starosti cel\u00fa slovensk\u00fa v\u00fdpravu, tak som si to skuto\u010dne vychutnala. Zo Skalice sme mali v\u00a0zostave dokonca babku, dc\u00e9ru a\u00a0vnu\u010dku.<\/p>\n<figure id=\"attachment_1591\" aria-describedby=\"caption-attachment-1591\" style=\"width: 461px\" class=\"wp-caption aligncenter\"><img loading=\"lazy\" decoding=\"async\" class=\"size-full wp-image-1591\" src=\"http:\/\/skalickyobzor.sk\/cms\/wp-content\/uploads\/2018\/11\/Arch\u00edv-Viera-Mikl\u00e1\u0161ov\u00e1-4.jpg\" alt=\"\" width=\"461\" height=\"614\" srcset=\"http:\/\/skalickyobzor.sk\/cms\/wp-content\/uploads\/2018\/11\/Arch\u00edv-Viera-Mikl\u00e1\u0161ov\u00e1-4.jpg 461w, http:\/\/skalickyobzor.sk\/cms\/wp-content\/uploads\/2018\/11\/Arch\u00edv-Viera-Mikl\u00e1\u0161ov\u00e1-4-225x300.jpg 225w\" sizes=\"auto, (max-width: 461px) 100vw, 461px\" \/><figcaption id=\"caption-attachment-1591\" class=\"wp-caption-text\">Arch\u00edv: Viera Mikl\u00e1\u0161ov\u00e1<\/figcaption><\/figure>\n<p><strong>Za m\u0148a, ako za div\u00e1\u010dku, mus\u00edm \u00faplne potvrdi\u0165. Bolo to skuto\u010dne doj\u00edmav\u00e9 a\u00a0to spojenie oboch kraj\u00edn, zase aspo\u0148 na jednom mieste a\u00a0na chv\u00ed\u013eu, bolo skuto\u010dne srde\u010dn\u00e9. Je tak\u00e1to atmosf\u00e9ra aj na podobn\u00fdch stretnutiach v\u00a0zahrani\u010d\u00ed?<\/strong><br \/>\n<strong>VM:<\/strong> Teraz ideme u\u017e po \u0161tvrt\u00fdkr\u00e1t na svetov\u00fa gymnaestr\u00e1du \u2013 postupne bola vo Franc\u00fazsku, \u0160vaj\u010diarsku, potom vo F\u00ednsku a\u00a0teraz bude v\u00a0Rak\u00fasku. Znie to kr\u00e1sne, ale treba poveda\u0165, \u017ee v\u0161etci \u00fa\u010dastn\u00edci si v\u0161etky n\u00e1klady hradia sami a\u00a0t\u00ed, ktor\u00ed pracuj\u00fa, si musia zobra\u0165 dovolenku. Nehovor\u00edm o\u00a0\u010dase, str\u00e1venom pri n\u00e1cvikoch. My v\u0161etci tak m\u00e1me navz\u00e1jom istotu, \u017ee ka\u017ed\u00fd, kto tam je, je skuto\u010dn\u00fdm sokolom z\u00a0presved\u010denia.<\/p>\n<p><strong>Okrem Skali\u010daniek e\u0161te z\u00a0ktor\u00fdch slovensk\u00fdch miest chodievaj\u00fa cvi\u010denky na tieto akcie? Ak\u00e9 s\u00fa medzi vami vz\u0165ahy a\u00a0kontakty?<\/strong><br \/>\n<strong>VM:<\/strong> Zo Slovenska chodia s\u00a0nami \u017eeny z\u00a0dvan\u00e1stich jedn\u00f4t. Je n\u00e1s celkom 270 a\u00a0v\u0161etky sa pozn\u00e1me. Stret\u00e1vame sa v\u00a0nejak\u00fdch meniacich sa skupink\u00e1ch aj medzi zletmi, na r\u00f4znych akci\u00e1ch, oslav\u00e1ch, kam sme pozvan\u00e9 cvi\u010di\u0165. Tak sa navz\u00e1jom vid\u00edme aspo\u0148 raz do roka.<\/p>\n<p>&nbsp;<\/p>\n<h4>STO ROKOV HIST\u00d3RIE<\/h4>\n<p><strong>M\u00e1te a\u00a0ochra\u0148ujete nejak\u00e9 pamiatky z\u00a0hist\u00f3rie skalick\u00e9ho Sokola?<\/strong><br \/>\n<strong>VM:<\/strong> Ve\u013emi m\u00e1lo a\u00a0\u010do bolo, sme dali Z\u00e1horsk\u00e9mu m\u00fazeu. Probl\u00e9mom je, \u017ee sme nemali doteraz \u017eiadnu klubov\u0148u. V\u0161etko sa zru\u0161ilo spolu so sokolov\u0148ou. Posledn\u00fd starosta Sokola dal to, \u010do mal, do arch\u00edvu, zvy\u0161ok sa stratil, ako to u\u017e tak b\u00fdva. Kroniky a\u00a0albumy m\u00e1me vlastne a\u017e od roku 1991.<br \/>\nTeraz m\u00e1me prenajat\u00fd priestor od mesta, kde sa m\u00f4\u017eeme stret\u00e1va\u0165 a\u00a0tam aj pomaly zhroma\u017e\u010fujeme, \u010do sa n\u00e1m podar\u00ed z\u00edska\u0165.<br \/>\n<strong>MD:<\/strong> Ja som u\u017e d\u00e1vno v\u0161etko rozdal. R\u00e1d by som v\u0161ak povedal nie\u010do k\u00a0t\u00fdm straten\u00fdm materi\u00e1lom. Mnoho ich bolo u\u00a0n\u00e1\u010deln\u00ed\u010dky Vlasty Haplovej a\u00a0ke\u010f pri\u0161lo k\u00a0likvid\u00e1cii Sokola, tak n\u00e1m to v\u0161etko sp\u00e1lili.<\/p>\n<p><img loading=\"lazy\" decoding=\"async\" class=\"aligncenter size-full wp-image-1593\" src=\"http:\/\/skalickyobzor.sk\/cms\/wp-content\/uploads\/2018\/11\/SokolovnaSkalica19231.jpg\" alt=\"\" width=\"700\" height=\"464\" srcset=\"http:\/\/skalickyobzor.sk\/cms\/wp-content\/uploads\/2018\/11\/SokolovnaSkalica19231.jpg 700w, http:\/\/skalickyobzor.sk\/cms\/wp-content\/uploads\/2018\/11\/SokolovnaSkalica19231-300x199.jpg 300w\" sizes=\"auto, (max-width: 700px) 100vw, 700px\" \/><\/p>\n<p><strong>Jednou zo sl\u00e1vnostn\u00fdch chv\u00ed\u013e osl\u00e1v st\u00e9ho v\u00fdro\u010dia vzniku Sokola bude aj krst novej vlajky skalickej jednoty. Ak\u00e1 je jej hist\u00f3ria?<\/strong><br \/>\n<strong>VM:<\/strong> Krst vlajky bude s\u00fa\u010das\u0165ou sl\u00e1vnostnej \u0161portovej akad\u00e9mie, ktor\u00e1 sa bude kona\u0165 8.\u00a0decembra v\u00a0kult\u00farnom dome. Tam odznie podrobne jej hist\u00f3ria. Viem, \u017ee prv\u00e1 vlajka poch\u00e1dzala e\u0161te z\u00a0roku 1922, no t\u00e1 sa stratila bez stopy. \u010eal\u0161ia, ako my sokoli hovor\u00edme prapor, bola vyroben\u00e1 v\u00a0roku 1938. T\u00e1 je ulo\u017een\u00e1 v\u00a0m\u00fazeu a\u00a0teraz sme nechali urobi\u0165 repliku tohto historick\u00e9ho kusu. Origin\u00e1l m\u00e1 ve\u013ek\u00fa historick\u00fa hodnotu a\u00a0nebolo teda mo\u017en\u00e9 s\u00a0t\u00fdm praporom cestova\u0165 na r\u00f4zne oslavy a\u00a0vyst\u00fapenia. Preto sme sa rozhodli pre tento krok.<br \/>\n<strong>MD:<\/strong> Ako mlad\u00ed sme e\u0161te pochodovali s\u00a0tou origin\u00e1lnou vlajkou, ktor\u00e1 je dnes m\u00fazejn\u00fdm expon\u00e1tom. Len\u017ee vtedy bola star\u00e1 jedno desa\u0165ro\u010die. Niesli ju vypar\u00e1den\u00ed, uniformovan\u00ed sokoli. Tie kr\u00e1sne uniformy mali len star\u0161\u00ed a\u00a0bohat\u0161\u00ed. Nech\u00e1vali si ich \u0161i\u0165 sami. Ostatn\u00ed boli v\u00a0\u0161ponovk\u00e1ch a\u00a0bielych tielkach.<\/p>\n<p>&nbsp;<\/p>\n<h4>\u010cO NEZOBERIE ANI \u010cAS<\/h4>\n<p><strong>\u010co v\u00e1m Sokol dal?<\/strong><br \/>\n<strong>VM:<\/strong> V\u00a0prvom rade ma nau\u010dil pravidelnosti. Aj discipl\u00edne. Ani mne sa niekedy nechcelo, ale napokon som v\u017edy i\u0161la. Vtedy pr\u00edde \u010dlovek medzi svojich do telocvi\u010dne a\u00a0v\u0161etko zrazu z\u00a0neho spadne. Nab\u00edja ma to. A\u00a0k\u00a0tomu spolo\u010dn\u00e1 turistika, v\u00fdlety, hry, kamar\u00e1tstva, &#8230; Ide to v\u0161etko aj preto, \u017ee m\u00e1m okolo seba \u013eud\u00ed, na ktor\u00fdch sa m\u00f4\u017eem spo\u013eahn\u00fa\u0165.<br \/>\n<strong>MD:<\/strong> Pravidelnos\u0165 a\u00a0discipl\u00edna \u2013 to je pravda. Ke\u010f sme nacvi\u010dovali s\u00a0de\u0165mi, tak som bol \u0161tyrikr\u00e1t do t\u00fd\u017ed\u0148a o\u00a0piatej v\u00a0telocvi\u010dni. A\u00a0to som musel pom\u00e1ha\u0165 doma. Dodnes ka\u017ed\u00e9 r\u00e1no cvi\u010d\u00edm a\u00a0za\u010d\u00ednam u\u017e na posteli. Podeli\u0165 si \u010das medzi to, \u010do \u010dlovek mus\u00ed a\u00a0po \u010dom t\u00fa\u017ei je dobr\u00e1 sk\u00fasenos\u0165.<\/p>\n<p><strong>Na z\u00e1ver si dovol\u00edm prida\u0165, \u017ee ur\u010dite to, \u010do v\u00e1m Sokol dal, je fyzick\u00e1 i\u00a0du\u0161evn\u00e1 svie\u017eos\u0165. \u017diadny z\u00a0v\u00e1s nevyzer\u00e1 na svoj vek, m\u00e1te obrovsk\u00e9 mno\u017estvo energie a\u00a0el\u00e1nu. Rozhovor a\u00a0stretnutie s\u00a0vami je asi tou najlep\u0161ou odpove\u010fou na to, ak sa e\u0161te niekto sp\u00fdta, \u010do by mu Sokol dal. \u010eakujem.<\/strong><\/p>\n<p><em>\u017delm\u00edra Mach\u00e1\u010dkov\u00e1<\/em><\/p>\n<h3 style=\"text-align: center;\">Zo s\u00fakromn\u00e9ho denn\u00edka Du\u0161ana Krivsk\u00e9ho<br \/>\n(akt\u00edvny cvi\u010denec v\u00a0rokoch 1965 a\u017e 2012)<\/h3>\n<p style=\"text-align: left;\">\u201eHned, jak sem vipochodoval ze \u0161tadi\u00f3na, tak mi moju obrovsk\u00fa z\u00e1stavu zebrali, \u010d\u00edm vz\u0148ikel probl\u00e9m, kde ju zeberu na cvi\u010de\u0148\u00e1. Na\u0161\u0165est\u00ed sem mjel vlajku stred\u0148\u00ed velikos\u0165i z\u00a0domu, ale bez ti\u010dki. Milka sl\u00fabila, \u017ee na v\u010deraj\u0161\u00ed pora\u010fe ju ze\u017eene, ale vika\u0161lala sa na to a\u00a0rekla mi, \u017ee m\u00e1m je\u010fin\u00fa vjec na staros\u0165i a\u00a0to je zehnat ti\u010dku na vlajku, tak nech sa star\u00e1m. Zis\u0165il sem, \u017ee vlajka sa po anglicki pov\u00ed \u201efleg\u201c a\u00a0ti\u010d sa pov\u00ed \u201epoul\u201c. Takto re\u010dovej vibaven\u00ed s\u00a0vlajk\u00fa v\u00a0ruce sem sa vibral mezi f\u00ednsk\u00edch organiz\u00e1tor\u00fa, ker\u00edm sem rukama zn\u00e1zor\u0148oval, co potrebuju, pri\u010dem sem r\u00edkal: Potrebuju poul, abich na \u0148u mohel dat fleg. Ti enom kr\u00fa\u0165ili hlav\u00fa a\u00a0j\u00e1 sem nevje\u010fel esli proto, \u017ee mi nerozumj\u00e1, alebo proto, \u017ee nevje\u010f\u00e1 zehnat ti\u010dku. Obr\u00e1\u0165il sem sa na jedn\u00e9ho policajta. Ten tak\u00e9 enom pogr\u010dil plecama a\u00a0j\u00e1 sem \u0161el d\u00e1lej. Ked sem sa smutn\u00ed asi za pjet minut vr\u00e1\u0165il, pod\u00e1val mi policajt ti\u010dku, asi bila od zmet\u00e1ka, ker\u00e1 sa na vlajku ho\u010fila akur\u00e1t. Ten f\u00ednsk\u00ed policajt bil asi je\u010fin\u00ed, do tam vje\u010fel po skalicki&#8230;\u201c<\/p>\n<p style=\"text-align: right;\">(Svetov\u00e1 gymnaestr\u00e1da, Helsinky 2015)<\/p>\n","protected":false},"excerpt":{"rendered":"<div class=\"mh-excerpt\"><p>\u201eU\u017e pred prvou svetovou vojnou boli v\u00a0Skalici snahy o\u00a0zalo\u017eenie telov\u00fdchovnej jednoty Sokol. K\u00a0ich zav\u0155\u0161eniu pri\u0161lo po ukon\u010den\u00ed vojny a\u00a0nieko\u013eko dn\u00ed po vzniku \u010ceskoslovenskej republiky \u2013 10.\u00a0novembra 1918 \u2013 za\u010dala jednota, ako prv\u00e1 na Slovensku, ofici\u00e1lne <a class=\"mh-excerpt-more\" href=\"http:\/\/skalickyobzor.sk\/cms\/hej-hej-hej-sokoli\/\" title=\"Hej, hej, hej, sokoli!\">[&#8230;]<\/a><\/p>\n<\/div>","protected":false},"author":2,"featured_media":1589,"comment_status":"closed","ping_status":"closed","sticky":false,"template":"","format":"standard","meta":{"footnotes":""},"categories":[2],"tags":[],"class_list":{"0":"post-1496","1":"post","2":"type-post","3":"status-publish","4":"format-standard","5":"has-post-thumbnail","7":"category-hlavna-tema"},"_links":{"self":[{"href":"http:\/\/skalickyobzor.sk\/cms\/wp-json\/wp\/v2\/posts\/1496","targetHints":{"allow":["GET"]}}],"collection":[{"href":"http:\/\/skalickyobzor.sk\/cms\/wp-json\/wp\/v2\/posts"}],"about":[{"href":"http:\/\/skalickyobzor.sk\/cms\/wp-json\/wp\/v2\/types\/post"}],"author":[{"embeddable":true,"href":"http:\/\/skalickyobzor.sk\/cms\/wp-json\/wp\/v2\/users\/2"}],"replies":[{"embeddable":true,"href":"http:\/\/skalickyobzor.sk\/cms\/wp-json\/wp\/v2\/comments?post=1496"}],"version-history":[{"count":9,"href":"http:\/\/skalickyobzor.sk\/cms\/wp-json\/wp\/v2\/posts\/1496\/revisions"}],"predecessor-version":[{"id":1594,"href":"http:\/\/skalickyobzor.sk\/cms\/wp-json\/wp\/v2\/posts\/1496\/revisions\/1594"}],"wp:featuredmedia":[{"embeddable":true,"href":"http:\/\/skalickyobzor.sk\/cms\/wp-json\/wp\/v2\/media\/1589"}],"wp:attachment":[{"href":"http:\/\/skalickyobzor.sk\/cms\/wp-json\/wp\/v2\/media?parent=1496"}],"wp:term":[{"taxonomy":"category","embeddable":true,"href":"http:\/\/skalickyobzor.sk\/cms\/wp-json\/wp\/v2\/categories?post=1496"},{"taxonomy":"post_tag","embeddable":true,"href":"http:\/\/skalickyobzor.sk\/cms\/wp-json\/wp\/v2\/tags?post=1496"}],"curies":[{"name":"wp","href":"https:\/\/api.w.org\/{rel}","templated":true}]}}