{"id":1504,"date":"2018-11-08T06:08:26","date_gmt":"2018-11-08T05:08:26","guid":{"rendered":"http:\/\/skalickyobzor.sk\/cms\/?p=1504"},"modified":"2019-07-06T22:36:36","modified_gmt":"2019-07-06T20:36:36","slug":"pribehy-z-pamatnika","status":"publish","type":"post","link":"http:\/\/skalickyobzor.sk\/cms\/pribehy-z-pamatnika\/","title":{"rendered":"Pr\u00edbehy z pam\u00e4tn\u00edka 1.svetovej vojny &#8211; Michal Hude\u010dek"},"content":{"rendered":"<p><strong>Jeden\u00e1steho novembra osl\u00e1vime st\u00e9 v\u00fdro\u010die skon\u010denia 1.\u00a0svetovej vojny. Konce vojen by sme mali oslavova\u0165. V\u00a0tento de\u0148 v\u00a0roku 1918 bola v\u00a0\u017eelezni\u010dnom vag\u00f3ne ne\u010faleko Par\u00ed\u017ea podp\u00edsan\u00e1 dohoda o\u00a0pr\u00edmer\u00ed medzi Nemeckom a\u00a0predstavite\u013emi Dohody. Ve\u013ek\u00e1 vojna bola jednou z\u00a0najstra\u0161nej\u0161\u00edch nielen pre osem mili\u00f3nov zabit\u00fdch, ale predov\u0161etk\u00fdm pre mno\u017estvo \u0165a\u017eko ranen\u00fdch. V\u00a0niektor\u00fdch krajin\u00e1ch zanikla takmer cel\u00e1 jedna gener\u00e1cia mu\u017eov.<\/strong><\/p>\n<p>V\u00a0roku 1927 vyr\u00e1stol v\u00a0Skalici na Poto\u010dnej ulici pomn\u00edk. Takmer sedem rokov prebiehala zbierka na jeho vybudovanie. Tri dosky na hranolovitom podstavci nes\u00fa stosedemdesiat mien t\u00fdch, ktor\u00ed sa z\u00a0tohto konfliktu u\u017e nikdy domov nevr\u00e1tili. Boli v\u00a0akt\u00edvnej slu\u017ebe a\u00a0preto v\u0161etci mlad\u00ed. Po v\u00e4\u010d\u0161ine zostali len siroty a\u00a0vdovy. \u010clovek sa po\u010das svojho \u017eivota zvy\u010dajne stretne s\u00a0\u013eu\u010fmi \u2013\u00a0z\u00a0troch gener\u00e1ci\u00ed pred nami, tej na\u0161ej a\u00a0troch gener\u00e1ci\u00ed po n\u00e1s. Ak h\u013ead\u00e1me pr\u00edbehy, spojen\u00e9 s\u00a0udalos\u0165ou spred cel\u00e9ho storo\u010dia, tak m\u00e1me jednu z\u00a0posledn\u00fdch pr\u00edle\u017eitost\u00ed. E\u0161te st\u00e1le m\u00e1me mo\u017enos\u0165 na\u010d\u00fava\u0165 star\u00fdm \u013eu\u010fom, ktor\u00ed v\u00a0mladosti tie\u017e star\u00fdm na\u010d\u00favali. Tak ost\u00e1vaj\u00fa pr\u00edbehy v\u00a0rodin\u00e1ch a\u00a0my sa pok\u00fa\u0161ame ich prostredn\u00edctvom da\u0165 men\u00e1m na tabuliach na chv\u00ed\u013eu k\u00fasok \u017eivota k\u00a0dobru. Dnes uv\u00e1dzame prv\u00fd z\u00a0t\u00fdch, ktor\u00e9 ste n\u00e1m poslali.<\/p>\n<p>&nbsp;<\/p>\n<hr \/>\n<h3><\/h3>\n<p>&nbsp;<\/p>\n<h3>MICHAL HUDE\u010cEK<\/h3>\n<figure id=\"attachment_1585\" aria-describedby=\"caption-attachment-1585\" style=\"width: 376px\" class=\"wp-caption aligncenter\"><img loading=\"lazy\" decoding=\"async\" class=\"wp-image-1585 size-full\" src=\"http:\/\/skalickyobzor.sk\/cms\/wp-content\/uploads\/2018\/11\/1-Michal-Hude\u010dek-fotky-a-pribeh-1CB.jpg\" alt=\"\" width=\"376\" height=\"601\" srcset=\"http:\/\/skalickyobzor.sk\/cms\/wp-content\/uploads\/2018\/11\/1-Michal-Hude\u010dek-fotky-a-pribeh-1CB.jpg 376w, http:\/\/skalickyobzor.sk\/cms\/wp-content\/uploads\/2018\/11\/1-Michal-Hude\u010dek-fotky-a-pribeh-1CB-188x300.jpg 188w\" sizes=\"auto, (max-width: 376px) 100vw, 376px\" \/><figcaption id=\"caption-attachment-1585\" class=\"wp-caption-text\">Arch\u00edv: M\u00e1ria Va\u0161e\u010dkov\u00e1,<br \/>Michal Hude\u010dek \u2013 vojensk\u00fd portr\u00e9t<\/figcaption><\/figure>\n<p>Medzi menami na pomn\u00edku padl\u00fdch v\u00a01. svetovej vojne je vykresan\u00e9 i\u00a0meno n\u00e1\u0161ho stare\u010dka Michala Hude\u010dka. Bol jedin\u00fdm synom z\u00e1mo\u017en\u00fdch ro\u013en\u00edkov. Zahynul ako 28-ro\u010dn\u00fd. \u00dadajne bol ranen\u00fd na talianskom fronte a\u00a0umiestnen\u00fd v\u00a0stodole, v\u00a0ktorej bol lazaret. Stodola v\u0161ak za\u010dala horie\u0165 a\u00a0zranen\u00ed vojaci zhoreli v\u00a0nej. Na\u0161a mami\u010dka svojho otca nepoznala. V\u00a0tom \u010dase, ke\u010f padol, mala iba dva roky. Jej sestra sa narodila a\u017e po jeho smrti. Diev\u010dat\u00e1 vychov\u00e1vali star\u00ed rodi\u010dia, lebo ich maminka (moja starenka) sa druh\u00fdkr\u00e1t vydala. Diev\u010dat\u00e1 s\u00edce zostali u\u00a0star\u00fdch rodi\u010dov, no ke\u010f ony zostarli, na opl\u00e1tku ich dochovala. Ja som dc\u00e9ra tej malej dvojro\u010dnej \u201e\u010fef\u010di\u010dky\u201c, ktor\u00e1 tatinka videla, ale nepam\u00e4tala si ho. Ako die\u0165a som chodila k\u00a0pomn\u00edku. Vedela som, \u017ee tam je m\u00f4j stare\u010dek a\u00a0bola som hrd\u00e1, \u017ee m\u00e1m stare\u010dka hrdinu.<\/p>\n<p><em>M\u00e1ria Va\u0161e\u010dkov\u00e1<\/em><\/p>\n<figure id=\"attachment_1586\" aria-describedby=\"caption-attachment-1586\" style=\"width: 390px\" class=\"wp-caption aligncenter\"><img loading=\"lazy\" decoding=\"async\" class=\"size-full wp-image-1586\" src=\"http:\/\/skalickyobzor.sk\/cms\/wp-content\/uploads\/2018\/11\/2-metalCB.jpg\" alt=\"\" width=\"390\" height=\"600\" srcset=\"http:\/\/skalickyobzor.sk\/cms\/wp-content\/uploads\/2018\/11\/2-metalCB.jpg 390w, http:\/\/skalickyobzor.sk\/cms\/wp-content\/uploads\/2018\/11\/2-metalCB-195x300.jpg 195w\" sizes=\"auto, (max-width: 390px) 100vw, 390px\" \/><figcaption id=\"caption-attachment-1586\" class=\"wp-caption-text\">Zdroj: internet<br \/>Vojensk\u00fd jubilejn\u00fd kr\u00ed\u017e FJI<\/figcaption><\/figure>\n<p><strong>Pozn. redakcie:<\/strong> Na hrudi Michala Hude\u010dka na jeho fotografii je Vojensk\u00fd jubilejn\u00fd kr\u00ed\u017e. Pod\u013ea neho mal pravdepodobne d\u00f4stojn\u00edcku hodnos\u0165, preto\u017ee vyznamenanie bolo rozhodnut\u00edm cis\u00e1ra Franti\u0161ka Jozefa I. ude\u013eovan\u00e9 d\u00f4stojn\u00edkom, z\u00e1lo\u017en\u00fdm kadetom a\u00a0jednoro\u010dn\u00fdm dobrovo\u013en\u00edkom.<\/p>\n","protected":false},"excerpt":{"rendered":"<div class=\"mh-excerpt\"><p>Jeden\u00e1steho novembra osl\u00e1vime st\u00e9 v\u00fdro\u010die skon\u010denia 1.\u00a0svetovej vojny. Konce vojen by sme mali oslavova\u0165. V\u00a0tento de\u0148 v\u00a0roku 1918 bola v\u00a0\u017eelezni\u010dnom vag\u00f3ne ne\u010faleko Par\u00ed\u017ea podp\u00edsan\u00e1 dohoda o\u00a0pr\u00edmer\u00ed medzi Nemeckom a\u00a0predstavite\u013emi Dohody. Ve\u013ek\u00e1 vojna bola jednou z\u00a0najstra\u0161nej\u0161\u00edch <a class=\"mh-excerpt-more\" href=\"http:\/\/skalickyobzor.sk\/cms\/pribehy-z-pamatnika\/\" title=\"Pr\u00edbehy z pam\u00e4tn\u00edka 1.svetovej vojny &#8211; Michal Hude\u010dek\">[&#8230;]<\/a><\/p>\n<\/div>","protected":false},"author":1,"featured_media":1584,"comment_status":"closed","ping_status":"closed","sticky":false,"template":"","format":"standard","meta":{"footnotes":""},"categories":[4],"tags":[],"class_list":{"0":"post-1504","1":"post","2":"type-post","3":"status-publish","4":"format-standard","5":"has-post-thumbnail","7":"category-ja-su-ze-skalice"},"_links":{"self":[{"href":"http:\/\/skalickyobzor.sk\/cms\/wp-json\/wp\/v2\/posts\/1504","targetHints":{"allow":["GET"]}}],"collection":[{"href":"http:\/\/skalickyobzor.sk\/cms\/wp-json\/wp\/v2\/posts"}],"about":[{"href":"http:\/\/skalickyobzor.sk\/cms\/wp-json\/wp\/v2\/types\/post"}],"author":[{"embeddable":true,"href":"http:\/\/skalickyobzor.sk\/cms\/wp-json\/wp\/v2\/users\/1"}],"replies":[{"embeddable":true,"href":"http:\/\/skalickyobzor.sk\/cms\/wp-json\/wp\/v2\/comments?post=1504"}],"version-history":[{"count":9,"href":"http:\/\/skalickyobzor.sk\/cms\/wp-json\/wp\/v2\/posts\/1504\/revisions"}],"predecessor-version":[{"id":2567,"href":"http:\/\/skalickyobzor.sk\/cms\/wp-json\/wp\/v2\/posts\/1504\/revisions\/2567"}],"wp:featuredmedia":[{"embeddable":true,"href":"http:\/\/skalickyobzor.sk\/cms\/wp-json\/wp\/v2\/media\/1584"}],"wp:attachment":[{"href":"http:\/\/skalickyobzor.sk\/cms\/wp-json\/wp\/v2\/media?parent=1504"}],"wp:term":[{"taxonomy":"category","embeddable":true,"href":"http:\/\/skalickyobzor.sk\/cms\/wp-json\/wp\/v2\/categories?post=1504"},{"taxonomy":"post_tag","embeddable":true,"href":"http:\/\/skalickyobzor.sk\/cms\/wp-json\/wp\/v2\/tags?post=1504"}],"curies":[{"name":"wp","href":"https:\/\/api.w.org\/{rel}","templated":true}]}}