{"id":151,"date":"2017-10-05T21:35:41","date_gmt":"2017-10-05T19:35:41","guid":{"rendered":"http:\/\/skalickyobzor.sk\/cms\/?p=151"},"modified":"2017-11-13T20:01:05","modified_gmt":"2017-11-13T19:01:05","slug":"vitajte-naspat-v-skalici-pan-lichard","status":"publish","type":"post","link":"http:\/\/skalickyobzor.sk\/cms\/vitajte-naspat-v-skalici-pan-lichard\/","title":{"rendered":"Vitajte nasp\u00e4\u0165 v Skalici, p\u00e1n Lichard!"},"content":{"rendered":"<p>Pekn\u00fdm fenom\u00e9nom Skalice je, \u017ee sa aj cudz\u00ed \u013eudia v mestskej hromadnej doprave navz\u00e1jom zdravia. Hlasit\u00e9, n\u00e1re\u010dovo tvrd\u00e9 \u201eDobr\u00fd de\u0148\u201c a typick\u00e9 \u201eDovi\u010fe\u0148\u00e1\u201c sa ned\u00e1 prehliadnu\u0165. Pokia\u013e niekto pri nastupovan\u00ed \u010di vystupovan\u00ed z autobusu nepozdrav\u00ed, dostane sa do nemilosti spolucestuj\u00facich \u2013 minim\u00e1lne v podobe nevra\u017eiv\u00fdch poh\u013eadov.<\/p>\n<p><!--more--><\/p>\n<p>D\u00e1 sa preto kon\u0161tatova\u0165, \u017ee s povestnou spolupatri\u010dnos\u0165ou Skali\u010danov, ktor\u00e1 tu v\u017edy bola, to nebude a\u017e tak\u00e9 zl\u00e9. Ke\u010f e\u0161te st\u00e1le dok\u00e1\u017eeme spolo\u010dne u\u010di\u0165 deti, \u017ee pozdravi\u0165 sa je slu\u0161nos\u0165, na\u0161a bud\u00facnos\u0165 nie je straten\u00e1. Vieme, \u010do chceme a \u010do nechceme v na\u0161om meste. Mo\u017eno tu by sme mohli za\u010da\u0165 rozpr\u00e1vanie o Lichardovi. \u00c1no, o tom p\u00e1novi, ktor\u00e9ho bronzov\u00e1 socha stoj\u00ed ved\u013ea evanjelick\u00e9ho kostola, pod ve\u017eou postavenou na pamiatku n\u00e1v\u0161tevy Komensk\u00e9ho v Skalici.<\/p>\n<p>O tom, ktor\u00e9mu \u2013 \u010do by soche \u2013 sedelo na kolen\u00e1ch nespo\u010detn\u00e9 mno\u017estvo sle\u010dien, aby sa s n\u00edm vyfotili, a ktor\u00e9mu spolo\u010densky unaven\u00ed ml\u00e1denci neraz nechaj\u00fa pri noh\u00e1ch pr\u00e1zdnu f\u013ea\u0161u od alkoholu. Ktohovie, ko\u013eko Skali\u010danov, aj t\u00fdch, ktor\u00ed sa hrdo bij\u00fa do p\u0155s, v skuto\u010dnosti tu\u0161\u00ed, kto bol tento p\u00e1n.<\/p>\n<h3>PRV\u00dd PROFESION\u00c1L<\/h3>\n<p>Daniel Gabriel Lichard, rod\u00e1k zo Slovenskej \u013dup\u010de (17. janu\u00e1r 1812), bol prv\u00fd slovensk\u00fd profesion\u00e1lny novin\u00e1r. Nikto in\u00fd pred n\u00edm sa redaktorskej a vydavate\u013eskej \u010dinnosti nevenoval ako svojmu povolaniu. Toto je fakt, z ktor\u00e9ho treba vych\u00e1dza\u0165, ve\u010f otcom novinov\u00e9ho titulu Obzor bol pr\u00e1ve on. Samozrejme, \u017ee jeho \u010dinnos\u0165 bola ove\u013ea \u010falekosiahlej\u0161ia. Lichard je jednou z najv\u00e4\u010d\u0161\u00edch osobnost\u00ed slovensk\u00fdch n\u00e1rodn\u00fdch dej\u00edn. Bol z\u00e1rove\u0148 u\u010dite\u013eom, spisovate\u013eom a ako zakladate\u013e slovenskej odbornej terminol\u00f3gie natrvalo udom\u00e1cnil v na\u0161om jazyku nieko\u013eko nov\u00fdch v\u00fdrazov. Spome\u0148te si na neho pri pou\u017eit\u00ed slova ru\u0161e\u0148, n\u00e1radie, tekutina \u010di \u0161kripec.<\/p>\n<p>Rozsiahle novin\u00e1rske dielo D. G. Licharda, zameran\u00e9 predov\u0161etk\u00fdm na pozdvihnutie slovensk\u00e9ho hospod\u00e1rstva, no z\u00e1rove\u0148 odzrkad\u013euj\u00face spolo\u010densk\u00fd, politick\u00fd a kult\u00farny \u017eivot, nem\u00f4\u017ee zosta\u0165 bez pov\u0161imnutia. V preva\u017enej miere je sp\u00e4t\u00e9 pr\u00e1ve s na\u0161\u00edm mestom.<\/p>\n<h3>V SKALICI PRE L\u00c1SKU K \u017dENE I P\u00cdSANIU<\/h3>\n<p>V roku 1844 sa Lichard uch\u00e1dzal o skalick\u00fa evanjelick\u00fa faru. Nielen\u017ee ju z\u00edskal, ale dokonca predbehol aj svojho protikandid\u00e1ta, ve\u013ek\u00e9ho Jozefa Miloslava Hurbana. O tri roky nesk\u00f4r sa miesta v slobodnom kr\u00e1\u013eovskom meste vzdal; rozhodnutie venova\u0165 sa v\u00fdlu\u010dne p\u00edsaniu bolo silnej\u0161ie. Far\u00e1rom sa namiesto neho stal jeho brat \u013dudov\u00edt. Lichard v\u0161ak zostal so Skalicou natrvalo spojen\u00fd.<\/p>\n<p>Spolu s bratom v na\u0161om meste na\u0161li svoje l\u00e1sky. Pri\u017eenili sa do me\u0161tianskej rodiny Vrchovsk\u00fdch: Daniel si v roku 1850 vzal Krist\u00ednu a \u013dudov\u00edt sa o \u0161tyri roky nesk\u00f4r o\u017eenil s jej sestrou Herm\u00ednou. 5. apr\u00edla 1848 vy\u0161li Lichardove Noviny pre hospod\u00e1rstvo, remeslo a dom\u00e1ci \u017eivot, osemstranov\u00fd t\u00fd\u017edenn\u00edk v\u0161ak skon\u010dil u\u017e v septembri toho roku. Po revol\u00facii 1848 vyd\u00e1val politick\u00fd \u010dasopis Slovensk\u00fd pozor\u0148ik, ktor\u00fd vych\u00e1dzal do konca roka 1849. Tu zredigoval aj svoj prv\u00fd kalend\u00e1r Domov\u00e1 poklad\u0148ica za rok 1847, nesk\u00f4r \u010fal\u0161ie ro\u010dn\u00edky do roku 1851 a po n\u00e1vrate z Viedne ro\u010dn\u00edky 1863 a 1864. V\u0161etko sa tla\u010dilo vo vych\u00fdrenej tla\u010diarni u Xavera \u0160karnicla.<\/p>\n<p>Vo Viedni, kde pracoval ako hlavn\u00fd redaktor Slovensk\u00fdch nov\u00edn, \u017eil aj s rodinou do jari roku 1862. Po prvom vyrovnan\u00ed s Ma\u010farmi tieto noviny padn\u00fa a Lichard sa vracia nasp\u00e4\u0165 do Skalice. \u017dije tu svoj \u010fal\u0161\u00ed, na novin\u00e1rsku pr\u00e1cu bohat\u00fd, \u017eivot. Dominuje jej hlavne jeho Obzor, ktor\u00fd dost\u00e1va podtitul Noviny pre hospod\u00e1rstvo, remeslo a dom\u00e1ci \u017eivot. Vyd\u00e1val a redigoval ho od 5. okt\u00f3bra 1863 a\u017e do svojej smrti 17. novembra 1882. Pochovan\u00fd je na skalickom evanjelickom cintor\u00edne. Pr\u00edli\u0161 v\u0161eobecn\u00fd a ve\u013emi skromn\u00fd prierez \u017eivotom velik\u00e1na, ale my bojujeme s novinov\u00fdm priestorom, ktor\u00fd nepust\u00ed. Redaktor Lichard by to ur\u010dite pochopil.<\/p>\n<h3>TEN BY V\u00c1M DAL PARDUS!<\/h3>\n<p>\u201eSe zbo\u017en\u00fa \u00fact\u00fa si \u010dasto zpom\u00edn\u00e1m na Daniela Licharda, v duchu vid\u00edm t\u00fa \u0161t\u00edhl\u00fa vysok\u00fa postavu vpadl\u00fdch prs\u00fa, t\u00fa okr\u00fahl\u00fa, v\u017edy k \u00fasmjevu naladen\u00fa tv\u00e1r, jedno oko primh\u00faren\u00e9, aby druh\u00fdm do srdca a du\u0161e nehledel, na prav\u00fa nohu krok mjel nejist\u00fd, za mladi mjel nohu zlomen\u00fa, na proch\u00e1dzku v\u017edy mjel h\u00falku s b\u00edl\u00fa kosten\u00fa hlavi\u010dk\u00fa v ruce, ale sa s \u0148\u00fa nikdy neop\u00edral o zem, ale v ruce nosil. Oblek v\u017edy jednoduch\u00fd, vjet\u0161in\u00fa hned\u00fd, zr\u00eddka \u010dern\u00fd, n\u00e1kro\u010dn\u00edk v\u017edy enom \u010dern\u00fd, \u0161\u00e1tek zlo\u017een\u00fd na dva c\u00edpy, sv\u00e1zan\u00fd v\u017edy. L\u00edmec ko\u0161ele enom mjek\u00fd, nikdy na tvrdo \u017eehlen\u00fd.<\/p>\n<p>Ka\u017ed\u00e9 r\u00e1no o 1\u20442 8 hodine u\u017e vych\u00e1dzal z domu a cest\u00fa se zn\u00e1m\u00fdm sa zastavil, povypr\u00e1vjal, a prv\u00e9 bylo tla\u010d\u00e1rne \u2013 k \u0160karniclovi, a nesk\u00farej na n\u00e1mjest\u00ed ke svojej testine. Nemravn\u00e9 vtipkov\u00e1n\u00ed nezn\u00e9sel, rad\u0161ej sa vzd\u00e1lil. Ked o\u010dul nemravn\u00e9 slova od ml\u00e1de\u017ee, zastavil sa a otcovsky takov\u00fdch napomenul, tak\u017ee mlad\u00edci si vzali do zvyku povidat: \u201eEj, ked by \u0165a o\u010dul p\u00e1n Lichard, dostal by si pardus!\u201c<\/p>\n<p>S\u00e1m si r\u00e1d za\u017eertoval. Ked r\u00e1z ku nemu prin\u00e9sel Imrich Tome\u010dek, \u017e\u00e1k II. gymnazi\u00e1lnej tr\u00eddy, nejak\u00e9 listiny, rekel mu: \u201eMjel by si dostat neco za cestu, ale v\u00edm, \u017ee ti krajc\u00e1re nejs\u00fa vz\u00e1cn\u00e9, tedy ti sprav\u00edm neco vz\u00e1cnej\u0161\u00edho. Pr\u00e1vje zestavujem kalend\u00e1r, nu\u017e jak\u00e9 by si mjel r\u00e1d po\u010das\u00ed prez pr\u00e1zdniny? Jak\u00e9 chce\u0161 ti po v\u00fali sprav\u00edm.\u201c<\/p>\n<p>Jeho dom\u00e1cnost byla jednoduch\u00e1, ale mil\u00e1. Ked sa natrvalo usadil ve Skalici, tady a\u017e do smrti b\u00fdval v domje Pavla Mitt\u00e1ka vedla evanjelickej f\u00e1ry. Kancel\u00e1rija jeho byla jeden velk\u00fd st\u00fal, na nem drevjen\u00fd kalam\u00e1r, nekolik brkov\u00fdch p\u00e9r, ocelov\u00fdm p\u00e9rem nep\u00eds\u00e1val. Kni\u017enica: v jedn\u00e9m d\u00edle n\u00e1bo\u017eensk\u00e9 knihy, inde zas rozli\u010dn\u00e9ho obsahu a vjet\u0161\u00ed stohy pap\u00edru, rukopise a jin\u00e9. Do chr\u00e1mu Bo\u017e\u00edho chodil ka\u017ed\u00fa nedelu a v\u017edy sed\u00e1val pri sakristii ve stolici, co byla pro kosteln\u00edka ur\u010den\u00e1.\u201c<\/p>\n<p>Spomienka p\u00e1na \u013dudev\u00edta Tir\u0161era z roku 1947, naz\u00fdvan\u00e9ho \u201e\u017eiv\u00e1 kronika mesta Skalice\u201c, na Daniela Gabriela Licharda, n\u00e1s vracia na za\u010diatok do skalickej MHD. Kto nepozdrav\u00ed, dostane pardus. V ka\u017edom z n\u00e1s je trocha Licharda. A to je dobre.<\/p>\n<h3>OBZOR 21. STORO\u010cIA<\/h3>\n<p>P\u00ed\u0161e sa 5. okt\u00f3ber 2017 a v Skalici, presne po 154 rokoch, op\u00e4\u0165 vych\u00e1dza Obzor. Udalos\u0165, pri ktorej s\u00fa namieste zimomriavky. Euf\u00f3ria, nad\u0161enie, ale predov\u0161etk\u00fdm zodpovednos\u0165 a z\u00e1v\u00e4zok. S Obzorom prich\u00e1dzaj\u00fa do n\u00e1\u0161ho mesta noviny pre v\u0161etk\u00fdch. Sved\u010d\u00ed o tom aj skladba rubr\u00edk.<\/p>\n<p>\u201eTematick\u00e1 mnohostrannos\u0165 a pestros\u0165 Obzoru mala ve\u013ek\u00e9 v\u00fdhody v tom, \u017ee \u010ditatelia r\u00f4znych z\u00e1ujmov, vzdelania a spolo\u010densk\u00e9ho postavenia si v \u0148om mohli vybra\u0165,\u201c p\u00ed\u0161e sa o Lichardov\u00fdch novin\u00e1ch a t\u00fdmto smerom sa budeme ubera\u0165 aj my. Ver\u00edme, \u017ee nielen noviny pr\u00e1ve prich\u00e1dzaj\u00fa za \u013eu\u010fmi, ale aj \u013eudia pr\u00eddu za svojimi novinami.<\/p>\n<p>Stan\u00fa sa ich spolutvorcami, dopisovate\u013emi, vznes\u00fa podnety, upozornia n\u00e1s na veci, ktor\u00e9 sa im nep\u00e1\u010dia a pochv\u00e1lia sa t\u00fdm, v \u010dom sa im dar\u00ed. P\u00e1n \u0161\u00e9fredaktor, te\u0161te sa, preto\u017ee dnes existuj\u00fa fantastick\u00e9 stroje, ktor\u00e9 v \u0160karniclovej tla\u010diarni vytla\u010dia v\u00e1\u0161 Obzor s prec\u00edznou presnos\u0165ou. \u00c1no, tla\u010diare\u0148 u\u017e zmenila n\u00e1zov, ale je to st\u00e1le to ist\u00e9 zariadenie, kde sa bez prest\u00e1vky tla\u010d\u00ed od \u010dias v\u00fdznamn\u00fdch dejate\u013eov, teda aj v\u00e1s. A p\u00e1n \u0161\u00e9fredaktor, \u010do by ste povedali na to, \u017ee sa prostredn\u00edctvom vyn\u00e1lezu, ak\u00fdm je internet, Obzor dostane k \u013eu\u010fom do cel\u00e9ho sveta? Ku skalick\u00fdm rod\u00e1kom, ale aj k \u010fal\u0161\u00edm Slov\u00e1kom, ktor\u00ed z r\u00f4znych d\u00f4vodov opustili rodn\u00fa zem? A v neposlednom rade s\u00fa tu \u013eudia, Skali\u010dania.<\/p>\n<p>Tis\u00edce \u013eud\u00ed, dom\u00e1cich, ale aj pri\u0161elcov, ktor\u00ed si pri\u0161li do kr\u00e1\u013eovsk\u00e9ho mesta splni\u0165 svoj \u017eivotn\u00fd sen, ktor\u00ed tu priviedli na svet deti, postavili domy, pracuj\u00fa tu a chc\u00fa vedno s ostatn\u00fdmi \u017ei\u0165 plnohodnotn\u00fd skalick\u00fd \u017eivot. V\u0161etci t\u00edto \u013eudia sa bud\u00fa spolupodie\u013ea\u0165 na tvorbe v\u00e1\u0161ho Obzoru.<\/p>\n<p>Vitajte nasp\u00e4\u0165 v Skalici, p\u00e1n Lichard!<\/p>\n<p>&nbsp;<\/p>\n<h2>Socha D. G. Licharda v Skalici<\/h2>\n<p><img loading=\"lazy\" decoding=\"async\" class=\"aligncenter size-full wp-image-153\" src=\"http:\/\/skalickyobzor.sk\/cms\/wp-content\/uploads\/2017\/11\/socha_licharda.png\" alt=\"\" width=\"805\" height=\"1073\" srcset=\"http:\/\/skalickyobzor.sk\/cms\/wp-content\/uploads\/2017\/11\/socha_licharda.png 805w, http:\/\/skalickyobzor.sk\/cms\/wp-content\/uploads\/2017\/11\/socha_licharda-225x300.png 225w, http:\/\/skalickyobzor.sk\/cms\/wp-content\/uploads\/2017\/11\/socha_licharda-768x1024.png 768w\" sizes=\"auto, (max-width: 805px) 100vw, 805px\" \/><\/p>\n<p>Autorom sochy Daniela Gabriela Licharda v Skalici je Ladislav \u0160aloun, \u010desk\u00fd soch\u00e1r z obdobia secesie, naturalizmu a realizmu, zakladate\u013e modern\u00e9ho \u010desk\u00e9ho soch\u00e1rstva. Medzi jeho najzn\u00e1mej\u0161ie diela patr\u00ed pomn\u00edk majstra J\u00e1na Husa na Staromestskom n\u00e1mest\u00ed v Prahe. O v\u00fdstavbe ve\u017ee pri evanjelickom kostole v Skalici sa uva\u017eovalo u\u017e od roku 1924, z\u00e1rove\u0148 sa bl\u00ed\u017eilo 50. v\u00fdro\u010die \u00famrtia Daniela Gabriela Licharda. Pl\u00e1n objektu s miestom pre Lichardov pomn\u00edk vypracoval architekt Du\u0161an Jurkovi\u010d. Nedostatok financi\u00ed a 2. svetov\u00e1 vojna veci oddialili. Ve\u017eu aj s travert\u00ednov\u00fdm podstavcom pre zam\u00fd\u0161\u013ean\u00fa sochu postavili v roku 1938. Kr\u00e1tko po vojne op\u00e4\u0165 zasadol v\u00fdbor pre osadenie pomn\u00edka. Bronzov\u00fa sochu Licharda odhalil poveren\u00edk pre p\u00f4dohospod\u00e1rstvo Martin Kvetko 26. m\u00e1ja 1947, v roku 150. v\u00fdro\u010dia posv\u00e4tenia evanjelick\u00e9ho chr\u00e1mu v Skalici.<\/p>\n<p>&nbsp;<\/p>\n<h2>Pre\u010do Obzor bol, je a bude novinami pre v\u0161etk\u00fdch<\/h2>\n<p>Obzor vych\u00e1dzal trikr\u00e1t do mesiaca s celoro\u010dn\u00fdm predplatn\u00fdm tri zlat\u00e9. Lichard ho nikdy nezv\u00fd\u0161il, preto\u017ee bral oh\u013ead aj na chudobnej\u0161\u00edch \u010ditate\u013eov. S nezlomnou trpezlivos\u0165ou dok\u00e1zal za ka\u017ed\u00fdch okolnost\u00ed svoje noviny zachova\u0165. V prvom desa\u0165ro\u010d\u00ed mal Obzor pribli\u017ene tis\u00edc predplatite\u013eov, \u010do bol na slovensk\u00e9 pomery zna\u010dn\u00fd \u00faspech. Lichardova profesionalita bola jednozna\u010dn\u00e1.<\/p>\n<p>Rozvrhnutie materi\u00e1lu v novin\u00e1ch pod\u013ea stup\u0148a d\u00f4le\u017eitosti mal premyslen\u00e9 hne\u010f od prv\u00e9ho \u010d\u00edsla. Na za\u010diatku to boli \u00favodn\u00edky, ktor\u00fdmi sa prihov\u00e1ral \u0161irok\u00e9mu publiku \u010ditate\u013eov. Za ne zara\u010foval takzvan\u00e9 \u010dl\u00e1nky mie\u0161an\u00e9. V tejto rubrike uverej\u0148oval v\u00e4\u010d\u0161inou spr\u00e1vy o odbornej po\u013enohospod\u00e1rskej literat\u00fare, spolkoch, o \u010dinnosti v\u00fdznamnej\u0161\u00edch n\u00e1rodohospod\u00e1rskych a politick\u00fdch in\u0161tit\u00faci\u00ed v krajine, polo\u00faradn\u00e9 oznamy a podobne.<\/p>\n<p>Za ve\u013emi v\u00fdznamn\u00fa pova\u017eoval rubriku Dopisy, v ktorej vych\u00e1dzali \u00faryvky z listov dopisovate\u013eov. Lichard z\u00e1sadne zverej\u0148oval aj men\u00e1 kore\u0161pondentov. Rubrika \u017divot a pr\u00edroda bola medzi \u013eu\u010fmi ve\u013emi ob\u013e\u00faben\u00e1. Najviac miesta vo svojich novin\u00e1ch v\u0161ak Lichard venoval odborn\u00fdm rubrik\u00e1m, z ktor\u00fdch bol na prvom mieste tematicky bohat\u00fd a r\u00f4znorod\u00fd Remeseln\u00edcko-technick\u00fd vestn\u00edk. Redaktor Obzoru pritom pam\u00e4tal aj na drobnej\u0161\u00edch podnikate\u013eov.<\/p>\n<p>V\u00fdlu\u010dne praktick\u00e9 zameranie mala rubrika Do kuchyne a komory, ktorej n\u00e1zov sa \u010dastej\u0161ie menil \u2013 Dom\u00e1ce n\u00e1rady, Dom\u00e1ce vedomosti a podobne. Obsahovala najm\u00e4 drobn\u00e9 noticky, rady k pr\u00edprav\u00e1m pokrmov, pon\u00edmala o ochrane pred hmyzom, o chovan\u00ed hydiny, o hygiene dom\u00e1ceho prostredia. O obsahu rubr\u00edk Dom\u00e1ci lek\u00e1r a Dobyt\u010d\u00ed lek\u00e1r vypovedaj\u00fa ich samotn\u00e9 n\u00e1zvy. Priemyseln\u00e9mu a obchodn\u00e9mu podnikaniu sl\u00fa\u017eili rubriky Obchodn\u00e9 spr\u00e1vy, Trhov\u00e9 ceny a N\u00e1rodn\u00fd hospod\u00e1r. V Obzore nech\u00fdbali ani \u00faradn\u00e9 a s\u00fadne spr\u00e1vy.<\/p>\n<p>Ve\u013ek\u00fd v\u00fdznam mala osobitn\u00e1 rubrika Liter\u00e1rny oznamovate\u013e, v ktorej skalick\u00fd redaktor propagoval slovensk\u00e9 knihy a \u010dasopisy. V Obzore bola \u2013 hoci nie pravidelne \u2013 zaraden\u00e1 aj humoristicky zameran\u00e1 rubrika Z\u00e1bavnica. Spravodajstvo a aktuality z\u00edskaval Lichard neraz aj v skalickom mestskom kas\u00edne. Denne a\u017e tri \u2013 \u0161tyri hodiny \u010d\u00edtaval denn\u00fa tla\u010d, aby mal nevyhnutn\u00fd preh\u013ead o dian\u00ed doma i vo svete.<\/p>\n","protected":false},"excerpt":{"rendered":"<div class=\"mh-excerpt\"><p>Pekn\u00fdm fenom\u00e9nom Skalice je, \u017ee sa aj cudz\u00ed \u013eudia v mestskej hromadnej doprave navz\u00e1jom zdravia. Hlasit\u00e9, n\u00e1re\u010dovo tvrd\u00e9 \u201eDobr\u00fd de\u0148\u201c a typick\u00e9 \u201eDovi\u010fe\u0148\u00e1\u201c sa ned\u00e1 prehliadnu\u0165. Pokia\u013e niekto pri nastupovan\u00ed \u010di vystupovan\u00ed z autobusu nepozdrav\u00ed, <a class=\"mh-excerpt-more\" href=\"http:\/\/skalickyobzor.sk\/cms\/vitajte-naspat-v-skalici-pan-lichard\/\" title=\"Vitajte nasp\u00e4\u0165 v Skalici, p\u00e1n Lichard!\">[&#8230;]<\/a><\/p>\n<\/div>","protected":false},"author":11,"featured_media":152,"comment_status":"closed","ping_status":"closed","sticky":false,"template":"","format":"standard","meta":{"footnotes":""},"categories":[2],"tags":[],"class_list":{"0":"post-151","1":"post","2":"type-post","3":"status-publish","4":"format-standard","5":"has-post-thumbnail","7":"category-hlavna-tema"},"_links":{"self":[{"href":"http:\/\/skalickyobzor.sk\/cms\/wp-json\/wp\/v2\/posts\/151","targetHints":{"allow":["GET"]}}],"collection":[{"href":"http:\/\/skalickyobzor.sk\/cms\/wp-json\/wp\/v2\/posts"}],"about":[{"href":"http:\/\/skalickyobzor.sk\/cms\/wp-json\/wp\/v2\/types\/post"}],"author":[{"embeddable":true,"href":"http:\/\/skalickyobzor.sk\/cms\/wp-json\/wp\/v2\/users\/11"}],"replies":[{"embeddable":true,"href":"http:\/\/skalickyobzor.sk\/cms\/wp-json\/wp\/v2\/comments?post=151"}],"version-history":[{"count":1,"href":"http:\/\/skalickyobzor.sk\/cms\/wp-json\/wp\/v2\/posts\/151\/revisions"}],"predecessor-version":[{"id":154,"href":"http:\/\/skalickyobzor.sk\/cms\/wp-json\/wp\/v2\/posts\/151\/revisions\/154"}],"wp:featuredmedia":[{"embeddable":true,"href":"http:\/\/skalickyobzor.sk\/cms\/wp-json\/wp\/v2\/media\/152"}],"wp:attachment":[{"href":"http:\/\/skalickyobzor.sk\/cms\/wp-json\/wp\/v2\/media?parent=151"}],"wp:term":[{"taxonomy":"category","embeddable":true,"href":"http:\/\/skalickyobzor.sk\/cms\/wp-json\/wp\/v2\/categories?post=151"},{"taxonomy":"post_tag","embeddable":true,"href":"http:\/\/skalickyobzor.sk\/cms\/wp-json\/wp\/v2\/tags?post=151"}],"curies":[{"name":"wp","href":"https:\/\/api.w.org\/{rel}","templated":true}]}}