{"id":1522,"date":"2018-11-08T06:06:51","date_gmt":"2018-11-08T05:06:51","guid":{"rendered":"http:\/\/skalickyobzor.sk\/cms\/?p=1522"},"modified":"2018-11-08T07:00:46","modified_gmt":"2018-11-08T06:00:46","slug":"bola-jedna-materska-skola","status":"publish","type":"post","link":"http:\/\/skalickyobzor.sk\/cms\/bola-jedna-materska-skola\/","title":{"rendered":"Bola jedna matersk\u00e1 \u0161kola"},"content":{"rendered":"<p><strong>Ak Skali\u010dan v\u00a0minulosti pre\u0161iel cez \u201eZelen\u00fd most\u201c smerom na Str\u00e1\u017enick\u00fa ulicu, ocitol sa na \u0161irokom priestranstve. Bolo to rozhranie \u0160irokej a\u00a0Z\u00e1poto\u010dnej ulice. Na \u013eavej strane tohto priestranstva, na malom n\u00e1vr\u0161\u00ed st\u00e1la b\u00fdval\u00e1 manufakt\u00fara, kde sa kedysi vyr\u00e1balo kvalitn\u00e9 s\u00fakno. Jej majite\u013eom bola rodina Vrchovsk\u00fdch. Tu v\u00a0roku 1930 mesto zriadilo matersk\u00fa \u0161kolu najprv jednotriednu, od roku 1935 boli triedy dve.<\/strong><\/p>\n<p>V\u00a0spom\u00ednanom objekte ostali b\u00fdva\u0165 dve dc\u00e9ry p\u00e1na Vrchovsk\u00e9ho. Boli to star\u0161ie d\u00e1my a\u00a0hovorilo sa im frajli\u010dky Vrchovsk\u00e9. Pod br\u00e1nou bol mal\u00fd byt, v\u00a0ktorom b\u00fdvala rodina Snovick\u00fdch. V\u00a0\u013eavom pr\u00edzemnom kr\u00eddle b\u00fdvali Mitt\u00e1kovci. P\u00e1n Mitt\u00e1k bol asi vnuk p\u00e1na Vrchovsk\u00e9ho a\u00a0pani bola Ma\u010farka. Mali jednu dc\u00e9ru Zuzku. Pani nerada videla, ak sa jej dc\u00e9ra hrala s\u00a0nami, oby\u010dajn\u00fdmi de\u0165mi. Ak ju zo\u010dila pri n\u00e1s, u\u017e volala \u201eZuzi\u010dka, dere ide\u201c. Mali aj sl\u00fa\u017eku. R\u00e9zinka bola \u010dipern\u00e1, drobn\u00e1 \u017eeni\u010dka. Pr\u00e1ve ona sa starala o\u00a0z\u00e1hradu, oddelen\u00fa latkov\u00fdm plotom od dvora, v\u00a0ktorom sa hr\u00e1vali deti. Na konci tohto objektu b\u00fdvala rodina B\u00edlikov\u00fdch. Obloky ich mal\u00e9ho bytu boli obr\u00e1ten\u00e9 do Vrchovskej ulice. T\u00e1to rodina bola bohat\u00e1 na deti a\u00a0pani pom\u00e1hala dozera\u0165 na hraj\u00face sa deti zo \u0161k\u00f4lky.<\/p>\n<figure id=\"attachment_1562\" aria-describedby=\"caption-attachment-1562\" style=\"width: 690px\" class=\"wp-caption aligncenter\"><img loading=\"lazy\" decoding=\"async\" class=\"size-full wp-image-1562\" src=\"http:\/\/skalickyobzor.sk\/cms\/wp-content\/uploads\/2018\/11\/Ducho\u0148ov\u00e1-Vlasta-M\u0160-1.jpg\" alt=\"\" width=\"690\" height=\"451\" srcset=\"http:\/\/skalickyobzor.sk\/cms\/wp-content\/uploads\/2018\/11\/Ducho\u0148ov\u00e1-Vlasta-M\u0160-1.jpg 690w, http:\/\/skalickyobzor.sk\/cms\/wp-content\/uploads\/2018\/11\/Ducho\u0148ov\u00e1-Vlasta-M\u0160-1-300x196.jpg 300w\" sizes=\"auto, (max-width: 690px) 100vw, 690px\" \/><figcaption id=\"caption-attachment-1562\" class=\"wp-caption-text\">Arch\u00edv: Vlasta Ducho\u0148ov\u00e1, rok 1953<\/figcaption><\/figure>\n<p>\u0160k\u00f4lka bola zriaden\u00e1 na pravej strane budovy, jej okn\u00e1 smerovali do Str\u00e1\u017enickej ulice. U\u010dite\u013ekou tu bola sle\u010dna \u0160tef\u00e1nia Her\u00e9nyiov\u00e1. Neopl\u00fdvala s\u00edce telesnou kr\u00e1sou, ale my, deti, sme ju mali ve\u013emi rady. Hovor\u00edme o\u00a0\u0161k\u00f4lke, av\u0161ak treba si urobi\u0165 predstavu o\u00a0tom ak\u00e1 bola. V\u00a0tejto \u0161k\u00f4lke nebola kuchy\u0148a a\u00a0tak sme nedost\u00e1vali desiatu ani obedy. V\u00a0malej ta\u0161ti\u010dke sme si nosili chleb\u00edk alebo k\u00fasok kol\u00e1\u010da a\u00a0na obedy sme chodili domov. Neboli tu ani toalety, ani um\u00fdvadl\u00e1. Na dvore boli s\u00edce postaven\u00e9 dreven\u00e9 latr\u00edny, ruky si v\u0161ak kde umy\u0165 nebolo. Nesk\u00f4r bola zriaden\u00e1 e\u0161te jedna trieda pre mlad\u0161ie deti. S\u00a0\u0148ou pribudli dve nov\u00e9 u\u010dite\u013eky, pani Gabri\u0161ov\u00e1 a\u00a0pani Kone\u010dn\u00e1. V\u00a0triedach sme sa hr\u00e1vali, u\u010dili sa r\u00f4zne b\u00e1sni\u010dky a\u00a0riekanky. V\u00a0lete sme sa hr\u00e1vali v\u00a0piesku na roz\u013eahlom dvore. \u0160kolsk\u00fd rok sme kon\u010dili malou oslavou, tzv. \u201eex\u00e1menom\u201c. Deti pri\u0161li vyobliekan\u00e9 v\u00a0krojoch alebo v\u00a0pekn\u00fdch \u0161at\u00e1ch. Na ve\u013ek\u00fdch zelen\u00fdch listoch sme dost\u00e1vali p\u00e1rok s\u00a0ro\u017ekom a\u00a0hor\u010dicou, zap\u00edjali sme to \u017eltou malinovkou. Deti predn\u00e1\u0161ali r\u00f4zne b\u00e1sni\u010dky a\u00a0spievali. Rodi\u010dia sledovali svoje ratolesti a\u00a0boli na nich patri\u010dne py\u0161n\u00ed. Nesk\u00f4r boli postaven\u00e9 v\u00a0Skalici \u010fal\u0161ie \u0161k\u00f4lky. Lep\u0161ie, dobre vybaven\u00e9, ba aj s\u00a0kuchy\u0148ou. T\u00e1to star\u00e1 v\u00a0manufakt\u00fare v\u0161ak ostane nav\u017edy \u201et\u00e1 na\u0161a\u201c.<\/p>\n<figure id=\"attachment_1563\" aria-describedby=\"caption-attachment-1563\" style=\"width: 687px\" class=\"wp-caption aligncenter\"><img loading=\"lazy\" decoding=\"async\" class=\"size-full wp-image-1563\" src=\"http:\/\/skalickyobzor.sk\/cms\/wp-content\/uploads\/2018\/11\/Ducho\u0148ov\u00e1-Vlasta-M\u0160-12.jpg\" alt=\"\" width=\"687\" height=\"461\" srcset=\"http:\/\/skalickyobzor.sk\/cms\/wp-content\/uploads\/2018\/11\/Ducho\u0148ov\u00e1-Vlasta-M\u0160-12.jpg 687w, http:\/\/skalickyobzor.sk\/cms\/wp-content\/uploads\/2018\/11\/Ducho\u0148ov\u00e1-Vlasta-M\u0160-12-300x201.jpg 300w\" sizes=\"auto, (max-width: 687px) 100vw, 687px\" \/><figcaption id=\"caption-attachment-1563\" class=\"wp-caption-text\">Arch\u00edv: Vlasta Ducho\u0148ov\u00e1, rok 1952<br \/>Spozn\u00e1va sa niekto?<\/figcaption><\/figure>\n<p><em>Vlasta Ducho\u0148ov\u00e1<\/em><\/p>\n","protected":false},"excerpt":{"rendered":"<div class=\"mh-excerpt\"><p>Ak Skali\u010dan v\u00a0minulosti pre\u0161iel cez \u201eZelen\u00fd most\u201c smerom na Str\u00e1\u017enick\u00fa ulicu, ocitol sa na \u0161irokom priestranstve. Bolo to rozhranie \u0160irokej a\u00a0Z\u00e1poto\u010dnej ulice. Na \u013eavej strane tohto priestranstva, na malom n\u00e1vr\u0161\u00ed st\u00e1la b\u00fdval\u00e1 manufakt\u00fara, kde sa <a class=\"mh-excerpt-more\" href=\"http:\/\/skalickyobzor.sk\/cms\/bola-jedna-materska-skola\/\" title=\"Bola jedna matersk\u00e1 \u0161kola\">[&#8230;]<\/a><\/p>\n<\/div>","protected":false},"author":22,"featured_media":1560,"comment_status":"closed","ping_status":"closed","sticky":false,"template":"","format":"standard","meta":{"footnotes":""},"categories":[4],"tags":[],"class_list":{"0":"post-1522","1":"post","2":"type-post","3":"status-publish","4":"format-standard","5":"has-post-thumbnail","7":"category-ja-su-ze-skalice"},"_links":{"self":[{"href":"http:\/\/skalickyobzor.sk\/cms\/wp-json\/wp\/v2\/posts\/1522","targetHints":{"allow":["GET"]}}],"collection":[{"href":"http:\/\/skalickyobzor.sk\/cms\/wp-json\/wp\/v2\/posts"}],"about":[{"href":"http:\/\/skalickyobzor.sk\/cms\/wp-json\/wp\/v2\/types\/post"}],"author":[{"embeddable":true,"href":"http:\/\/skalickyobzor.sk\/cms\/wp-json\/wp\/v2\/users\/22"}],"replies":[{"embeddable":true,"href":"http:\/\/skalickyobzor.sk\/cms\/wp-json\/wp\/v2\/comments?post=1522"}],"version-history":[{"count":3,"href":"http:\/\/skalickyobzor.sk\/cms\/wp-json\/wp\/v2\/posts\/1522\/revisions"}],"predecessor-version":[{"id":1564,"href":"http:\/\/skalickyobzor.sk\/cms\/wp-json\/wp\/v2\/posts\/1522\/revisions\/1564"}],"wp:featuredmedia":[{"embeddable":true,"href":"http:\/\/skalickyobzor.sk\/cms\/wp-json\/wp\/v2\/media\/1560"}],"wp:attachment":[{"href":"http:\/\/skalickyobzor.sk\/cms\/wp-json\/wp\/v2\/media?parent=1522"}],"wp:term":[{"taxonomy":"category","embeddable":true,"href":"http:\/\/skalickyobzor.sk\/cms\/wp-json\/wp\/v2\/categories?post=1522"},{"taxonomy":"post_tag","embeddable":true,"href":"http:\/\/skalickyobzor.sk\/cms\/wp-json\/wp\/v2\/tags?post=1522"}],"curies":[{"name":"wp","href":"https:\/\/api.w.org\/{rel}","templated":true}]}}