{"id":1524,"date":"2018-11-08T06:13:38","date_gmt":"2018-11-08T05:13:38","guid":{"rendered":"http:\/\/skalickyobzor.sk\/cms\/?p=1524"},"modified":"2018-11-08T07:01:24","modified_gmt":"2018-11-08T06:01:24","slug":"dame-prednost-ignoracii-ci-komunikacii","status":"publish","type":"post","link":"http:\/\/skalickyobzor.sk\/cms\/dame-prednost-ignoracii-ci-komunikacii\/","title":{"rendered":"D\u00e1me prednos\u0165 ignor\u00e1cii, \u010di komunik\u00e1cii?"},"content":{"rendered":"<p><strong>V\u00a0t\u00fdchto d\u0148och kon\u010d\u00ed volebn\u00e9 obdobie 2014 \u2013 2018. Viac ako rok sme skalick\u00e9mu prim\u00e1torovi a\u00a0poslancom kl\u00e1dli ot\u00e1zky ob\u010danov a\u00a0nastal \u010das rekapitul\u00e1cie. Rekapitul\u00e1cie vz\u00e1jomnej komunik\u00e1cie n\u00e1s ob\u010danov s\u00a0na\u0161imi z\u00e1stupcami. Cie\u013eom tohto \u010dl\u00e1nku nie je analyzova\u0165 jednotliv\u00e9 ot\u00e1zky a\u00a0odpovede, tomu sme sa venovali v\u00a0jednotliv\u00fdch \u010d\u00edslach. V\u00a0tomto \u010d\u00edsle predklad\u00e1me \u0161tatistiku a\u00a0upriamime pozornos\u0165 na ochotu prim\u00e1tora a\u00a0poslancov s\u00a0nami, ob\u010danmi, komunikova\u0165.<\/strong><\/p>\n<p>&nbsp;<\/p>\n<h4>FOTO IBA NA VOLEBN\u00ddCH PLAG\u00c1TOCH?<\/h4>\n<p>Pri zrode Skalick\u00e9ho Obzoru sme po\u017eiadali prim\u00e1tora a\u00a0poslancov o\u00a0fotografiu, preto\u017ee zastupovanie ob\u010danov je \u010dinnos\u0165ou verejnou a\u00a0ob\u010dania maj\u00fa pr\u00e1vo pozna\u0165 svojich z\u00e1stupcov. Predstavi\u0165 sa ako poslanec ob\u010danom, ktor\u00fdch zastupuje, je prinajmen\u0161om slu\u0161nos\u0165. Napriek opakovan\u00fdm prosb\u00e1m prim\u00e1tor \u013dudov\u00edt Bar\u00e1t a\u00a0poslanci Juraj \u010cunderl\u00edk, Stanislav Chovanec, Franti\u0161ek Kadle\u010d\u00edk a\u00a0Rudolf \u0160antav\u00fd fotografiu nedodali. Prim\u00e1tor a\u00a0menovan\u00ed poslanci sa nenam\u00e1hali zasla\u0165 ani zd\u00f4vodnenie. Jedin\u00fd, Rudolf \u0160antav\u00fd uviedol, \u017ee nezasiela svoju fotografiu, lebo jeho voli\u010di ho poznaj\u00fa. Dovol\u00edme si drobn\u00fa pozn\u00e1mku k\u00a0bud\u00facim poslancom: Poslanec je poslancom v\u0161etk\u00fdch ob\u010danov, nie iba t\u00fdch, ktor\u00ed ho volili. Inak by niektor\u00ed poslanci zastupovali iba 195 ob\u010danov z\u00a015-tis\u00edcovej Skalice, od ktor\u00fdch priamo dostali hlasy.<\/p>\n<p>&nbsp;<\/p>\n<h4>KOMU NESTOJ\u00cdTE ZA ODPOVE\u010e<\/h4>\n<p>V\u00a0jednotliv\u00fdch \u010d\u00edslach sme kl\u00e1dli prim\u00e1torovi a\u00a0poslancom konkr\u00e9tne ot\u00e1zky s\u00a0prosbou o\u00a0odpove\u010f do presn\u00e9ho term\u00ednu. Priestor na odpove\u010f bol v\u00a0rozmedz\u00ed 7 a\u017e 10 dn\u00ed. Nemali sme probl\u00e9m doplni\u0165 aj odpovede, ktor\u00e9 pri\u0161li po term\u00edne, pokia\u013e \u010dasopis nebol e\u0161te vytla\u010den\u00fd. V\u00a0prvom rade n\u00e1m ide o\u00a0korektn\u00fa komunik\u00e1ciu, aby sme sa mohli dozvedie\u0165 a\u00a0zverej\u0148ova\u0165 postoje na\u0161ich<br \/>\nz\u00e1stupcov. Ot\u00e1zky sme prim\u00e1torovi a\u00a0poslancom zasielali na ich ofici\u00e1lne e-mailov\u00e9 adresy. Mysl\u00edme si, \u017ee ako ob\u010dania m\u00e1me pr\u00e1vo p\u00fdta\u0165 sa a\u00a0prim\u00e1tor a\u00a0poslanci maj\u00fa povinnos\u0165 odpoveda\u0165. Bohu\u017eia\u013e, od niektor\u00fdch sme odpovede nedostali nikdy a\u00a0ani zd\u00f4vodnenie pre\u010do neodpovedaj\u00fa. Preto tento pr\u00edstup teraj\u0161ieho prim\u00e1tora a\u00a0niektor\u00fdch poslancov c\u00edtime ako prejav hrubej arogancie a\u00a0ignor\u00e1cie z\u00e1stupcov vo\u010di svojim voli\u010dom. Okrem prim\u00e1tora \u013dudov\u00edta Bar\u00e1ta nikdy neodpovedali poslanci Juraj \u010cunderl\u00edk, Stanislav Chovanec, Franti\u0161ek Kadle\u010d\u00edk a\u00a0Alexander T\u00f3th. Prekvapil poslanec Luk\u00e1\u0161 Tiso\u0148, ktor\u00fd na soci\u00e1lnych sie\u0165ach \u010dasto vyz\u00fdva ob\u010danov k\u00a0ot\u00e1zkam, na ktor\u00e9 r\u00e1d zodpovie. Tu sme mu ich polo\u017eili, no na 70 percent z\u00a0nich v\u00f4bec nereagoval.<\/p>\n<p>&nbsp;<\/p>\n<h4>\u010eAKUJEME ZA VA\u0160ICH VOLI\u010cOV<\/h4>\n<p>Optimistickou inform\u00e1ciou je, \u017ee s\u00fa aj poslanci, ktor\u00ed pocit zodpovednosti vo\u010di voli\u010dom maj\u00fa a\u00a0odpovedali stopercentne. S\u00fa to Peter Hertl, Viktor Kov\u00e1\u010d, Anna Oz\u00e1balov\u00e1 a\u00a0Daniel Vidovi\u010d. Samozrejme, nastan\u00fa aj okolnosti, kedy objekt\u00edvne pr\u00ed\u010diny zabr\u00e1nia poslancom odpoveda\u0165, preto 80 percent zodpovedan\u00fdch ot\u00e1zok st\u00e1le pova\u017eujeme za zodpovedn\u00fa komunik\u00e1ciu s\u00a0ob\u010danmi. Ospravedlnenie s\u00a0od\u00f4vodnen\u00edm neskorej odpovede n\u00e1m v\u0161ak nap\u00edsala iba jedin\u00e1, poslanky\u0148a Jana Reko\u0161ov\u00e1.<\/p>\n<p>&nbsp;<\/p>\n<h4>STA\u010c\u00cd OBY\u010cAJN\u00c1 SLU\u0160NOS\u0164<\/h4>\n<p>Ako dobre vidie\u0165 v\u00a0tabu\u013eke, ve\u013ek\u00e1 \u010das\u0165 poslancov odpovedala len sporadicky, bez vysvetlenia, \u010di ospravedlnenia. Mysl\u00edme si, \u017ee ku ka\u017edej z\u00e1kladnej slu\u0161nej komunik\u00e1cii patria slov\u00e1 ako pros\u00edm, \u010fakujem a\u00a0prep\u00e1\u010dte. Prekvapuje n\u00e1s, \u017ee s\u00fa medzi t\u00fdmito z\u00e1stupcami aj s\u00fa\u010dasn\u00ed kandid\u00e1ti na prim\u00e1tora a\u00a0poslancov. \u017diadaj\u00fa n\u00e1s znova o\u00a0na\u0161u d\u00f4veru a\u00a0pritom odmietaj\u00fa s\u00a0nami ob\u010danmi komunikova\u0165? Sta\u010d\u00ed to pod\u013ea nich len dovtedy, k\u00fdm \u013eudia nehodia hlasovac\u00ed l\u00edstok? To skuto\u010dne stoj\u00ed za zamyslenie.<\/p>\n<p>&nbsp;<\/p>\n<h4>MYSLITE NA TO PRI URNE<\/h4>\n<p>Na z\u00e1ver jedno d\u00f4le\u017eit\u00e9 pripomenutie pre bud\u00facich zvolen\u00fdch z\u00e1stupcov a\u00a0pre n\u00e1s ob\u010danov: Pr\u00e1ca z\u00e1stupcov neza\u010d\u00edna a\u00a0nekon\u010d\u00ed pri volebn\u00fdch urn\u00e1ch. \u00da\u010dty neskladaj\u00fa a\u017e na konci volebn\u00e9ho obdobia, ale ich povinnos\u0165ou je komunikova\u0165 s\u00a0ob\u010danmi po cel\u00e9 volebn\u00e9 obdobie. Komunik\u00e1cia medzi ob\u010danom a\u00a0z\u00e1stupcami je jedn\u00fdm z\u00a0d\u00f4le\u017eit\u00fdch pilierov vedenia mesta. Pokia\u013e to vn\u00edmate rovnako, m\u00f4\u017eete si v\u00a0prilo\u017eenej tabu\u013eke s\u00a0preh\u013eadom overi\u0165 ako na\u0161i z\u00e1stupcovia re\u00e1lne komunikovali. Za pozornos\u0165 ur\u010dite stoj\u00ed sp\u00f4sob komunik\u00e1cie t\u00fdch, ktor\u00ed op\u00e4\u0165 kandiduj\u00fa na prim\u00e1tora a\u00a0poslancov pre \u010fal\u0161ie volebn\u00e9 obdobie. \u010ci bude pre n\u00e1s, voli\u010dov ochota komunik\u00e1cie kandid\u00e1tov d\u00f4le\u017eit\u00e1 pri rozhodovan\u00ed koho voli\u0165, to u\u017e je na ka\u017edom z\u00a0n\u00e1s.<\/p>\n<p><strong>\u010eakujeme t\u00fdm, \u010do s\u00a0nami komunikovali, za spolupr\u00e1cu. Te\u0161\u00edme sa na \u010fal\u0161iu, s\u00a0prim\u00e1torom a\u00a0poslancami v\u00a0novom volebnom obdob\u00ed 2018 \u2013 2022. Ver\u00edme, \u017ee sa v\u00a0spolo\u010dnej komunik\u00e1cii zasa posunieme o\u00a0k\u00fasok \u010falej.<\/strong><\/p>\n","protected":false},"excerpt":{"rendered":"<div class=\"mh-excerpt\"><p>V\u00a0t\u00fdchto d\u0148och kon\u010d\u00ed volebn\u00e9 obdobie 2014 \u2013 2018. Viac ako rok sme skalick\u00e9mu prim\u00e1torovi a\u00a0poslancom kl\u00e1dli ot\u00e1zky ob\u010danov a\u00a0nastal \u010das rekapitul\u00e1cie. Rekapitul\u00e1cie vz\u00e1jomnej komunik\u00e1cie n\u00e1s ob\u010danov s\u00a0na\u0161imi z\u00e1stupcami. Cie\u013eom tohto \u010dl\u00e1nku nie je analyzova\u0165 jednotliv\u00e9 <a class=\"mh-excerpt-more\" href=\"http:\/\/skalickyobzor.sk\/cms\/dame-prednost-ignoracii-ci-komunikacii\/\" title=\"D\u00e1me prednos\u0165 ignor\u00e1cii, \u010di komunik\u00e1cii?\">[&#8230;]<\/a><\/p>\n<\/div>","protected":false},"author":1,"featured_media":17,"comment_status":"closed","ping_status":"closed","sticky":false,"template":"","format":"standard","meta":{"footnotes":""},"categories":[5],"tags":[],"class_list":{"0":"post-1524","1":"post","2":"type-post","3":"status-publish","4":"format-standard","5":"has-post-thumbnail","7":"category-toto-sa-nas-tyka"},"_links":{"self":[{"href":"http:\/\/skalickyobzor.sk\/cms\/wp-json\/wp\/v2\/posts\/1524","targetHints":{"allow":["GET"]}}],"collection":[{"href":"http:\/\/skalickyobzor.sk\/cms\/wp-json\/wp\/v2\/posts"}],"about":[{"href":"http:\/\/skalickyobzor.sk\/cms\/wp-json\/wp\/v2\/types\/post"}],"author":[{"embeddable":true,"href":"http:\/\/skalickyobzor.sk\/cms\/wp-json\/wp\/v2\/users\/1"}],"replies":[{"embeddable":true,"href":"http:\/\/skalickyobzor.sk\/cms\/wp-json\/wp\/v2\/comments?post=1524"}],"version-history":[{"count":1,"href":"http:\/\/skalickyobzor.sk\/cms\/wp-json\/wp\/v2\/posts\/1524\/revisions"}],"predecessor-version":[{"id":1525,"href":"http:\/\/skalickyobzor.sk\/cms\/wp-json\/wp\/v2\/posts\/1524\/revisions\/1525"}],"wp:featuredmedia":[{"embeddable":true,"href":"http:\/\/skalickyobzor.sk\/cms\/wp-json\/wp\/v2\/media\/17"}],"wp:attachment":[{"href":"http:\/\/skalickyobzor.sk\/cms\/wp-json\/wp\/v2\/media?parent=1524"}],"wp:term":[{"taxonomy":"category","embeddable":true,"href":"http:\/\/skalickyobzor.sk\/cms\/wp-json\/wp\/v2\/categories?post=1524"},{"taxonomy":"post_tag","embeddable":true,"href":"http:\/\/skalickyobzor.sk\/cms\/wp-json\/wp\/v2\/tags?post=1524"}],"curies":[{"name":"wp","href":"https:\/\/api.w.org\/{rel}","templated":true}]}}