{"id":1534,"date":"2018-11-08T06:01:49","date_gmt":"2018-11-08T05:01:49","guid":{"rendered":"http:\/\/skalickyobzor.sk\/cms\/?p=1534"},"modified":"2018-11-08T07:00:06","modified_gmt":"2018-11-08T06:00:06","slug":"bandy-skalica-do-toho-2-cast","status":"publish","type":"post","link":"http:\/\/skalickyobzor.sk\/cms\/bandy-skalica-do-toho-2-cast\/","title":{"rendered":"Bandy Skalica do toho!! (2. \u010das\u0165)"},"content":{"rendered":"<p><em><strong>V\u00a0prvej \u010dasti sme rozpr\u00e1vali o\u00a0tom, \u010do v\u00f4bec bandy hokej je, ale aj o\u00a0znovuzroden\u00ed tohto \u0161portu, z\u00a0ktor\u00e9ho sa nesk\u00f4r vyvinul modern\u00fd \u013eadov\u00fd hokej. Bandy hokej sa do roku 1929 hr\u00e1val aj na na\u0161om \u00fazem\u00ed, prv\u00fdkr\u00e1t dokonca u\u017e za Rak\u00fasko-uhorskej monarchie. V\u00a0roku 2018 bol bandy hokejov\u00fd klub SAB zalo\u017een\u00fd v\u00a0Skalici. Je jedn\u00fdm z\u00a0troch na Slovensku. Jeho du\u0161ou je Luk\u00e1\u0161 Vepy. Predseda tr\u00e9ner a\u00a0najspo\u013eahlivej\u0161\u00ed zdroj inform\u00e1ci\u00ed, ak sa chcete dozvedie\u0165 o\u00a0skalickom bandy hokeji \u010do najviac. Tak sme sa teda pop\u00fdtali priamo neho.<\/strong><\/em><\/p>\n<p><strong>P\u00e1n Vepy, nie ste Skali\u010dan a\u00a0predsa ste zalo\u017eili bandy hokejov\u00fd klub pr\u00e1ve tu. \u010co V\u00e1s viedlo k\u00a0tomuto rozhodnutiu?<\/strong><br \/>\nNie som zo Skalice, ale c\u00edtim sa tu tak trochu doma \u2013 m\u00f4j otec v\u00a0Skalici vyrastal a\u00a0tie\u017e tu m\u00e1me v\u00e4\u010d\u0161iu \u010das\u0165 rodiny. U\u017e od mali\u010dka som v\u00a0Skalici tr\u00e1vil ve\u013ea \u010dasu a\u00a0m\u00e1m na \u0148u ve\u013emi pekn\u00e9 spomienky. Ale to by na zalo\u017eenie klubu nesta\u010dilo. \u010eal\u0161\u00edm d\u00f4vodom je, \u017ee dos\u0165 hr\u00e1\u010dov na bandy m\u00e1me pr\u00e1ve tu a\u00a0tak bolo dobr\u00e9, aby nedoch\u00e1dzali inam, ale reprezentovali svoje mesto a\u00a0boli na to hrd\u00ed. Skali\u010dania s\u00fa patrioti, tak\u017ee ver\u00edm, \u017ee si vybuduj\u00fa vz\u0165ah k\u00a0bandy klubu a\u00a0bude sa chodi\u0165 fandi\u0165 na\u0161im hr\u00e1\u010dom.<\/p>\n<p><strong>Ako a\u00a0kedy ste sa dostali k\u00a0bandy hokeju Vy osobne?<\/strong><br \/>\nPri jednej pracovnej ceste do \u0160v\u00e9dska som sa bol pozrie\u0165 na svojich klientov na z\u00e1pase v\u00a0najvy\u0161\u0161ej dorasteneckej s\u00fa\u0165a\u017ei. Vtedy som debatoval o\u00a0hokeji s\u00a0moj\u00edm kamar\u00e1tom Per-Erikom Holmstromom a\u00a0pr\u00e1ve on mi povedal o\u00a0bandy a\u00a0uk\u00e1zal mi vide\u00e1 na Youtube. Ja som len nech\u00e1pavo kr\u00fatil hlavou, \u017ee tak\u00fdto \u0161port v\u00f4bec existuje. Ke\u010f mi povedal ak\u00e9 ve\u013ek\u00e9 pozit\u00edva m\u00e1 bandy oproti \u201eklasick\u00e9mu\u201c \u013eadov\u00e9mu hokej a\u00a0ko\u013eko ve\u013ek\u00fdch \u0161v\u00e9dskych hr\u00e1\u010dov za\u010d\u00ednalo s\u00a0bandy, bol som v\u00a0nemom \u00fa\u017ease. Debatovali sme do neskor\u00fdch no\u010dn\u00fdch hod\u00edn, a\u00a0u\u017e som sa tej my\u0161lienky nezbavil. Po n\u00e1vrate na Slovensko som sa po nieko\u013ek\u00fdch d\u0148och rozm\u00fd\u0161\u013eania, a\u00a0po rozhovore s\u00a0mojim otcom, rozhodol zalo\u017ei\u0165 Slovensk\u00fa asoci\u00e1ciu bandy. Zalo\u017eili sme ob\u010dianske zdru\u017eenie a\u00a0v\u00a0m\u00e1ji sa stali ofici\u00e1lnym \u010dlenom medzin\u00e1rodnej feder\u00e1cie bandy.<\/p>\n<p><strong>Ako sa dar\u00ed skalick\u00e9mu klubu?<\/strong><br \/>\nKlub v\u00a0Skalici funguje od roku 2018. Moment\u00e1lne m\u00e1 vy\u0161e dvadsa\u0165 \u010dlenov a\u00a0neust\u00e1le sa rozrast\u00e1. S\u00fa v\u00a0\u0148om mlad\u0161\u00ed \u017eiaci, star\u0161\u00ed \u017eiaci, dorastenci, juniori aj mu\u017ei. Sme ve\u013emi radi, \u017ee bandy sa v\u00a0Skalici uchytilo a\u00a0 chlapcov bav\u00ed. Sved\u010d\u00ed o\u00a0tom aj kr\u00e1sne tretie miesto na turnaji v\u00a0Krasnogorsku.<\/p>\n<figure id=\"attachment_1557\" aria-describedby=\"caption-attachment-1557\" style=\"width: 660px\" class=\"wp-caption aligncenter\"><img loading=\"lazy\" decoding=\"async\" class=\"size-full wp-image-1557\" src=\"http:\/\/skalickyobzor.sk\/cms\/wp-content\/uploads\/2018\/11\/Reprezenta\u010dn\u00fd-tim-Slovenska-v-Cine.jpg\" alt=\"\" width=\"660\" height=\"440\" srcset=\"http:\/\/skalickyobzor.sk\/cms\/wp-content\/uploads\/2018\/11\/Reprezenta\u010dn\u00fd-tim-Slovenska-v-Cine.jpg 660w, http:\/\/skalickyobzor.sk\/cms\/wp-content\/uploads\/2018\/11\/Reprezenta\u010dn\u00fd-tim-Slovenska-v-Cine-300x200.jpg 300w\" sizes=\"auto, (max-width: 660px) 100vw, 660px\" \/><figcaption id=\"caption-attachment-1557\" class=\"wp-caption-text\">Reprezenta\u010dn\u00fd t\u00edm Slovenska v\u00a0\u010c\u00edne<\/figcaption><\/figure>\n<p><strong>Kde pri t\u00fdch zvl\u00e1\u0161tnych rozmeroch ihriska tr\u00e9nujete?<\/strong><br \/>\nPo\u010das tejto sez\u00f3ny sme tr\u00e9novali cez v\u00edkendy v\u00a0Senici, lebo v\u00a0Skalici bola \u013eadov\u00e1 plocha dos\u0165 vy\u0165a\u017een\u00e1. Od bud\u00facej sez\u00f3ny chceme zaradi\u0165 tr\u00e9ning aj cez t\u00fd\u017ede\u0148. Z\u00e1pasy sa bud\u00fa kona\u0165 cez v\u00edkend, bu\u010f v\u00a0sobotu alebo nede\u013eu. Mali sme v\u0161ak tr\u00e9ningy aj v\u00a0Skalici a\u00a0takisto aj koncoro\u010dn\u00fd z\u00e1pas, kde hrali rodi\u010dia proti na\u0161im hr\u00e1\u010dom. Bola to z\u00e1bava a\u00a0pr\u00edjemn\u00e9 zakon\u010denie roku 2017.<\/p>\n<p><strong>Skuto\u010dne vznik\u00e1 ihrisko tak, \u017ee sa zatop\u00ed a\u00a0nech\u00e1 zamrzn\u00fa\u0165 futbalov\u00fd tr\u00e1vnik?<\/strong><br \/>\nIhrisk\u00e1 napr\u00edklad v\u00a0\u0160kandin\u00e1vii a\u00a0Rusku s\u00fa v\u00a0kr\u00e1snych hal\u00e1ch, ale, samozrejme, ve\u013ea ihr\u00edsk je otvoren\u00fdch. Niekde pr\u00edrodn\u00e9 podmienky umo\u017e\u0148uj\u00fa, \u017ee hr\u00e1\u010di hraj\u00fa na pr\u00edrodnom \u013eade.<\/p>\n<p><strong>Skalica je aktu\u00e1lne jedn\u00fdm z\u00a0troch centier na Slovensku. To je zatia\u013e m\u00e1lo. Hr\u00e1 sa preto nejak\u00e1 \u201efeder\u00e1lna\u201c liga?<\/strong><br \/>\n\u010co sa t\u00fdka z\u00e1ujmu o\u00a0bandy, predov\u0161etk\u00fdm u\u00a0det\u00ed, s\u00fa Skalica a\u00a0celkovo Z\u00e1horie moment\u00e1lne ve\u013emi siln\u00e9. Ver\u00edm tomu, \u017ee v\u00a0bl\u00edzkej bud\u00facnosti sa dostaneme aj do \u010fal\u0161\u00edch krajov a\u00a0bandy si n\u00e1jde svoje miesto. N\u00e1\u0161 cie\u013e \u2013 feder\u00e1lna liga sa v\u0161ak tento rok e\u0161te neuskuto\u010dn\u00ed. Za\u010dneme z\u00e1pasmi na\u0161ich slovensk\u00fdch t\u00edmov.<\/p>\n<p><strong>Ako si Slovensko stoj\u00ed vo svete?<\/strong><br \/>\nSlovensko je v\u00a0bandy nov\u00e1\u010dik. Toto je na\u0161a prv\u00e1 sez\u00f3na, u\u010d\u00edme sa, teda, za pochodu. V\u00a0septembri sme sa z\u00fa\u010dastnili majstrovstiev Eur\u00f3py v\u00a0rink bandy, kde sme skon\u010dili na druhom mieste. Nasledovali MS v\u00a0\u010c\u00edne, kde sme v\u00a0B-kateg\u00f3rii obsadili siedme miesto.V\u00a0t\u00edme boli traja chlapci zo Skalice &#8211; Miroslav Kr\u00eddl, Matej Michalovi\u010d a\u00a0Dominik Rusn\u00e1k. S\u00fa\u010das\u0165ou rozvoja bandy na Slovensku s\u00fa aj \u017eeny. U\u017e na medzin\u00e1rodnom ml\u00e1de\u017en\u00edckom turnaji v\u00a0Rusku bola s\u00a0nami Nelly Kol\u00e1rov\u00e1 a\u00a0ve\u013emi dobre zapadla do chlap\u010densk\u00e9ho kolekt\u00edvu.<\/p>\n<figure id=\"attachment_1558\" aria-describedby=\"caption-attachment-1558\" style=\"width: 655px\" class=\"wp-caption aligncenter\"><img loading=\"lazy\" decoding=\"async\" class=\"size-full wp-image-1558\" src=\"http:\/\/skalickyobzor.sk\/cms\/wp-content\/uploads\/2018\/11\/Dominik-Rusn\u00e1k-na-MS-v-\u010c\u00edne.jpg\" alt=\"\" width=\"655\" height=\"436\" srcset=\"http:\/\/skalickyobzor.sk\/cms\/wp-content\/uploads\/2018\/11\/Dominik-Rusn\u00e1k-na-MS-v-\u010c\u00edne.jpg 655w, http:\/\/skalickyobzor.sk\/cms\/wp-content\/uploads\/2018\/11\/Dominik-Rusn\u00e1k-na-MS-v-\u010c\u00edne-300x200.jpg 300w\" sizes=\"auto, (max-width: 655px) 100vw, 655px\" \/><figcaption id=\"caption-attachment-1558\" class=\"wp-caption-text\">Dominik Rusn\u00e1k na MS v\u00a0\u010c\u00edne<\/figcaption><\/figure>\n<p><strong>M\u00e1 bandy hokej amb\u00edcie a\u00a0\u0161ancu sta\u0165 sa olympijsk\u00fdm \u0161portom?<\/strong><br \/>\n\u013dudia z\u00a0medzin\u00e1rodnej bandy feder\u00e1cie lobuj\u00fa, aby bol bandy u\u017e na zimnej olympi\u00e1de v\u00a0roku 2022 v\u00a0\u010c\u00edne. Preto aj boli v\u00a0\u010c\u00edne tento rok MS v\u00a0bandy B-kateg\u00f3rie. Malo by sa rozhodn\u00fa\u0165 do konca leta. \u010co sa t\u00fdka organiz\u00e1cie MS, boli na ve\u013emi vysokej \u00farovni a\u00a0na\u0161i chlapci boli v\u00a0\u010c\u00edne celebritami. Ka\u017ed\u00fd sa chcel s\u00a0nimi foti\u0165, rozd\u00e1vali podpisy &#8230; Na Slovensku nie je \u0161port bandy zatia\u013e ve\u013emi popul\u00e1rny a\u00a0ve\u013ea \u013eud\u00ed o\u00a0\u0148om nevie. Pred p\u00e1r d\u0148ami som v\u0161ak mal rozhovor s\u00a0vrchn\u00fdm predstavite\u013eom bandy a\u00a0ozn\u00e1mil mi, \u017ee Kolumbia a\u00a0Island bud\u00fa nov\u00e9 krajiny, ktor\u00e9 sa z\u00fa\u010dastnia na MS vo \u0160v\u00e9dsku 2019 v\u00a0B-kateg\u00f3rii. To znamen\u00e1, \u017ee konkurencia bude ve\u013emi siln\u00e1 a\u00a0bud\u00fa to naozaj ve\u013emi kvalitn\u00e9 a\u00a0\u0165a\u017ek\u00e9 z\u00e1pasy.<\/p>\n<p><strong>\u010eakujeme za dobr\u00e9 a\u00a0zauj\u00edmav\u00e9 spr\u00e1vy. Dr\u017e\u00edme palce a\u00a0radi sa znovu podel\u00edme o\u00a0novinky nov\u00e9ho \u0161portu v\u00a0Skalici.<\/strong><\/p>\n","protected":false},"excerpt":{"rendered":"<div class=\"mh-excerpt\"><p>V\u00a0prvej \u010dasti sme rozpr\u00e1vali o\u00a0tom, \u010do v\u00f4bec bandy hokej je, ale aj o\u00a0znovuzroden\u00ed tohto \u0161portu, z\u00a0ktor\u00e9ho sa nesk\u00f4r vyvinul modern\u00fd \u013eadov\u00fd hokej. Bandy hokej sa do roku 1929 hr\u00e1val aj na na\u0161om \u00fazem\u00ed, prv\u00fdkr\u00e1t dokonca <a class=\"mh-excerpt-more\" href=\"http:\/\/skalickyobzor.sk\/cms\/bandy-skalica-do-toho-2-cast\/\" title=\"Bandy Skalica do toho!! (2. \u010das\u0165)\">[&#8230;]<\/a><\/p>\n<\/div>","protected":false},"author":1,"featured_media":1555,"comment_status":"closed","ping_status":"closed","sticky":false,"template":"","format":"standard","meta":{"footnotes":""},"categories":[10],"tags":[],"class_list":{"0":"post-1534","1":"post","2":"type-post","3":"status-publish","4":"format-standard","5":"has-post-thumbnail","7":"category-zaujalo-nas"},"_links":{"self":[{"href":"http:\/\/skalickyobzor.sk\/cms\/wp-json\/wp\/v2\/posts\/1534","targetHints":{"allow":["GET"]}}],"collection":[{"href":"http:\/\/skalickyobzor.sk\/cms\/wp-json\/wp\/v2\/posts"}],"about":[{"href":"http:\/\/skalickyobzor.sk\/cms\/wp-json\/wp\/v2\/types\/post"}],"author":[{"embeddable":true,"href":"http:\/\/skalickyobzor.sk\/cms\/wp-json\/wp\/v2\/users\/1"}],"replies":[{"embeddable":true,"href":"http:\/\/skalickyobzor.sk\/cms\/wp-json\/wp\/v2\/comments?post=1534"}],"version-history":[{"count":3,"href":"http:\/\/skalickyobzor.sk\/cms\/wp-json\/wp\/v2\/posts\/1534\/revisions"}],"predecessor-version":[{"id":1559,"href":"http:\/\/skalickyobzor.sk\/cms\/wp-json\/wp\/v2\/posts\/1534\/revisions\/1559"}],"wp:featuredmedia":[{"embeddable":true,"href":"http:\/\/skalickyobzor.sk\/cms\/wp-json\/wp\/v2\/media\/1555"}],"wp:attachment":[{"href":"http:\/\/skalickyobzor.sk\/cms\/wp-json\/wp\/v2\/media?parent=1534"}],"wp:term":[{"taxonomy":"category","embeddable":true,"href":"http:\/\/skalickyobzor.sk\/cms\/wp-json\/wp\/v2\/categories?post=1534"},{"taxonomy":"post_tag","embeddable":true,"href":"http:\/\/skalickyobzor.sk\/cms\/wp-json\/wp\/v2\/tags?post=1534"}],"curies":[{"name":"wp","href":"https:\/\/api.w.org\/{rel}","templated":true}]}}