{"id":165,"date":"2017-10-05T18:54:14","date_gmt":"2017-10-05T16:54:14","guid":{"rendered":"http:\/\/skalickyobzor.sk\/cms\/?p=165"},"modified":"2017-11-13T18:56:49","modified_gmt":"2017-11-13T17:56:49","slug":"fazolari","status":"publish","type":"post","link":"http:\/\/skalickyobzor.sk\/cms\/fazolari\/","title":{"rendered":"Fazol\u00e1ri"},"content":{"rendered":"<p>Is\u0165e ste \u010duli a za\u017eili, \u017ee v\u00e1m nekdo rekel, \u017ee ste &#8222;fazol\u00e1r&#8220;. Skali\u010dan toto oslove\u0148\u00ed nese hrdo. A to aj ftedy, ket n\u00e1m to rekne hol\u00edck\u00ed cibul\u00e1r, lebo fazol\u00e1ri sme.<\/p>\n<p><!--more--><\/p>\n<p>Jak toto pomenova\u0148\u00ed vze\u0161lo, to pres\u0148e nev\u00edme, ale asi proto, \u017ee sa na skalicku pjestovalo hod\u0148e fazole a m\u00e1me r\u00e1di tradi\u010d\u0148\u00ed fazolov\u00e9 \u00eddla \u2013 fazolnicu-pol\u00e9fku a \u0161umajstr, teda fazolov\u00fa ka\u0161u s cibulk\u00fa. R\u00edk\u00e1 sa, \u017ee v ka\u017edej por\u00e1dnej katol\u00edckej rodi\u0148e ve Skalici bila v p\u00e1tek fazolnica. Mi v\u00e1m pon\u00fakneme prav\u00fa fazol\u0148icu, jak\u00fa varili starenka Milana Vesel\u00e9ho.<\/p>\n<h3>FAZOL\u0147ICA<\/h3>\n<p>Co sa mos\u00ed do \u0148\u00ed dat? Fazol, mrkva, petr\u017eal\u00e9, cel\u00e9r, trochu s\u00e1dla, hladk\u00e1 m\u00faka, voda, s\u00fal, mlet\u00e9 \u010dern\u00e9 kore\u0148\u00ed. Na krajance: polohrub\u00e1 m\u00faka, voda, vajce, s\u00fal. Prv\u0148\u00ed uvar\u00edme fazol. Abi sme prede\u0161li nafukova\u0148\u00fa, tak fazol dvakr\u00e1t prevar\u00edme ve vo\u010fe asi pjet minut a zlejeme. Var\u00edme potom e\u0161te r\u00e1z v osolenej vo\u010fe do mjaka.<\/p>\n<p>Abi n\u00e1m fazol sk\u00far zmjakla, mo\u017eeme ju pret vare\u0148\u00edm ve\u010d\u00e9r namo\u010dit, alebo f\u010d\u00edl je mo\u017enos\u0165 varit v tlakov\u00e9m hrnci. Prid\u00e1me na mal\u00e9 kole\u010dka nakr\u00e1jan\u00fa mrkvu a ostatn\u00ed grincajch (zeleni) a mo\u017eeme dat aj bobkov\u00ed list.<\/p>\n<p>Z hladkej m\u00faki usma\u017e\u00edme na s\u00e1dli z\u00e1sma\u017eku. Zalejeme v\u00edvarem z fazol\u00ed, podl\u00e1 potrebi prid\u00e1me vodi, roztla\u010den\u00ed \u010desnek, cel\u00fa cibulu, kore\u0148\u00ed, prisol\u00edme. Ket bude v\u00edvar hotov\u00ed, vm\u00ed\u0161\u00e1me do \u0148eho uvaren\u00fa fazol a je! Na krajance zam\u00ed\u0161\u00e1me polohrub\u00fa m\u00faku z vod\u00fa, jedno vajce a s\u00fal. Polotuh\u00e9 t\u011bsto, ker\u00e9 nelep\u00ed, rozv\u00e1l\u00e1me na hr\u00fabku asi tri milimetre. Nakr\u00e1jeme na p\u00e1se tak \u0161tiri centimetre \u0161irok\u00e9 a kr\u00e1j\u00e1me na krajance tak asi p\u00fal centimetre.<\/p>\n<p>Uvar\u00edme v osolenej vo\u010fe, prid\u00e1me trochu oleja, abi sa nelepili. Ked krajance viplov\u00fa navrch, tak ich oced\u00edme, prelejeme studen\u00fa vod\u00fa, omast\u00edme s\u00e1dlem alebo olejem a s\u00fa hotov\u00e9. Pod\u00e1v\u00e1me v misce kr\u00e1jance zal\u00e9t\u00e9 vrel\u00fa pol\u00e9fk\u00fa. Pol\u00e9fka mos\u00ed bit na misce tak\u00e1 hust\u00e1, \u017ee v \u0148\u00ed ostane u\u017ei\u010dka st\u00e1t!<\/p>\n<h3>\u0160UMAJSTR<\/h3>\n<p>Fazol, kr\u00fapki (mo\u017ee bit m\u00edsto kr\u00fapk\u00fa r\u00ed\u017ea) \u2013 tak p\u00fal na p\u00fal, voda, s\u00fal, s\u00e1dlo o\u0161kvarki, cibulka V trochu vodi fazol a kr\u00fapki za st\u00e1l\u00e9ho m\u00ed\u0161a\u0148\u00e1 var\u00edme, prid\u00e1v\u00e1me podl\u00e1 potrebi vodu, a\u017e do tej dobi, ne\u017e dostaneme ka\u0161u. Mo\u017ee sa aj tak, \u017ee sa var\u00ed zvl\u00e1\u0161\u0165 fazol a kr\u00fapki, nemos\u00ed sa tolik m\u00ed\u0161at. Potom sa f\u0161ecko zm\u00ed\u0161\u00e1 dohromadi a ka\u0161a sa dosol\u00ed. Ka\u0161a sa pod\u00e1v\u00e1 na tal\u00e9rkoch a na vrch d\u00e1me pokr\u00e1jan\u00e9, zehr\u00edt\u00e9 o\u0161kvarki alebo do \u010dervena usma\u017een\u00fa cibulu. Dobr\u00e1 pr\u00edloha je chl\u00e9b a kisel\u00ed oharek.<\/p>\n<p><img loading=\"lazy\" decoding=\"async\" class=\"aligncenter size-full wp-image-167\" src=\"http:\/\/skalickyobzor.sk\/cms\/wp-content\/uploads\/2017\/10\/fazolari_qr.png\" alt=\"\" width=\"200\" height=\"200\" srcset=\"http:\/\/skalickyobzor.sk\/cms\/wp-content\/uploads\/2017\/10\/fazolari_qr.png 200w, http:\/\/skalickyobzor.sk\/cms\/wp-content\/uploads\/2017\/10\/fazolari_qr-150x150.png 150w\" sizes=\"auto, (max-width: 200px) 100vw, 200px\" \/><\/p>\n","protected":false},"excerpt":{"rendered":"<div class=\"mh-excerpt\"><p>Is\u0165e ste \u010duli a za\u017eili, \u017ee v\u00e1m nekdo rekel, \u017ee ste &#8222;fazol\u00e1r&#8220;. Skali\u010dan toto oslove\u0148\u00ed nese hrdo. A to aj ftedy, ket n\u00e1m to rekne hol\u00edck\u00ed cibul\u00e1r, lebo fazol\u00e1ri sme.<\/p>\n<\/div>","protected":false},"author":12,"featured_media":17,"comment_status":"closed","ping_status":"closed","sticky":false,"template":"","format":"standard","meta":{"footnotes":""},"categories":[4],"tags":[],"class_list":{"0":"post-165","1":"post","2":"type-post","3":"status-publish","4":"format-standard","5":"has-post-thumbnail","7":"category-ja-su-ze-skalice"},"_links":{"self":[{"href":"http:\/\/skalickyobzor.sk\/cms\/wp-json\/wp\/v2\/posts\/165","targetHints":{"allow":["GET"]}}],"collection":[{"href":"http:\/\/skalickyobzor.sk\/cms\/wp-json\/wp\/v2\/posts"}],"about":[{"href":"http:\/\/skalickyobzor.sk\/cms\/wp-json\/wp\/v2\/types\/post"}],"author":[{"embeddable":true,"href":"http:\/\/skalickyobzor.sk\/cms\/wp-json\/wp\/v2\/users\/12"}],"replies":[{"embeddable":true,"href":"http:\/\/skalickyobzor.sk\/cms\/wp-json\/wp\/v2\/comments?post=165"}],"version-history":[{"count":2,"href":"http:\/\/skalickyobzor.sk\/cms\/wp-json\/wp\/v2\/posts\/165\/revisions"}],"predecessor-version":[{"id":168,"href":"http:\/\/skalickyobzor.sk\/cms\/wp-json\/wp\/v2\/posts\/165\/revisions\/168"}],"wp:featuredmedia":[{"embeddable":true,"href":"http:\/\/skalickyobzor.sk\/cms\/wp-json\/wp\/v2\/media\/17"}],"wp:attachment":[{"href":"http:\/\/skalickyobzor.sk\/cms\/wp-json\/wp\/v2\/media?parent=165"}],"wp:term":[{"taxonomy":"category","embeddable":true,"href":"http:\/\/skalickyobzor.sk\/cms\/wp-json\/wp\/v2\/categories?post=165"},{"taxonomy":"post_tag","embeddable":true,"href":"http:\/\/skalickyobzor.sk\/cms\/wp-json\/wp\/v2\/tags?post=165"}],"curies":[{"name":"wp","href":"https:\/\/api.w.org\/{rel}","templated":true}]}}