{"id":1671,"date":"2018-12-12T03:02:10","date_gmt":"2018-12-12T02:02:10","guid":{"rendered":"http:\/\/skalickyobzor.sk\/cms\/?p=1671"},"modified":"2018-12-12T04:13:37","modified_gmt":"2018-12-12T03:13:37","slug":"kaleidoskop-13","status":"publish","type":"post","link":"http:\/\/skalickyobzor.sk\/cms\/kaleidoskop-13\/","title":{"rendered":"Kaleidoskop"},"content":{"rendered":"<figure id=\"attachment_1674\" aria-describedby=\"caption-attachment-1674\" style=\"width: 400px\" class=\"wp-caption aligncenter\"><img loading=\"lazy\" decoding=\"async\" class=\"size-full wp-image-1674\" src=\"http:\/\/skalickyobzor.sk\/cms\/wp-content\/uploads\/2018\/12\/kalei-dec-20181.jpg\" alt=\"\" width=\"400\" height=\"600\" srcset=\"http:\/\/skalickyobzor.sk\/cms\/wp-content\/uploads\/2018\/12\/kalei-dec-20181.jpg 400w, http:\/\/skalickyobzor.sk\/cms\/wp-content\/uploads\/2018\/12\/kalei-dec-20181-200x300.jpg 200w\" sizes=\"auto, (max-width: 400px) 100vw, 400px\" \/><figcaption id=\"caption-attachment-1674\" class=\"wp-caption-text\">Foto: J\u00e1n Pardubsk\u00fd<br \/>KRST PUBLIK\u00c1CIE SKALICA 1918 \u2013 Kult\u00farny dom | 25. 10. 2018<\/figcaption><\/figure>\n<figure id=\"attachment_1675\" aria-describedby=\"caption-attachment-1675\" style=\"width: 418px\" class=\"wp-caption aligncenter\"><img loading=\"lazy\" decoding=\"async\" class=\"size-full wp-image-1675\" src=\"http:\/\/skalickyobzor.sk\/cms\/wp-content\/uploads\/2018\/12\/kalei-dec-20183.jpg\" alt=\"\" width=\"418\" height=\"600\" srcset=\"http:\/\/skalickyobzor.sk\/cms\/wp-content\/uploads\/2018\/12\/kalei-dec-20183.jpg 418w, http:\/\/skalickyobzor.sk\/cms\/wp-content\/uploads\/2018\/12\/kalei-dec-20183-209x300.jpg 209w\" sizes=\"auto, (max-width: 418px) 100vw, 418px\" \/><figcaption id=\"caption-attachment-1675\" class=\"wp-caption-text\">Foto: J\u00e1n Pardubsk\u00fd<br \/>KRST PUBLIK\u00c1CIE SKALICA 1918 \u2013 Kult\u00farny dom | 25. 10. 2018<\/figcaption><\/figure>\n<figure id=\"attachment_1679\" aria-describedby=\"caption-attachment-1679\" style=\"width: 690px\" class=\"wp-caption aligncenter\"><img loading=\"lazy\" decoding=\"async\" class=\"size-full wp-image-1679\" src=\"http:\/\/skalickyobzor.sk\/cms\/wp-content\/uploads\/2018\/12\/kalei-dec-201821.jpg\" alt=\"\" width=\"690\" height=\"460\" srcset=\"http:\/\/skalickyobzor.sk\/cms\/wp-content\/uploads\/2018\/12\/kalei-dec-201821.jpg 690w, http:\/\/skalickyobzor.sk\/cms\/wp-content\/uploads\/2018\/12\/kalei-dec-201821-300x200.jpg 300w\" sizes=\"auto, (max-width: 690px) 100vw, 690px\" \/><figcaption id=\"caption-attachment-1679\" class=\"wp-caption-text\">Foto: Tom\u00e1\u0161 Hluch<br \/>siEKO? \u2013 \u010cistenie Skalick\u00e9ho h\u00e1jku | 25.\u00a011. 2018<\/figcaption><\/figure>\n<figure id=\"attachment_1678\" aria-describedby=\"caption-attachment-1678\" style=\"width: 690px\" class=\"wp-caption aligncenter\"><img loading=\"lazy\" decoding=\"async\" class=\"size-full wp-image-1678\" src=\"http:\/\/skalickyobzor.sk\/cms\/wp-content\/uploads\/2018\/12\/kalei-dec-201814.jpg\" alt=\"\" width=\"690\" height=\"460\" srcset=\"http:\/\/skalickyobzor.sk\/cms\/wp-content\/uploads\/2018\/12\/kalei-dec-201814.jpg 690w, http:\/\/skalickyobzor.sk\/cms\/wp-content\/uploads\/2018\/12\/kalei-dec-201814-300x200.jpg 300w\" sizes=\"auto, (max-width: 690px) 100vw, 690px\" \/><figcaption id=\"caption-attachment-1678\" class=\"wp-caption-text\">Foto: Tom\u00e1\u0161 Hluch<br \/>siEKO? \u2013 \u010cistenie Skalick\u00e9ho h\u00e1jku | 25.\u00a011. 2018<\/figcaption><\/figure>\n<figure id=\"attachment_1685\" aria-describedby=\"caption-attachment-1685\" style=\"width: 690px\" class=\"wp-caption aligncenter\"><img loading=\"lazy\" decoding=\"async\" class=\"size-full wp-image-1685\" src=\"http:\/\/skalickyobzor.sk\/cms\/wp-content\/uploads\/2018\/12\/kalei-dec-201822.jpg\" alt=\"\" width=\"690\" height=\"460\" srcset=\"http:\/\/skalickyobzor.sk\/cms\/wp-content\/uploads\/2018\/12\/kalei-dec-201822.jpg 690w, http:\/\/skalickyobzor.sk\/cms\/wp-content\/uploads\/2018\/12\/kalei-dec-201822-300x200.jpg 300w\" sizes=\"auto, (max-width: 690px) 100vw, 690px\" \/><figcaption id=\"caption-attachment-1685\" class=\"wp-caption-text\">Foto: Tom\u00e1\u0161 Hluch, So\u0148a Postov\u00e1<br \/>siEKO? \u2013 Deti a\u00a0\u0161tudenti \u010distili Skalicu | 26. 10. 2018<\/figcaption><\/figure>\n<figure id=\"attachment_1680\" aria-describedby=\"caption-attachment-1680\" style=\"width: 690px\" class=\"wp-caption aligncenter\"><img loading=\"lazy\" decoding=\"async\" class=\"size-full wp-image-1680\" src=\"http:\/\/skalickyobzor.sk\/cms\/wp-content\/uploads\/2018\/12\/kalei-dec-20186.jpg\" alt=\"\" width=\"690\" height=\"460\" srcset=\"http:\/\/skalickyobzor.sk\/cms\/wp-content\/uploads\/2018\/12\/kalei-dec-20186.jpg 690w, http:\/\/skalickyobzor.sk\/cms\/wp-content\/uploads\/2018\/12\/kalei-dec-20186-300x200.jpg 300w\" sizes=\"auto, (max-width: 690px) 100vw, 690px\" \/><figcaption id=\"caption-attachment-1680\" class=\"wp-caption-text\">Foto: Tom\u00e1\u0161 Hluch, So\u0148a Postov\u00e1<br \/>siEKO? \u2013 Deti a\u00a0\u0161tudenti \u010distili Skalicu | 26. 10. 2018<\/figcaption><\/figure>\n<figure id=\"attachment_1681\" aria-describedby=\"caption-attachment-1681\" style=\"width: 690px\" class=\"wp-caption aligncenter\"><img loading=\"lazy\" decoding=\"async\" class=\"size-full wp-image-1681\" src=\"http:\/\/skalickyobzor.sk\/cms\/wp-content\/uploads\/2018\/12\/kalei-dec-20187.jpg\" alt=\"\" width=\"690\" height=\"460\" srcset=\"http:\/\/skalickyobzor.sk\/cms\/wp-content\/uploads\/2018\/12\/kalei-dec-20187.jpg 690w, http:\/\/skalickyobzor.sk\/cms\/wp-content\/uploads\/2018\/12\/kalei-dec-20187-300x200.jpg 300w\" sizes=\"auto, (max-width: 690px) 100vw, 690px\" \/><figcaption id=\"caption-attachment-1681\" class=\"wp-caption-text\">Foto: Tom\u00e1\u0161 Hluch, So\u0148a Postov\u00e1<br \/>siEKO? \u2013 Deti a\u00a0\u0161tudenti \u010distili Skalicu | 26. 10. 2018<\/figcaption><\/figure>\n<figure id=\"attachment_1682\" aria-describedby=\"caption-attachment-1682\" style=\"width: 690px\" class=\"wp-caption aligncenter\"><img loading=\"lazy\" decoding=\"async\" class=\"size-full wp-image-1682\" src=\"http:\/\/skalickyobzor.sk\/cms\/wp-content\/uploads\/2018\/12\/kalei-dec-201810.jpg\" alt=\"\" width=\"690\" height=\"460\" srcset=\"http:\/\/skalickyobzor.sk\/cms\/wp-content\/uploads\/2018\/12\/kalei-dec-201810.jpg 690w, http:\/\/skalickyobzor.sk\/cms\/wp-content\/uploads\/2018\/12\/kalei-dec-201810-300x200.jpg 300w\" sizes=\"auto, (max-width: 690px) 100vw, 690px\" \/><figcaption id=\"caption-attachment-1682\" class=\"wp-caption-text\">Foto: Tom\u00e1\u0161 Hluch, So\u0148a Postov\u00e1<br \/>siEKO? \u2013 Deti a\u00a0\u0161tudenti \u010distili Skalicu | 26. 10. 2018<\/figcaption><\/figure>\n<figure id=\"attachment_1683\" aria-describedby=\"caption-attachment-1683\" style=\"width: 690px\" class=\"wp-caption aligncenter\"><img loading=\"lazy\" decoding=\"async\" class=\"size-full wp-image-1683\" src=\"http:\/\/skalickyobzor.sk\/cms\/wp-content\/uploads\/2018\/12\/kalei-dec-201813.jpg\" alt=\"\" width=\"690\" height=\"460\" srcset=\"http:\/\/skalickyobzor.sk\/cms\/wp-content\/uploads\/2018\/12\/kalei-dec-201813.jpg 690w, http:\/\/skalickyobzor.sk\/cms\/wp-content\/uploads\/2018\/12\/kalei-dec-201813-300x200.jpg 300w\" sizes=\"auto, (max-width: 690px) 100vw, 690px\" \/><figcaption id=\"caption-attachment-1683\" class=\"wp-caption-text\">Foto: Tom\u00e1\u0161 Hluch, So\u0148a Postov\u00e1<br \/>siEKO? \u2013 Deti a\u00a0\u0161tudenti \u010distili Skalicu | 26. 10. 2018<\/figcaption><\/figure>\n<figure id=\"attachment_1684\" aria-describedby=\"caption-attachment-1684\" style=\"width: 690px\" class=\"wp-caption aligncenter\"><img loading=\"lazy\" decoding=\"async\" class=\"size-full wp-image-1684\" src=\"http:\/\/skalickyobzor.sk\/cms\/wp-content\/uploads\/2018\/12\/kalei-dec-201819.jpg\" alt=\"\" width=\"690\" height=\"388\" srcset=\"http:\/\/skalickyobzor.sk\/cms\/wp-content\/uploads\/2018\/12\/kalei-dec-201819.jpg 690w, http:\/\/skalickyobzor.sk\/cms\/wp-content\/uploads\/2018\/12\/kalei-dec-201819-300x169.jpg 300w, http:\/\/skalickyobzor.sk\/cms\/wp-content\/uploads\/2018\/12\/kalei-dec-201819-678x381.jpg 678w\" sizes=\"auto, (max-width: 690px) 100vw, 690px\" \/><figcaption id=\"caption-attachment-1684\" class=\"wp-caption-text\">Foto: Tom\u00e1\u0161 Hluch, So\u0148a Postov\u00e1<br \/>siEKO? \u2013 Deti a\u00a0\u0161tudenti \u010distili Skalicu | 26. 10. 2018<\/figcaption><\/figure>\n<figure id=\"attachment_1688\" aria-describedby=\"caption-attachment-1688\" style=\"width: 690px\" class=\"wp-caption aligncenter\"><img loading=\"lazy\" decoding=\"async\" class=\"size-full wp-image-1688\" src=\"http:\/\/skalickyobzor.sk\/cms\/wp-content\/uploads\/2018\/12\/kalei-dec-201823.jpg\" alt=\"\" width=\"690\" height=\"457\" srcset=\"http:\/\/skalickyobzor.sk\/cms\/wp-content\/uploads\/2018\/12\/kalei-dec-201823.jpg 690w, http:\/\/skalickyobzor.sk\/cms\/wp-content\/uploads\/2018\/12\/kalei-dec-201823-300x199.jpg 300w\" sizes=\"auto, (max-width: 690px) 100vw, 690px\" \/><figcaption id=\"caption-attachment-1688\" class=\"wp-caption-text\">Foto: Milan Kubi\u0161<br \/>100 ROKOV od VZNIKU \u010cESKOSLOVENSKA a\u00a0PR\u00cdCHODU DO\u010cASNEJ VL\u00c1DY do SKALICE | 6. 11. 2018<\/figcaption><\/figure>\n<figure id=\"attachment_1687\" aria-describedby=\"caption-attachment-1687\" style=\"width: 690px\" class=\"wp-caption aligncenter\"><img loading=\"lazy\" decoding=\"async\" class=\"size-full wp-image-1687\" src=\"http:\/\/skalickyobzor.sk\/cms\/wp-content\/uploads\/2018\/12\/kalei-dec-20189.jpg\" alt=\"\" width=\"690\" height=\"457\" srcset=\"http:\/\/skalickyobzor.sk\/cms\/wp-content\/uploads\/2018\/12\/kalei-dec-20189.jpg 690w, http:\/\/skalickyobzor.sk\/cms\/wp-content\/uploads\/2018\/12\/kalei-dec-20189-300x199.jpg 300w\" sizes=\"auto, (max-width: 690px) 100vw, 690px\" \/><figcaption id=\"caption-attachment-1687\" class=\"wp-caption-text\">Foto: Milan Kubi\u0161<br \/>100 ROKOV od VZNIKU \u010cESKOSLOVENSKA a\u00a0PR\u00cdCHODU DO\u010cASNEJ VL\u00c1DY do SKALICE | 6. 11. 2018<\/figcaption><\/figure>\n<figure id=\"attachment_1689\" aria-describedby=\"caption-attachment-1689\" style=\"width: 690px\" class=\"wp-caption aligncenter\"><img loading=\"lazy\" decoding=\"async\" class=\"size-full wp-image-1689\" src=\"http:\/\/skalickyobzor.sk\/cms\/wp-content\/uploads\/2018\/12\/kalei-dec-20184.jpg\" alt=\"\" width=\"690\" height=\"518\" srcset=\"http:\/\/skalickyobzor.sk\/cms\/wp-content\/uploads\/2018\/12\/kalei-dec-20184.jpg 690w, http:\/\/skalickyobzor.sk\/cms\/wp-content\/uploads\/2018\/12\/kalei-dec-20184-300x225.jpg 300w, http:\/\/skalickyobzor.sk\/cms\/wp-content\/uploads\/2018\/12\/kalei-dec-20184-678x509.jpg 678w, http:\/\/skalickyobzor.sk\/cms\/wp-content\/uploads\/2018\/12\/kalei-dec-20184-326x245.jpg 326w, http:\/\/skalickyobzor.sk\/cms\/wp-content\/uploads\/2018\/12\/kalei-dec-20184-80x60.jpg 80w\" sizes=\"auto, (max-width: 690px) 100vw, 690px\" \/><figcaption id=\"caption-attachment-1689\" class=\"wp-caption-text\">Foto: \u017delm\u00edra Mach\u00e1\u010dkov\u00e1<br \/>KOMUN\u00c1LNE VO\u013dBY V\u00a0SKALICI \u2013 Obvod 4 | 10. 11. 2018<\/figcaption><\/figure>\n<figure id=\"attachment_1690\" aria-describedby=\"caption-attachment-1690\" style=\"width: 690px\" class=\"wp-caption aligncenter\"><img loading=\"lazy\" decoding=\"async\" class=\"size-full wp-image-1690\" src=\"http:\/\/skalickyobzor.sk\/cms\/wp-content\/uploads\/2018\/12\/kalei-dec-20185.jpg\" alt=\"\" width=\"690\" height=\"518\" srcset=\"http:\/\/skalickyobzor.sk\/cms\/wp-content\/uploads\/2018\/12\/kalei-dec-20185.jpg 690w, http:\/\/skalickyobzor.sk\/cms\/wp-content\/uploads\/2018\/12\/kalei-dec-20185-300x225.jpg 300w, http:\/\/skalickyobzor.sk\/cms\/wp-content\/uploads\/2018\/12\/kalei-dec-20185-678x509.jpg 678w, http:\/\/skalickyobzor.sk\/cms\/wp-content\/uploads\/2018\/12\/kalei-dec-20185-326x245.jpg 326w, http:\/\/skalickyobzor.sk\/cms\/wp-content\/uploads\/2018\/12\/kalei-dec-20185-80x60.jpg 80w\" sizes=\"auto, (max-width: 690px) 100vw, 690px\" \/><figcaption id=\"caption-attachment-1690\" class=\"wp-caption-text\">Foto: \u017delm\u00edra Mach\u00e1\u010dkov\u00e1<br \/>KOMUN\u00c1LNE VO\u013dBY V\u00a0SKALICI \u2013 Obvod 4 | 10. 11. 2018<\/figcaption><\/figure>\n<figure id=\"attachment_1691\" aria-describedby=\"caption-attachment-1691\" style=\"width: 690px\" class=\"wp-caption aligncenter\"><img loading=\"lazy\" decoding=\"async\" class=\"size-full wp-image-1691\" src=\"http:\/\/skalickyobzor.sk\/cms\/wp-content\/uploads\/2018\/12\/kalei-dec-201817.jpg\" alt=\"\" width=\"690\" height=\"518\" srcset=\"http:\/\/skalickyobzor.sk\/cms\/wp-content\/uploads\/2018\/12\/kalei-dec-201817.jpg 690w, http:\/\/skalickyobzor.sk\/cms\/wp-content\/uploads\/2018\/12\/kalei-dec-201817-300x225.jpg 300w, http:\/\/skalickyobzor.sk\/cms\/wp-content\/uploads\/2018\/12\/kalei-dec-201817-678x509.jpg 678w, http:\/\/skalickyobzor.sk\/cms\/wp-content\/uploads\/2018\/12\/kalei-dec-201817-326x245.jpg 326w, http:\/\/skalickyobzor.sk\/cms\/wp-content\/uploads\/2018\/12\/kalei-dec-201817-80x60.jpg 80w\" sizes=\"auto, (max-width: 690px) 100vw, 690px\" \/><figcaption id=\"caption-attachment-1691\" class=\"wp-caption-text\">Foto: \u017delm\u00edra Mach\u00e1\u010dkov\u00e1<br \/>KOMUN\u00c1LNE VO\u013dBY V\u00a0SKALICI \u2013 Obvod 4 | 10. 11. 2018<\/figcaption><\/figure>\n<figure id=\"attachment_1692\" aria-describedby=\"caption-attachment-1692\" style=\"width: 690px\" class=\"wp-caption aligncenter\"><img loading=\"lazy\" decoding=\"async\" class=\"size-full wp-image-1692\" src=\"http:\/\/skalickyobzor.sk\/cms\/wp-content\/uploads\/2018\/12\/kalei-dec-201816.jpg\" alt=\"\" width=\"690\" height=\"518\" srcset=\"http:\/\/skalickyobzor.sk\/cms\/wp-content\/uploads\/2018\/12\/kalei-dec-201816.jpg 690w, http:\/\/skalickyobzor.sk\/cms\/wp-content\/uploads\/2018\/12\/kalei-dec-201816-300x225.jpg 300w, http:\/\/skalickyobzor.sk\/cms\/wp-content\/uploads\/2018\/12\/kalei-dec-201816-678x509.jpg 678w, http:\/\/skalickyobzor.sk\/cms\/wp-content\/uploads\/2018\/12\/kalei-dec-201816-326x245.jpg 326w, http:\/\/skalickyobzor.sk\/cms\/wp-content\/uploads\/2018\/12\/kalei-dec-201816-80x60.jpg 80w\" sizes=\"auto, (max-width: 690px) 100vw, 690px\" \/><figcaption id=\"caption-attachment-1692\" class=\"wp-caption-text\">Foto: \u017delm\u00edra Mach\u00e1\u010dkov\u00e1<br \/>V\u00ddSTAVA VLADIM\u00cdRA MACH\u00c1\u010cKA \u2013 Obrazy | 8. 11. 2018<\/figcaption><\/figure>\n<figure id=\"attachment_1693\" aria-describedby=\"caption-attachment-1693\" style=\"width: 690px\" class=\"wp-caption aligncenter\"><img loading=\"lazy\" decoding=\"async\" class=\"size-full wp-image-1693\" src=\"http:\/\/skalickyobzor.sk\/cms\/wp-content\/uploads\/2018\/12\/kalei-dec-201812.jpg\" alt=\"\" width=\"690\" height=\"518\" srcset=\"http:\/\/skalickyobzor.sk\/cms\/wp-content\/uploads\/2018\/12\/kalei-dec-201812.jpg 690w, http:\/\/skalickyobzor.sk\/cms\/wp-content\/uploads\/2018\/12\/kalei-dec-201812-300x225.jpg 300w, http:\/\/skalickyobzor.sk\/cms\/wp-content\/uploads\/2018\/12\/kalei-dec-201812-678x509.jpg 678w, http:\/\/skalickyobzor.sk\/cms\/wp-content\/uploads\/2018\/12\/kalei-dec-201812-326x245.jpg 326w, http:\/\/skalickyobzor.sk\/cms\/wp-content\/uploads\/2018\/12\/kalei-dec-201812-80x60.jpg 80w\" sizes=\"auto, (max-width: 690px) 100vw, 690px\" \/><figcaption id=\"caption-attachment-1693\" class=\"wp-caption-text\">Arch\u00edv: Anna Mierna<br \/>BL\u00cd\u017dI SA KRST SOKOLSK\u00c9HO PR\u00c1PORU | 8. 12. 2018<\/figcaption><\/figure>\n<figure id=\"attachment_1694\" aria-describedby=\"caption-attachment-1694\" style=\"width: 690px\" class=\"wp-caption aligncenter\"><img loading=\"lazy\" decoding=\"async\" class=\"size-full wp-image-1694\" src=\"http:\/\/skalickyobzor.sk\/cms\/wp-content\/uploads\/2018\/12\/kalei-dec-20188.jpg\" alt=\"\" width=\"690\" height=\"457\" srcset=\"http:\/\/skalickyobzor.sk\/cms\/wp-content\/uploads\/2018\/12\/kalei-dec-20188.jpg 690w, http:\/\/skalickyobzor.sk\/cms\/wp-content\/uploads\/2018\/12\/kalei-dec-20188-300x199.jpg 300w\" sizes=\"auto, (max-width: 690px) 100vw, 690px\" \/><figcaption id=\"caption-attachment-1694\" class=\"wp-caption-text\">Foto: Milan Kubi\u0161<br \/>SVATOMARTINSK\u00c9 OTV\u00c1RANIE MLAD\u00ddCH V\u00cdN | 11. 11. 2018<\/figcaption><\/figure>\n<figure id=\"attachment_1695\" aria-describedby=\"caption-attachment-1695\" style=\"width: 690px\" class=\"wp-caption aligncenter\"><img loading=\"lazy\" decoding=\"async\" class=\"size-full wp-image-1695\" src=\"http:\/\/skalickyobzor.sk\/cms\/wp-content\/uploads\/2018\/12\/kalei-dec-201820.jpg\" alt=\"\" width=\"690\" height=\"457\" srcset=\"http:\/\/skalickyobzor.sk\/cms\/wp-content\/uploads\/2018\/12\/kalei-dec-201820.jpg 690w, http:\/\/skalickyobzor.sk\/cms\/wp-content\/uploads\/2018\/12\/kalei-dec-201820-300x199.jpg 300w\" sizes=\"auto, (max-width: 690px) 100vw, 690px\" \/><figcaption id=\"caption-attachment-1695\" class=\"wp-caption-text\">Foto: Milan Kubi\u0161<br \/>SVATOMARTINSK\u00c9 OTV\u00c1RANIE MLAD\u00ddCH V\u00cdN | 11. 11. 2018<\/figcaption><\/figure>\n<figure id=\"attachment_1697\" aria-describedby=\"caption-attachment-1697\" style=\"width: 690px\" class=\"wp-caption aligncenter\"><img loading=\"lazy\" decoding=\"async\" class=\"size-full wp-image-1697\" src=\"http:\/\/skalickyobzor.sk\/cms\/wp-content\/uploads\/2018\/12\/kalei-dec-201815.jpg\" alt=\"\" width=\"690\" height=\"457\" srcset=\"http:\/\/skalickyobzor.sk\/cms\/wp-content\/uploads\/2018\/12\/kalei-dec-201815.jpg 690w, http:\/\/skalickyobzor.sk\/cms\/wp-content\/uploads\/2018\/12\/kalei-dec-201815-300x199.jpg 300w\" sizes=\"auto, (max-width: 690px) 100vw, 690px\" \/><figcaption id=\"caption-attachment-1697\" class=\"wp-caption-text\">Foto: Milan Kubi\u0161<br \/>TANE\u010cN\u00dd DOM SO SKALI\u010cANOM | 11. 11. 2018<\/figcaption><\/figure>\n<figure id=\"attachment_1698\" aria-describedby=\"caption-attachment-1698\" style=\"width: 690px\" class=\"wp-caption aligncenter\"><img loading=\"lazy\" decoding=\"async\" class=\"size-full wp-image-1698\" src=\"http:\/\/skalickyobzor.sk\/cms\/wp-content\/uploads\/2018\/12\/kalei-dec-201818.jpg\" alt=\"\" width=\"690\" height=\"457\" srcset=\"http:\/\/skalickyobzor.sk\/cms\/wp-content\/uploads\/2018\/12\/kalei-dec-201818.jpg 690w, http:\/\/skalickyobzor.sk\/cms\/wp-content\/uploads\/2018\/12\/kalei-dec-201818-300x199.jpg 300w\" sizes=\"auto, (max-width: 690px) 100vw, 690px\" \/><figcaption id=\"caption-attachment-1698\" class=\"wp-caption-text\">Foto: Milan Kubi\u0161<br \/>TANE\u010cN\u00dd DOM SO SKALI\u010cANOM | 11. 11. 2018<\/figcaption><\/figure>\n<figure id=\"attachment_1696\" aria-describedby=\"caption-attachment-1696\" style=\"width: 397px\" class=\"wp-caption aligncenter\"><img loading=\"lazy\" decoding=\"async\" class=\"size-full wp-image-1696\" src=\"http:\/\/skalickyobzor.sk\/cms\/wp-content\/uploads\/2018\/12\/kalei-dec-20182.jpg\" alt=\"\" width=\"397\" height=\"600\" srcset=\"http:\/\/skalickyobzor.sk\/cms\/wp-content\/uploads\/2018\/12\/kalei-dec-20182.jpg 397w, http:\/\/skalickyobzor.sk\/cms\/wp-content\/uploads\/2018\/12\/kalei-dec-20182-199x300.jpg 199w\" sizes=\"auto, (max-width: 397px) 100vw, 397px\" \/><figcaption id=\"caption-attachment-1696\" class=\"wp-caption-text\">Foto: Milan Kubi\u0161<br \/>TANE\u010cN\u00dd DOM SO SKALI\u010cANOM | 11. 11. 2018<\/figcaption><\/figure>\n","protected":false},"excerpt":{"rendered":"<div class=\"mh-excerpt\"><\/div>","protected":false},"author":1,"featured_media":1672,"comment_status":"closed","ping_status":"closed","sticky":false,"template":"","format":"standard","meta":{"footnotes":""},"categories":[6],"tags":[],"class_list":{"0":"post-1671","1":"post","2":"type-post","3":"status-publish","4":"format-standard","5":"has-post-thumbnail","7":"category-kaleidoskop"},"_links":{"self":[{"href":"http:\/\/skalickyobzor.sk\/cms\/wp-json\/wp\/v2\/posts\/1671","targetHints":{"allow":["GET"]}}],"collection":[{"href":"http:\/\/skalickyobzor.sk\/cms\/wp-json\/wp\/v2\/posts"}],"about":[{"href":"http:\/\/skalickyobzor.sk\/cms\/wp-json\/wp\/v2\/types\/post"}],"author":[{"embeddable":true,"href":"http:\/\/skalickyobzor.sk\/cms\/wp-json\/wp\/v2\/users\/1"}],"replies":[{"embeddable":true,"href":"http:\/\/skalickyobzor.sk\/cms\/wp-json\/wp\/v2\/comments?post=1671"}],"version-history":[{"count":5,"href":"http:\/\/skalickyobzor.sk\/cms\/wp-json\/wp\/v2\/posts\/1671\/revisions"}],"predecessor-version":[{"id":1699,"href":"http:\/\/skalickyobzor.sk\/cms\/wp-json\/wp\/v2\/posts\/1671\/revisions\/1699"}],"wp:featuredmedia":[{"embeddable":true,"href":"http:\/\/skalickyobzor.sk\/cms\/wp-json\/wp\/v2\/media\/1672"}],"wp:attachment":[{"href":"http:\/\/skalickyobzor.sk\/cms\/wp-json\/wp\/v2\/media?parent=1671"}],"wp:term":[{"taxonomy":"category","embeddable":true,"href":"http:\/\/skalickyobzor.sk\/cms\/wp-json\/wp\/v2\/categories?post=1671"},{"taxonomy":"post_tag","embeddable":true,"href":"http:\/\/skalickyobzor.sk\/cms\/wp-json\/wp\/v2\/tags?post=1671"}],"curies":[{"name":"wp","href":"https:\/\/api.w.org\/{rel}","templated":true}]}}