{"id":171,"date":"2017-10-05T19:00:22","date_gmt":"2017-10-05T17:00:22","guid":{"rendered":"http:\/\/skalickyobzor.sk\/cms\/?p=171"},"modified":"2017-11-13T19:01:14","modified_gmt":"2017-11-13T18:01:14","slug":"mila-mlada-generacia-skalicanov","status":"publish","type":"post","link":"http:\/\/skalickyobzor.sk\/cms\/mila-mlada-generacia-skalicanov\/","title":{"rendered":"Mil\u00e1 mlad\u00e1 gener\u00e1cia Skali\u010danov,"},"content":{"rendered":"<p>dovo\u013ete mi \u2013 ako jednej z v\u00e1s \u2013 prihovori\u0165 sa v\u00e1m \u2013 v \u010dase, ke\u010f prich\u00e1dza k p\u00edsaniu novej hist\u00f3rie v oblasti \u017eurnalistiky a novin\u00e1rstva.<\/p>\n<p><!--more--><\/p>\n<p>Riadky, ktor\u00e9 pr\u00e1ve m\u00e1te mo\u017enos\u0165 \u010d\u00edta\u0165, boli sp\u00edsan\u00e9 pri pr\u00edle\u017eitosti znovuobnovenia vyd\u00e1vania v\u00fdznamn\u00e9ho novinov\u00e9ho titulu Obzor. Daniel Gabriel Lichard, vydavate\u013e t\u00fdchto nov\u00edn spred viac ne\u017e stop\u00e4\u0165desiat rokov, ich pova\u017eoval, ako uv\u00e1dza v prvom \u010d\u00edsle, za hmotn\u00fd kapit\u00e1l sl\u00fa\u017eiaci na rozv\u00edjanie a budovanie vzdelanosti n\u00e1roda, \u010do si pri novin\u00e1rskej \u010dinnosti zvolil za svoj cie\u013e. Rada by som na t\u00fato my\u0161lienku nadviazala i ja a zd\u00f4raznila jej odkaz pri s\u00fa\u010dasnej \u010dinnosti nov\u00edn.<\/p>\n<p>Pri listovan\u00ed novinami m\u00f4\u017eete natrafi\u0165 na pestr\u00fa \u0161k\u00e1lu spolo\u010densk\u00fdch t\u00e9m, ktor\u00e9 bud\u00fa pojedn\u00e1va\u0165 o aktu\u00e1lnej situ\u00e1cii v na\u0161om meste. Ke\u010f\u017ee je d\u00f4le\u017eit\u00e9, aby sme sa k slovu dostali aj my \u2013 mlad\u00e1 nastupuj\u00faca gener\u00e1cia Skali\u010danov, bola vytvoren\u00e1 \u0161peci\u00e1lna rubrika, v ktorej dostan\u00fa priestor v\u0161etci t\u00ed z n\u00e1s, ktor\u00ed maj\u00fa chu\u0165 a v\u00f4\u013eu podeli\u0165 sa s nami o n\u00e1zory na r\u00f4zne t\u00e9my, \u010di len da\u0165 n\u00e1m v\u0161etk\u00fdm vedie\u0165 o zauj\u00edmavom podujat\u00ed, o \u0161ikovn\u00fdch mlad\u00fdch \u013eu\u010foch, o d\u00f4le\u017eit\u00fdch skutkoch; \u010di t\u00ed z n\u00e1s, ktor\u00ed sa neboja pouk\u00e1za\u0165 na probl\u00e9my a nedostatky v na\u0161om skalickom spolo\u010denstve.<\/p>\n<p>A ke\u010f\u017ee cie\u013eom vyd\u00e1vania nov\u00edn je skuto\u010dne sa pribl\u00ed\u017ei\u0165 aj n\u00e1m, mlad\u00fdm \u013eu\u010fom, preto\u017ee dnes fungujeme v celkom inom svete ako Lichardova gener\u00e1cia, ba dokonca gener\u00e1cia na\u0161ich star\u00fdch rodi\u010dov a rodi\u010dov, je pripraven\u00e1 webov\u00e1 str\u00e1nka, na ktorej sa taktie\u017e bud\u00fa objavova\u0165 pr\u00edspevky z tla\u010denej verzie nov\u00edn.<\/p>\n<p>Som toho n\u00e1zoru, a iste hovor\u00edm i za redakciu, ke\u010f poviem, \u017ee je potrebn\u00e9 vytvori\u0165 p\u00f4du pre priate\u013esk\u00fa diskusiu diferencovan\u00fa i genera\u010dn\u00fdmi rozdielmi, preto\u017ee tak, ako sa mlad\u00ed u\u010dia od t\u00fdch star\u0161\u00edch, tak sa i t\u00ed star\u0161\u00ed m\u00f4\u017eu priu\u010di\u0165 od n\u00e1s mlad\u00fdch, prin\u00e1\u0161aj\u00facich dianiu nov\u00fd, svie\u017ei vietor. Apelujem preto na n\u00e1s, na nastupuj\u00facu gener\u00e1ciu Skali\u010danov, aby sme sa aj prostredn\u00edctvom na\u0161ich nov\u00edn zapojili do spolo\u010densk\u00e9ho \u017eivota, podelili sa o svoje sk\u00fasenosti, my\u0161lienky a postrehy, aby sme pomohli budova\u0165 n\u00e1\u0161 rozrastaj\u00faci sa skalick\u00fd regi\u00f3n a, v n\u00e1dv\u00e4znosti na vy\u0161\u0161ie spomenut\u00fa Lichardovu my\u0161lienku, dopomohli k duchovn\u00e9mu obohacovaniu v\u0161etk\u00fdch t\u00fdch, ktor\u00ed ob\u00fdvaj\u00fa na\u0161e malebn\u00e9 mesto.<\/p>\n<p>V z\u00e1vere prv\u00e9ho \u201eslova k \u00favodu\u201c Lichard tie\u017e p\u00ed\u0161e: \u201eU\u010dte sa len pozn\u00e1va\u0165 t\u00fdch, ktor\u00ed V\u00e1m skuto\u010dne dobre praj\u00fa; prij\u00edmajte slovo l\u00e1sky tak ochotn\u00fdm srdcom, z jak vern\u00e9ho srdca poch\u00e1dza; dr\u017ete sa svojeti, ktor\u00e1 v radosti raduje sa spolu s Vami, v \u017ealosti ale trp\u00ed spolu s Vami; tej svojeti, ktor\u00e1 po ni\u010dom tak net\u00fa\u017ei, jako aby sa u\u017e od prirodzenia kr\u00e1sne kraje na\u0161ej domoviny, zveleben\u00edm hospod\u00e1rstva a priemyslu, v tak zvan\u00fd raj zemsk\u00fd premenily. A verte tomu, \u017ee pri pilnosti, poriadku, striezlivosti a svornosti my aspo\u0148 z\u00e1klady blahej premeny tejto polo\u017ei\u0165 m\u00f4\u017eeme, ktor\u00fa \u0161\u0165astnej\u0161\u00ed potomci na\u0161i do\u017eij\u00fa.\u201c<\/p>\n<p>Mil\u00e1 mlad\u00e1 krv Skali\u010danov, vezmime si, pros\u00edm, aspo\u0148 s\u00fasto z uvedenej my\u0161lienky, prostredn\u00edctvom ktorej n\u00e1m v\u0161etk\u00fdm \u017eel\u00e1m presne to, \u010d\u00edm u\u017e v roku 1863 Lichard apeloval na svojich \u010ditate\u013eov, a pok\u00fasme sa spolo\u010dne dok\u00e1za\u0165, \u017ee i skalick\u00e1 ml\u00e1de\u017e m\u00e1 \u010do poveda\u0165 k spolo\u010densk\u00e9mu dianiu v meste. V\u0161etk\u00fdm n\u00e1m \u017eel\u00e1m ve\u013ea v\u00f4le a chuti spolupracova\u0165 na lep\u0161\u00edch zajtraj\u0161koch.<\/p>\n","protected":false},"excerpt":{"rendered":"<div class=\"mh-excerpt\"><p>dovo\u013ete mi \u2013 ako jednej z v\u00e1s \u2013 prihovori\u0165 sa v\u00e1m \u2013 v \u010dase, ke\u010f prich\u00e1dza k p\u00edsaniu novej hist\u00f3rie v oblasti \u017eurnalistiky a novin\u00e1rstva.<\/p>\n<\/div>","protected":false},"author":14,"featured_media":172,"comment_status":"closed","ping_status":"closed","sticky":false,"template":"","format":"standard","meta":{"footnotes":""},"categories":[7],"tags":[],"class_list":{"0":"post-171","1":"post","2":"type-post","3":"status-publish","4":"format-standard","5":"has-post-thumbnail","7":"category-studentsky-obzor"},"_links":{"self":[{"href":"http:\/\/skalickyobzor.sk\/cms\/wp-json\/wp\/v2\/posts\/171","targetHints":{"allow":["GET"]}}],"collection":[{"href":"http:\/\/skalickyobzor.sk\/cms\/wp-json\/wp\/v2\/posts"}],"about":[{"href":"http:\/\/skalickyobzor.sk\/cms\/wp-json\/wp\/v2\/types\/post"}],"author":[{"embeddable":true,"href":"http:\/\/skalickyobzor.sk\/cms\/wp-json\/wp\/v2\/users\/14"}],"replies":[{"embeddable":true,"href":"http:\/\/skalickyobzor.sk\/cms\/wp-json\/wp\/v2\/comments?post=171"}],"version-history":[{"count":1,"href":"http:\/\/skalickyobzor.sk\/cms\/wp-json\/wp\/v2\/posts\/171\/revisions"}],"predecessor-version":[{"id":173,"href":"http:\/\/skalickyobzor.sk\/cms\/wp-json\/wp\/v2\/posts\/171\/revisions\/173"}],"wp:featuredmedia":[{"embeddable":true,"href":"http:\/\/skalickyobzor.sk\/cms\/wp-json\/wp\/v2\/media\/172"}],"wp:attachment":[{"href":"http:\/\/skalickyobzor.sk\/cms\/wp-json\/wp\/v2\/media?parent=171"}],"wp:term":[{"taxonomy":"category","embeddable":true,"href":"http:\/\/skalickyobzor.sk\/cms\/wp-json\/wp\/v2\/categories?post=171"},{"taxonomy":"post_tag","embeddable":true,"href":"http:\/\/skalickyobzor.sk\/cms\/wp-json\/wp\/v2\/tags?post=171"}],"curies":[{"name":"wp","href":"https:\/\/api.w.org\/{rel}","templated":true}]}}