{"id":175,"date":"2017-10-05T18:10:56","date_gmt":"2017-10-05T16:10:56","guid":{"rendered":"http:\/\/skalickyobzor.sk\/cms\/?p=175"},"modified":"2018-06-14T17:55:50","modified_gmt":"2018-06-14T15:55:50","slug":"jednota-dochodcov-v-skalici-ma-22-rokov","status":"publish","type":"post","link":"http:\/\/skalickyobzor.sk\/cms\/jednota-dochodcov-v-skalici-ma-22-rokov\/","title":{"rendered":"Jednota d\u00f4chodcov v Skalici m\u00e1 22 rokov"},"content":{"rendered":"<p>Skalick\u00ed seniori medzi seba radi prijm\u00fa ka\u017ed\u00e9ho nov\u00e9ho \u010dlena. Aj preto s\u00fa st\u00e1le \u201emladou\u201c organiz\u00e1ciou.<\/p>\n<p><!--more--><\/p>\n<p>Z\u00e1kladn\u00e1 organiz\u00e1cia Jednoty d\u00f4chodcov Slovenska (ZO JDS) v Skalici zdru\u017euje vo svojich radoch \u00factyhodn\u00fdch, vy\u0161e 700 platiacich \u010dlenov. Od jej zalo\u017eenia uplynulo u\u017e 22 rokov. \u201ePred dvomi rokmi pri\u0161li do v\u00fdboru nov\u00ed \u010dlenovia \u2013 d\u00f4chodcovia, ktor\u00ed si okam\u017eite z\u00edskali d\u00f4veru. I ke\u010f nikdy predt\u00fdm vo veden\u00ed organiz\u00e1cie nepracovali, svojich povinnost\u00ed sa ujali zodpovedne,\u201c zd\u00f4verila sa s\u00fa\u010dasn\u00e1 predsedn\u00ed\u010dka organiz\u00e1cie Hana Ho\u0161kov\u00e1.<\/p>\n<p>Od za\u010diatku svojho p\u00f4sobenia m\u00e1 v\u00fdbor v\u017edy jeden\u00e1s\u0165 \u010dlenov. Ich zodpovedn\u00fd pr\u00edstup k pr\u00e1ci so seniormi uk\u00e1zal, \u017ee \u010dinnos\u0165 organiz\u00e1cie neochabla. Aj preto patr\u00ed skalick\u00e1 ZO JDS nielen v okrese, ale aj v \u0161ir\u0161om meradle, k najakt\u00edvnej\u0161\u00edm organiz\u00e1ci\u00e1m na Slovensku. Odpove\u010f, pre\u010do je tomu tak, tkvie predov\u0161etk\u00fdm v dobrej spolupr\u00e1ci s mestom Skalica.<\/p>\n<p>Vz\u00e1jomn\u00fa previazanos\u0165 si \u010dlenovia JDS pochva\u013euj\u00fa. Skalick\u00ed seniori sa radi z\u00fa\u010dast\u0148uj\u00fa v\u0161etk\u00fdch verejn\u00fdch podujat\u00ed v meste, \u010di u\u017e ide o koncerty, predn\u00e1\u0161ky, tematicky zameran\u00e9 akcie, ak\u00fdmi s\u00fa napr\u00edklad Dni zdravia a \u010fal\u0161\u00edch. Pote\u0161uj\u00face je, \u017ee sa v tomto roku, v priebehu deviatich mesiacov, skalick\u00e1 d\u00f4chodcovsk\u00e1 organiz\u00e1cia rozr\u00e1stla o 68 nov\u00fdch \u010dlenov, vekovo mlad\u0161\u00edch seniorov, ktor\u00ed sa chc\u00fa spolupodie\u013ea\u0165 na v\u0161etk\u00fdch aktivit\u00e1ch.<\/p>\n<p>V zrekon\u0161truovanej historickej budove v \u0160t\u00edbore sa sch\u00e1dzaj\u00fa \u010dlenovia Klubu d\u00f4chodcov, Jednoty d\u00f4chodcov Slovenska, Zv\u00e4zu protifa\u0161istick\u00fdch bojovn\u00edkov, zdravotne a sluchovo postihnut\u00ed, \u010dlenovia zo Zdru\u017eenia na pomoc ment\u00e1lne postihnutej ml\u00e1de\u017ei a in\u00ed. Skalick\u00e1 organiz\u00e1cia JDS je od svojho zalo\u017eenia akt\u00edvnou organiz\u00e1ciou. \u010clenovia v\u00fdboru pre v\u0161etk\u00fdch pripravuj\u00fa podujatia, o ktor\u00e9 je v\u017edy ve\u013ek\u00fd z\u00e1ujem. Patria medzi ne z\u00e1jazdy do divadiel, rodinn\u00e9 rekre\u00e1cie, zdravotn\u00e9 predn\u00e1\u0161ky, mnoh\u00e9 spolo\u010densk\u00e9 podujatia, tane\u010dn\u00e9 z\u00e1bavy a podobne. I ke\u010f najstar\u0161\u00ed \u010dlenovia, predov\u0161etk\u00fdm zo zdravotn\u00fdch d\u00f4vodov, pomaly odch\u00e1dzaj\u00fa, prich\u00e1dzaj\u00fa mlad\u0161\u00ed d\u00f4chodcovia. V ZO JDS Skalica radi prijm\u00fa ka\u017ed\u00e9ho.<\/p>\n<p>Aj preto s\u00fa \u201emladou\u201c, \u017eivou organiz\u00e1ciou. \u010clenovia v\u00fdboru s predsedn\u00ed\u010dkou Hanou Ho\u0161kovou s el\u00e1nom zabezpe\u010duj\u00fa skuto\u010dne bohat\u00fd v\u00fdber akci\u00ed na cel\u00fd rok.<\/p>\n","protected":false},"excerpt":{"rendered":"<div class=\"mh-excerpt\"><p>Skalick\u00ed seniori medzi seba radi prijm\u00fa ka\u017ed\u00e9ho nov\u00e9ho \u010dlena. Aj preto s\u00fa st\u00e1le \u201emladou\u201c organiz\u00e1ciou.<\/p>\n<\/div>","protected":false},"author":8,"featured_media":952,"comment_status":"closed","ping_status":"closed","sticky":false,"template":"","format":"standard","meta":{"footnotes":""},"categories":[8],"tags":[],"class_list":{"0":"post-175","1":"post","2":"type-post","3":"status-publish","4":"format-standard","5":"has-post-thumbnail","7":"category-obzor-seniorov"},"_links":{"self":[{"href":"http:\/\/skalickyobzor.sk\/cms\/wp-json\/wp\/v2\/posts\/175","targetHints":{"allow":["GET"]}}],"collection":[{"href":"http:\/\/skalickyobzor.sk\/cms\/wp-json\/wp\/v2\/posts"}],"about":[{"href":"http:\/\/skalickyobzor.sk\/cms\/wp-json\/wp\/v2\/types\/post"}],"author":[{"embeddable":true,"href":"http:\/\/skalickyobzor.sk\/cms\/wp-json\/wp\/v2\/users\/8"}],"replies":[{"embeddable":true,"href":"http:\/\/skalickyobzor.sk\/cms\/wp-json\/wp\/v2\/comments?post=175"}],"version-history":[{"count":1,"href":"http:\/\/skalickyobzor.sk\/cms\/wp-json\/wp\/v2\/posts\/175\/revisions"}],"predecessor-version":[{"id":177,"href":"http:\/\/skalickyobzor.sk\/cms\/wp-json\/wp\/v2\/posts\/175\/revisions\/177"}],"wp:featuredmedia":[{"embeddable":true,"href":"http:\/\/skalickyobzor.sk\/cms\/wp-json\/wp\/v2\/media\/952"}],"wp:attachment":[{"href":"http:\/\/skalickyobzor.sk\/cms\/wp-json\/wp\/v2\/media?parent=175"}],"wp:term":[{"taxonomy":"category","embeddable":true,"href":"http:\/\/skalickyobzor.sk\/cms\/wp-json\/wp\/v2\/categories?post=175"},{"taxonomy":"post_tag","embeddable":true,"href":"http:\/\/skalickyobzor.sk\/cms\/wp-json\/wp\/v2\/tags?post=175"}],"curies":[{"name":"wp","href":"https:\/\/api.w.org\/{rel}","templated":true}]}}