{"id":1776,"date":"2019-01-14T03:10:54","date_gmt":"2019-01-14T02:10:54","guid":{"rendered":"http:\/\/skalickyobzor.sk\/cms\/?p=1776"},"modified":"2019-01-14T03:36:45","modified_gmt":"2019-01-14T02:36:45","slug":"vazena-pani-primatorka-vazeni-poslanci-2","status":"publish","type":"post","link":"http:\/\/skalickyobzor.sk\/cms\/vazena-pani-primatorka-vazeni-poslanci-2\/","title":{"rendered":"V\u00e1\u017een\u00e1 pani prim\u00e1torka, v\u00e1\u017een\u00ed poslanci!"},"content":{"rendered":"<p>Tak ako ka\u017ed\u00fd mesiac, obraciame sa na v\u00e1s s\u00a0ot\u00e1zkami ob\u010danov. Za\u010dalo nov\u00e9 volebn\u00e9 obdobie a\u00a0vo volebn\u00fdch programoch bola \u010dasto zd\u00f4raz\u0148ovan\u00e1 nutnos\u0165 lep\u0161ej komunik\u00e1cie, informovanos\u0165 a\u00a0otvorenos\u0165 k\u00a0ob\u010danom. Na\u0161e ot\u00e1zky bud\u00fa \u00fazko s\u00favisie\u0165 pr\u00e1ve s\u00a0t\u00fdmito t\u00e9mami. Nie s\u00fa to t\u00e9my nov\u00e9, preto\u017ee tr\u00e1pili ob\u010danov u\u017e v\u00a0minulosti, ver\u00edme v\u0161ak, \u017ee sa t\u00fdmto otvor\u00ed diskusia a\u00a0zmen\u00ed sa to, \u010do nebolo vypo\u010dut\u00e9.<\/p>\n<p><strong>OT\u00c1ZKY:<\/strong><br \/>\n<strong>1.<\/strong> S\u00fahlas\u00edte so zmenou \u010dasu zasadan\u00ed MsZ na term\u00edn po 15-tej hodine?<br \/>\n<strong>2.<\/strong> S\u00fahlas\u00edte s\u00a0t\u00fdm, aby materi\u00e1l na zasadanie MsZ i\u00a0z\u00e1pisnica obsahovali program, v\u00a0ktorom bud\u00fa uveden\u00e9 strany, na ktor\u00fdch sa dan\u00fd bod nach\u00e1dza?<br \/>\n<strong>3.<\/strong> S\u00fahlas\u00edte, aby audioz\u00e1znam, ktor\u00fd sa rob\u00ed po\u010das zasadania, bol zverejnen\u00fd na str\u00e1nkach mesta a\u00a0bol tak s\u00fa\u010das\u0165ou z\u00e1pisnice?<br \/>\n<strong>4.<\/strong> S\u00fahlas\u00edte s\u00a0t\u00fdm, aby bol vyhotoven\u00fd videoz\u00e1znam zo zasadania MsZ?<br \/>\n<strong>5.<\/strong> S\u00fahlas\u00edte s\u00a0t\u00fdm, pokia\u013e by bolo zhotovovanie videoz\u00e1znamu schv\u00e1len\u00e9, aby bol zverejnen\u00fd na webov\u00fdch str\u00e1nkach mesta a\u00a0bol tak s\u00fa\u010das\u0165ou z\u00e1pisnice?<br \/>\n<strong>6.<\/strong> S\u00fahlas\u00edte s\u00a0t\u00fdm, pokia\u013e by bolo zhotovovanie videoz\u00e1znamu schv\u00e1len\u00e9, aby bola internetov\u00e1 adresa jeho umiestnenia zverejnen\u00e1 vo forme QR k\u00f3du v\u00a0Skalickom presse, s\u00fa\u010dasne s\u00a0rozpisom minut\u00e1\u017ee bodov programu?<\/p>\n<p><strong>Odpove\u010f: \u00c1NO \/ NIE \/ NEVIEM<\/strong><br \/>\nOdpove\u010f, pros\u00edm, za\u0161lite p\u00edsomne najnesk\u00f4r do 18. 12. 2018.<\/p>\n<p>V\u00e1\u017een\u00e9 poslankyne, v\u00e1\u017een\u00ed poslanci, v\u00a0pr\u00edpade, \u017ee na niektor\u00fa z\u00a0ot\u00e1zok odpoviete \u00e1no, pros\u00edme v\u00e1s, za n\u00e1s ob\u010danov, o\u00a0predlo\u017eenie t\u00fdchto bodov na mestskom zastupite\u013estve a\u00a0otvorenie diskusie k\u00a0t\u00fdmto t\u00e9mam na \u010fal\u0161om zasadan\u00ed MsZ.<\/p>\n<p><strong>VYSVETLIVKY:<\/strong><\/p>\n<p><strong>0 neodpovedal<\/strong><br \/>\n<strong>? nedal jednozna\u010dn\u00fa odpove\u010f<\/strong><\/p>\n<p>&nbsp;<\/p>\n<div id=\"poslanci\">\n<div class=\"poslanec\">\n<div class=\"foto\"><img decoding=\"async\" src=\"http:\/\/skalickyobzor.sk\/cms\/wp-content\/uploads\/2019\/01\/anna_mierna.jpg\" \/><\/div>\n<div class=\"meno\">MIERNA Anna<\/div>\n<div class=\"odpoved\">\u00c1NO \/ \u00c1NO \/ \u00c1NO<br \/>\n\u00c1NO \/ \u00c1NO \/ \u00c1NO<\/div>\n<\/div>\n<div class=\"poslanec\">\n<div class=\"foto\"><img decoding=\"async\" src=\"http:\/\/skalickyobzor.sk\/cms\/wp-content\/uploads\/2017\/10\/fotka_poslanca.jpg\" \/><\/div>\n<div class=\"meno\">BAR\u00c1T \u013dudov\u00edt<\/div>\n<div class=\"odpoved\">0<br \/>\n&nbsp;<\/div>\n<\/div>\n<div class=\"poslanec\">\n<div class=\"foto\"><img decoding=\"async\" src=\"http:\/\/skalickyobzor.sk\/cms\/wp-content\/uploads\/2019\/01\/lubica_buckova.jpg\" \/><\/div>\n<div class=\"meno\">BU\u010cKOV\u00c1 \u013dubica<\/div>\n<div class=\"odpoved\">\u00c1NO \/ \u00c1NO \/ \u00c1NO<br \/>\n\u00c1NO \/ \u00c1NO \/ \u00c1NO<\/div>\n<\/div>\n<div class=\"poslanec\">\n<div class=\"foto\"><img decoding=\"async\" src=\"http:\/\/skalickyobzor.sk\/cms\/wp-content\/uploads\/2019\/01\/veronika_hanzalikova.jpg\" \/><\/div>\n<div class=\"meno\">HANZAL\u00cdKOV\u00c1 Veronika<\/div>\n<div class=\"odpoved\">NIE \/ \u00c1NO \/ \u00c1NO<br \/>\n\u00c1NO \/ \u00c1NO \/ \u00c1NO<\/div>\n<\/div>\n<div class=\"poslanec\">\n<div class=\"foto\"><img decoding=\"async\" src=\"http:\/\/skalickyobzor.sk\/cms\/wp-content\/uploads\/2019\/01\/adrian_hertl.jpg\" \/><\/div>\n<div class=\"meno\">HERTL Adri\u00e1n<\/div>\n<div class=\"odpoved\">NIE \/ \u00c1NO \/ \u00c1NO<br \/>\n\u00c1NO \/ \u00c1NO \/ \u00c1NO<\/div>\n<\/div>\n<div class=\"poslanec\">\n<div class=\"foto\"><img decoding=\"async\" src=\"http:\/\/skalickyobzor.sk\/cms\/wp-content\/uploads\/2019\/01\/miroslav_hornak.jpg\" \/><\/div>\n<div class=\"meno\">HOR\u0147\u00c1K Miroslav<\/div>\n<div class=\"odpoved\">\u00c1NO \/ \u00c1NO \/ \u00c1NO<br \/>\n\u00c1NO \/ \u00c1NO \/ \u00c1NO<\/div>\n<\/div>\n<div class=\"poslanec\">\n<div class=\"foto\"><img decoding=\"async\" src=\"http:\/\/skalickyobzor.sk\/cms\/wp-content\/uploads\/2019\/01\/vladislav_hornak_slub.jpg\" \/><\/div>\n<div class=\"meno\">HOR\u0147\u00c1K Vladislav<\/div>\n<div class=\"odpoved\">0<br \/>\n&nbsp;<\/div>\n<\/div>\n<div class=\"poslanec\">\n<div class=\"foto\"><img decoding=\"async\" src=\"http:\/\/skalickyobzor.sk\/cms\/wp-content\/uploads\/2019\/01\/katarina_chovancova.jpg\" \/><\/div>\n<div class=\"meno\">CHOVANCOV\u00c1 Katar\u00edna<\/div>\n<div class=\"odpoved\">\u00c1NO \/ \u00c1NO \/ \u00c1NO<br \/>\n\u00c1NO \/ \u00c1NO \/ \u00c1NO<\/div>\n<\/div>\n<div class=\"poslanec\">\n<div class=\"foto\"><img decoding=\"async\" src=\"http:\/\/skalickyobzor.sk\/cms\/wp-content\/uploads\/2019\/01\/frantisek_kadlecik.jpg\" \/><\/div>\n<div class=\"meno\">KADLE\u010c\u00cdK Franti\u0161ek<\/div>\n<div class=\"odpoved\">0<br \/>\n&nbsp;<\/div>\n<\/div>\n<div class=\"poslanec\">\n<div class=\"foto\"><img decoding=\"async\" src=\"http:\/\/skalickyobzor.sk\/cms\/wp-content\/uploads\/2017\/10\/martin_kojs.jpg\" \/><\/div>\n<div class=\"meno\">KOJ\u0160 Martin<\/div>\n<div class=\"odpoved\">\u00c1NO \/ \u00c1NO \/ \u00c1NO<br \/>\n\u00c1NO \/ \u00c1NO \/ \u00c1NO<\/div>\n<\/div>\n<div class=\"poslanec\">\n<div class=\"foto\"><img decoding=\"async\" src=\"http:\/\/skalickyobzor.sk\/cms\/wp-content\/uploads\/2017\/10\/fotka_poslanca.jpg\" \/><\/div>\n<div class=\"meno\">KO\u0160\u00cdK Peter<\/div>\n<div class=\"odpoved\">\u00c1NO \/ \u00c1NO \/ NEVIEM<br \/>\n\u00c1NO \/ NEVIEM \/ \u00c1NO<\/div>\n<\/div>\n<div class=\"poslanec\">\n<div class=\"foto\"><img decoding=\"async\" src=\"http:\/\/skalickyobzor.sk\/cms\/wp-content\/uploads\/2019\/01\/miroslav_lipovsky.jpg\" \/><\/div>\n<div class=\"meno\">LIPOVSK\u00dd Miroslav<\/div>\n<div class=\"odpoved\">NIE \/ \u00c1NO \/ \u00c1NO<br \/>\n\u00c1NO \/ \u00c1NO \/ \u00c1NO<\/div>\n<\/div>\n<div class=\"poslanec\">\n<div class=\"foto\"><img decoding=\"async\" src=\"http:\/\/skalickyobzor.sk\/cms\/wp-content\/uploads\/2017\/10\/anna_ozabalova.jpg\" \/><\/div>\n<div class=\"meno\">OZ\u00c1BALOV\u00c1 Anna<\/div>\n<div class=\"odpoved\">\u00c1NO \/ \u00c1NO \/ \u00c1NO<br \/>\n\u00c1NO \/ \u00c1NO \/ \u00c1NO<\/div>\n<\/div>\n<div class=\"poslanec\">\n<div class=\"foto\"><img decoding=\"async\" src=\"http:\/\/skalickyobzor.sk\/cms\/wp-content\/uploads\/2017\/12\/peter_pagac.jpg\" \/><\/div>\n<div class=\"meno\">PAG\u00c1\u010c Peter<\/div>\n<div class=\"odpoved\">\u00c1NO \/ \u00c1NO \/ \u00c1NO<br \/>\n\u00c1NO \/ \u00c1NO \/ \u00c1NO<\/div>\n<\/div>\n<div class=\"poslanec\">\n<div class=\"foto\"><img decoding=\"async\" src=\"http:\/\/skalickyobzor.sk\/cms\/wp-content\/uploads\/2019\/01\/zigmund_palffy.jpg\" \/><\/div>\n<div class=\"meno\">P\u00c1LFFY \u017digmund<\/div>\n<div class=\"odpoved\">\u00c1NO \/ \u00c1NO \/ \u00c1NO<br \/>\n\u00c1NO \/ \u00c1NO \/ \u00c1NO<\/div>\n<\/div>\n<div class=\"poslanec\">\n<div class=\"foto\"><img decoding=\"async\" src=\"http:\/\/skalickyobzor.sk\/cms\/wp-content\/uploads\/2019\/01\/erik_rangl.jpg\" \/><\/div>\n<div class=\"meno\">RANGL Erik<\/div>\n<div class=\"odpoved\">\u00c1NO \/ \u00c1NO \/ \u00c1NO<br \/>\n\u00c1NO \/ \u00c1NO \/ \u00c1NO<\/div>\n<\/div>\n<div class=\"poslanec\">\n<div class=\"foto\"><img decoding=\"async\" src=\"http:\/\/skalickyobzor.sk\/cms\/wp-content\/uploads\/2017\/10\/jana_rekosova.jpg\" \/><\/div>\n<div class=\"meno\">REKO\u0160OV\u00c1 Jana<\/div>\n<div class=\"odpoved\">\u00c1NO \/ \u00c1NO \/ \u00c1NO<br \/>\n\u00c1NO \/ \u00c1NO \/ \u00c1NO<\/div>\n<\/div>\n<div class=\"poslanec\">\n<div class=\"foto\"><img decoding=\"async\" src=\"http:\/\/skalickyobzor.sk\/cms\/wp-content\/uploads\/2017\/10\/fotka_poslanca.jpg\" \/><\/div>\n<div class=\"meno\">ROMAN Milan<\/div>\n<div class=\"odpoved\">0<br \/>\n&nbsp;<\/div>\n<\/div>\n<div class=\"poslanec\">\n<div class=\"foto\"><img decoding=\"async\" src=\"http:\/\/skalickyobzor.sk\/cms\/wp-content\/uploads\/2019\/01\/jozef_skala.jpg\" \/><\/div>\n<div class=\"meno\">SK\u00c1LA Jozef<\/div>\n<div class=\"odpoved\">NIE \/ \u00c1NO \/ \u00c1NO<br \/>\n\u00c1NO \/ \u00c1NO \/ \u00c1NO<\/div>\n<\/div>\n<div class=\"poslanec\">\n<div class=\"foto\"><img decoding=\"async\" src=\"http:\/\/skalickyobzor.sk\/cms\/wp-content\/uploads\/2017\/10\/fotka_poslanca.jpg\" \/><\/div>\n<div class=\"meno\">\u0160ANTAV\u00dd Rudolf<\/div>\n<div class=\"odpoved\">0<br \/>\n&nbsp;<\/div>\n<\/div>\n<\/div>\n","protected":false},"excerpt":{"rendered":"<div class=\"mh-excerpt\"><p>Tak ako ka\u017ed\u00fd mesiac, obraciame sa na v\u00e1s s\u00a0ot\u00e1zkami ob\u010danov. Za\u010dalo nov\u00e9 volebn\u00e9 obdobie a\u00a0vo volebn\u00fdch programoch bola \u010dasto zd\u00f4raz\u0148ovan\u00e1 nutnos\u0165 lep\u0161ej komunik\u00e1cie, informovanos\u0165 a\u00a0otvorenos\u0165 k\u00a0ob\u010danom. Na\u0161e ot\u00e1zky bud\u00fa \u00fazko s\u00favisie\u0165 pr\u00e1ve s\u00a0t\u00fdmito t\u00e9mami. Nie <a class=\"mh-excerpt-more\" href=\"http:\/\/skalickyobzor.sk\/cms\/vazena-pani-primatorka-vazeni-poslanci-2\/\" title=\"V\u00e1\u017een\u00e1 pani prim\u00e1torka, v\u00e1\u017een\u00ed poslanci!\">[&#8230;]<\/a><\/p>\n<\/div>","protected":false},"author":1,"featured_media":239,"comment_status":"closed","ping_status":"closed","sticky":false,"template":"","format":"standard","meta":{"footnotes":""},"categories":[9],"tags":[],"class_list":{"0":"post-1776","1":"post","2":"type-post","3":"status-publish","4":"format-standard","5":"has-post-thumbnail","7":"category-vazeni-poslanci"},"_links":{"self":[{"href":"http:\/\/skalickyobzor.sk\/cms\/wp-json\/wp\/v2\/posts\/1776","targetHints":{"allow":["GET"]}}],"collection":[{"href":"http:\/\/skalickyobzor.sk\/cms\/wp-json\/wp\/v2\/posts"}],"about":[{"href":"http:\/\/skalickyobzor.sk\/cms\/wp-json\/wp\/v2\/types\/post"}],"author":[{"embeddable":true,"href":"http:\/\/skalickyobzor.sk\/cms\/wp-json\/wp\/v2\/users\/1"}],"replies":[{"embeddable":true,"href":"http:\/\/skalickyobzor.sk\/cms\/wp-json\/wp\/v2\/comments?post=1776"}],"version-history":[{"count":14,"href":"http:\/\/skalickyobzor.sk\/cms\/wp-json\/wp\/v2\/posts\/1776\/revisions"}],"predecessor-version":[{"id":1830,"href":"http:\/\/skalickyobzor.sk\/cms\/wp-json\/wp\/v2\/posts\/1776\/revisions\/1830"}],"wp:featuredmedia":[{"embeddable":true,"href":"http:\/\/skalickyobzor.sk\/cms\/wp-json\/wp\/v2\/media\/239"}],"wp:attachment":[{"href":"http:\/\/skalickyobzor.sk\/cms\/wp-json\/wp\/v2\/media?parent=1776"}],"wp:term":[{"taxonomy":"category","embeddable":true,"href":"http:\/\/skalickyobzor.sk\/cms\/wp-json\/wp\/v2\/categories?post=1776"},{"taxonomy":"post_tag","embeddable":true,"href":"http:\/\/skalickyobzor.sk\/cms\/wp-json\/wp\/v2\/tags?post=1776"}],"curies":[{"name":"wp","href":"https:\/\/api.w.org\/{rel}","templated":true}]}}