{"id":178,"date":"2017-10-05T18:17:20","date_gmt":"2017-10-05T16:17:20","guid":{"rendered":"http:\/\/skalickyobzor.sk\/cms\/?p=178"},"modified":"2017-11-13T19:18:08","modified_gmt":"2017-11-13T18:18:08","slug":"obzor-seniorov","status":"publish","type":"post","link":"http:\/\/skalickyobzor.sk\/cms\/obzor-seniorov\/","title":{"rendered":"Obzor Seniorov"},"content":{"rendered":"<p>Presne z rovnak\u00e9ho d\u00f4vodu, z ak\u00e9ho sme pon\u00fakli miesto \u0161tudentom, radi by sme pon\u00fakli v tejto rubrike priestor i seniorom. Nielen z korektnosti a ani z prostej \u00facty k veku, ktor\u00fd v\u00e1s dostal na va\u0161ej ceste vy\u0161\u0161ie a dovid\u00edte niekedy ove\u013ea \u010falej do (na\u0161ej) bud\u00facnosti.<\/p>\n<p><!--more--><\/p>\n<p>Pon\u00fakame v\u00e1m priestor predov\u0161etk\u00fdm preto, \u017ee \u017eijeme spolu v jednom meste a my v\u0161etci si len s \u0165a\u017ekos\u0165ou predstavujeme, ako sa s rozdielom jedin\u00e9ho d\u0148a, ktor\u00fd zmen\u00ed akt\u00edvnu pr\u00e1cu na d\u00f4chodok, zmen\u00ed rytmus d\u0148a, hodnoty, mo\u017enosti, ale aj ako je mo\u017en\u00e9 od\u0161tartova\u0165 celkom in\u00fd \u017eivot. Ako sa zmen\u00ed poh\u013ead. A tak n\u00e1s skuto\u010dne zauj\u00edma ten v\u00e1\u0161. Hne\u010f pri prvom pr\u00edspevku sme mali \u0161\u0165astie.<\/p>\n<p>P\u00e1n Drahom\u00edr \u010cerm\u00e1k p\u00ed\u0161e u\u017e vy\u0161e \u0161es\u0165desiat rokov. Je autorom nespo\u010detn\u00e9ho mno\u017estva \u010dl\u00e1nkov, z ktor\u00fdch mnoh\u00e9 vznikali pr\u00e1ve v jeho seniorskom veku. Mu\u017e s viac ako \u00f4smimi kr\u00ed\u017eikmi na svojom chrbte prekypuje nielen cenn\u00fdmi \u017eivotn\u00fdmi sk\u00fasenos\u0165ami, ale aj \u00factyhodn\u00fdm el\u00e1nom a odhodlan\u00edm. Ke\u010f sme mu zavolali a poprosili ho o stretnutie, nev\u00e1hal ani chv\u00ed\u013eu. Rovnako r\u00fdchlo prist\u00fapil s pote\u0161en\u00edm na spolupr\u00e1cu a prijal mo\u017enos\u0165 prostredn\u00edctvom Obzoru informova\u0165 \u0161irok\u00fa verejnos\u0165 o bohat\u00fdch aktivit\u00e1ch skalick\u00fdch seniorov.<\/p>\n<p>\u010eakujeme a te\u0161\u00edme sa na \u010fal\u0161ie pr\u00edspevky v\u00e1s v\u0161etk\u00fdch.<\/p>\n","protected":false},"excerpt":{"rendered":"<div class=\"mh-excerpt\"><p>Presne z rovnak\u00e9ho d\u00f4vodu, z ak\u00e9ho sme pon\u00fakli miesto \u0161tudentom, radi by sme pon\u00fakli v tejto rubrike priestor i seniorom. Nielen z korektnosti a ani z prostej \u00facty k veku, ktor\u00fd v\u00e1s dostal na va\u0161ej <a class=\"mh-excerpt-more\" href=\"http:\/\/skalickyobzor.sk\/cms\/obzor-seniorov\/\" title=\"Obzor Seniorov\">[&#8230;]<\/a><\/p>\n<\/div>","protected":false},"author":1,"featured_media":17,"comment_status":"closed","ping_status":"closed","sticky":false,"template":"","format":"standard","meta":{"footnotes":""},"categories":[8],"tags":[],"class_list":{"0":"post-178","1":"post","2":"type-post","3":"status-publish","4":"format-standard","5":"has-post-thumbnail","7":"category-obzor-seniorov"},"_links":{"self":[{"href":"http:\/\/skalickyobzor.sk\/cms\/wp-json\/wp\/v2\/posts\/178","targetHints":{"allow":["GET"]}}],"collection":[{"href":"http:\/\/skalickyobzor.sk\/cms\/wp-json\/wp\/v2\/posts"}],"about":[{"href":"http:\/\/skalickyobzor.sk\/cms\/wp-json\/wp\/v2\/types\/post"}],"author":[{"embeddable":true,"href":"http:\/\/skalickyobzor.sk\/cms\/wp-json\/wp\/v2\/users\/1"}],"replies":[{"embeddable":true,"href":"http:\/\/skalickyobzor.sk\/cms\/wp-json\/wp\/v2\/comments?post=178"}],"version-history":[{"count":1,"href":"http:\/\/skalickyobzor.sk\/cms\/wp-json\/wp\/v2\/posts\/178\/revisions"}],"predecessor-version":[{"id":179,"href":"http:\/\/skalickyobzor.sk\/cms\/wp-json\/wp\/v2\/posts\/178\/revisions\/179"}],"wp:featuredmedia":[{"embeddable":true,"href":"http:\/\/skalickyobzor.sk\/cms\/wp-json\/wp\/v2\/media\/17"}],"wp:attachment":[{"href":"http:\/\/skalickyobzor.sk\/cms\/wp-json\/wp\/v2\/media?parent=178"}],"wp:term":[{"taxonomy":"category","embeddable":true,"href":"http:\/\/skalickyobzor.sk\/cms\/wp-json\/wp\/v2\/categories?post=178"},{"taxonomy":"post_tag","embeddable":true,"href":"http:\/\/skalickyobzor.sk\/cms\/wp-json\/wp\/v2\/tags?post=178"}],"curies":[{"name":"wp","href":"https:\/\/api.w.org\/{rel}","templated":true}]}}