{"id":1838,"date":"2019-01-14T03:07:17","date_gmt":"2019-01-14T02:07:17","guid":{"rendered":"http:\/\/skalickyobzor.sk\/cms\/?p=1838"},"modified":"2019-07-06T22:39:33","modified_gmt":"2019-07-06T20:39:33","slug":"pribehy-z-pamatnika-3","status":"publish","type":"post","link":"http:\/\/skalickyobzor.sk\/cms\/pribehy-z-pamatnika-3\/","title":{"rendered":"Pr\u00edbehy z pam\u00e4tn\u00edka 1.svetovej vojny &#8211; Ferdinand Vos\u00e1tko"},"content":{"rendered":"<p>Na \u013eavej strane pomn\u00edka padl\u00fdch na Poto\u010dnej ulici v\u00a0Skalici je meno Vos\u00e1tko F. Cel\u00e9 meno je Ferdinand Vos\u00e1tko. Skr\u00fdva sa za n\u00edm vysok\u00fd, pr\u00ed\u0165a\u017eliv\u00fd mu\u017e s\u00a0tmav\u00fdmi vlasmi a\u00a0modr\u00fdmi o\u010dami, skalick\u00fd obuvn\u00edk a\u00a0otec \u0161iestich det\u00ed. M\u00f4j pradedo.<\/p>\n<h4>STRATEN\u00dd VOJAK FERDINAND VOS\u00c1TKO<\/h4>\n<p>Narodil sa v\u00a0roku 1872 v\u00a0rodine senick\u00e9ho kraj\u010d\u00edra Ferdinanda Vos\u00e1tka. Poch\u00e1dzal z\u00a0dvan\u00e1stich det\u00ed, z\u00a0ktor\u00fdch sa dospelosti do\u017eili len on a\u00a0jeho sestra M\u00e1ria. Po vyu\u010den\u00ed za obuvn\u00edka odi\u0161iel ako tovari\u0161 z\u00edskava\u0165 sk\u00fasenosti do sveta. Vtedy sa tomu hovorilo, \u017ee ide na vander. Mlad\u00fd Ferdinand i\u0161iel na vander do Ruska. Pred odchodom uzatvoril s\u00a0priate\u013emi st\u00e1vku, \u017ee sa cel\u00fd \u010das po\u010das vandru nebude holi\u0165. Slovo dodr\u017eal a\u00a0z\u00a0vandru sa domov vr\u00e1til s\u00a0bradou po p\u00e1s. Bol veselej povahy, r\u00e1d spieval a\u00a0\u017eartoval. Onedlho po n\u00e1vrate z\u00a0vandru sa na tancova\u010dke v\u00a0Skalici zozn\u00e1mil s\u00a0M\u00e1riou Jure\u010dkovou, s\u00a0ktorou uzavrel man\u017eelstvo. B\u00fdvali v\u00a0dom\u010deku \u010d. 101 na Horn\u00fdch majeroch, dne\u0161nej Str\u00e1\u017enickej ulici a\u00a0vychov\u00e1vali spolu \u0161es\u0165 det\u00ed. Na \u017eivobytie si Ferdinand zar\u00e1bal prec\u00edznou pr\u00e1cou. Sedel za verp\u00e1nkom, \u0161il alebo opravoval top\u00e1nky, pri pr\u00e1ci r\u00e1d \u017eartoval a\u00a0spieval. Naj\u010dastej\u0161ie jeho ob\u013e\u00faben\u00fa \u201eStavjali tesari zed\u0148\u00edkom le\u0161e\u0148\u00ed &#8230;\u201d. Pre svoju vesel\u00fa povahu a\u00a0svedomit\u00fa pr\u00e1cu bol medzi \u013eu\u010fmi ob\u013e\u00faben\u00fd. \u201eFerdi\u0161ku, u\u017e m\u00e1m tie \u010di\u017emy hotov\u00e9?\u201c \u2013 volal na neho sused. \u201eE\u0161te \u0161ijem ruk\u00e1vy, o\u00a0chv\u00ed\u013eu u\u017e bud\u00fa,\u201d \u2013 \u017eartoval. Skali\u010dania ho poznali ako svedomit\u00e9ho remeseln\u00edka.<\/p>\n<p>S\u00a0jeho pr\u00e1cou bol spokojn\u00fd aj gvardi\u00e1n \u2013 predstaven\u00fd franti\u0161k\u00e1nskeho kl\u00e1\u0161tora. Stalo sa, \u017ee raz, bolo to pr\u00e1ve na Ve\u013ek\u00fd piatok, niesol opraven\u00e9 top\u00e1nky pre mn\u00edchov do franti\u0161k\u00e1nskeho kl\u00e1\u0161tora. Ak\u00e9 bolo jeho prekvapenie, ke\u010f uvidel, \u017ee sa tam pr\u00e1ve konala zab\u00edja\u010dka. \u201eNech sa p\u00e1\u010di ku stolu, p\u00e1n Vos\u00e1tko, len sa pon\u00faknite\u201d, \u2013 nab\u00e1dal ho gvardi\u00e1n. \u201eAko by som mohol, ve\u010f je ve\u013ek\u00fd p\u00f4st!\u201d \u2013 zdr\u00e1hal sa prija\u0165 pozvanie poctiv\u00fd katol\u00edk. Gvardi\u00e1n ho pou\u010dil: \u201eNie je hriech, synu, \u010do vojde do \u00fast, ale \u010do z\u00a0nich vyjde von.\u201d Obdaroval ho bohatou v\u00fdslu\u017ekou, aj dobre zaplatil. Odvtedy ho ka\u017ed\u00fd rok volali pom\u00e1ha\u0165 franti\u0161k\u00e1nom na zab\u00edja\u010dke. Bol aj \u010dlenom dobrovo\u013en\u00e9ho po\u017eiarneho zboru a\u00a0v\u00e1\u0161niv\u00fdm holub\u00e1rom. Ke\u010f najstar\u0161ia dc\u00e9ra Mari\u0161ka dosiahla vek dvan\u00e1s\u0165 rokov, odi\u0161la, ako bolo vtedy u\u00a0chudobn\u00fdch diev\u010dat be\u017en\u00e9, sl\u00fa\u017ei\u0165 do z\u00e1mo\u017enej\u0161\u00edch rod\u00edn. Chlapci sa chodievali u\u010di\u0165 remeslu.<\/p>\n<p>Tri roky po naroden\u00ed najmlad\u0161ieho syna Pi\u0161tu mu v\u00a0roku 1912 na \u0165a\u017ek\u00fa chorobu man\u017eelka M\u00e1ria zomrela. Zostal s\u00a0de\u0165mi s\u00e1m. O\u00a0dva roky za\u010dala 1. svetov\u00e1 vojna. V\u00a0roku 1916 rozhodli na rat\u00fazi \u2013 mestskom \u00farade v\u00a0Skalici, ktor\u00fd v\u00a0tej dobe viedol richt\u00e1r Karel Szobori, \u017ee mus\u00ed \u00eds\u0165 na front aj Ferdinand Vos\u00e1tko, hoci m\u00e1 doma p\u00e4\u0165 polosir\u00f4t. Vtedy sa najstar\u0161ia z\u00a0det\u00ed Mari\u0161ka vr\u00e1tila zo slu\u017eby a\u00a0o\u00a0mlad\u0161\u00edch piatich s\u00farodencov sa starala. Z\u00a0frontu p\u00edsal domov listy. Naposledy nap\u00edsal, \u017ee \u017eije a\u00a0pr\u00edde domov. To bola ale posledn\u00e1 inform\u00e1cia, ktor\u00fa deti o\u00a0svojom otcovi dostali. Ani po skon\u010den\u00ed vojny sa nedozvedeli, \u010do sa s\u00a0n\u00edm stalo. Bol nezvestn\u00fd a\u00a0pravdepodobne padol na ruskom fronte alebo zomrel na t\u00fdfus, ktor\u00fd bol vtedy v\u00a0tej oblasti roz\u0161\u00edren\u00fd.<\/p>\n<p>V\u00a0roku 1919 bol vyhl\u00e1sen\u00fd za m\u0155tveho. Ostalo \u0161es\u0165 sir\u00f4t, bez matky aj bez otca \u2013 \u017eivite\u013ea. Aby nemuseli \u00eds\u0165 do \u201csirotinca\u201d, starala sa o\u00a0mlad\u0161\u00edch s\u00farodencov vtedy 19-ro\u010dn\u00e1 Mari\u0161ka, a\u017e k\u00fdm chlapci neodi\u0161li do u\u010denia a\u00a0diev\u010dat\u00e1 do slu\u017eby. Tento pr\u00edbeh o\u00a0svojom otcovi mi rozpr\u00e1vala moja babka, matka mojej mamy. Ona bola t\u00e1 Mari\u0161ka Vos\u00e1tkov\u00e1. Nesk\u00f4r sa vydala za Jaroslava Klaba\u010dku, holi\u010da a\u00a0kadern\u00edka, ktor\u00fd sa pris\u0165ahoval do Skalice z\u00a0Uhersk\u00e9ho Brodu. Po pradedovi Ferdinandovi neostala ani fotografia. Jeho pr\u00edbuzn\u00ed sa nikdy nedozvedeli, kde vlastne le\u017e\u00ed, pravdepodobne niekde v\u00a0spolo\u010dnom hrobe v\u00a0Rusku. Ostalo len meno na \u013eavej strane pomn\u00edka padl\u00fdch: Vos\u00e1tko F.<\/p>\n","protected":false},"excerpt":{"rendered":"<div class=\"mh-excerpt\"><p>Na \u013eavej strane pomn\u00edka padl\u00fdch na Poto\u010dnej ulici v\u00a0Skalici je meno Vos\u00e1tko F. Cel\u00e9 meno je Ferdinand Vos\u00e1tko. Skr\u00fdva sa za n\u00edm vysok\u00fd, pr\u00ed\u0165a\u017eliv\u00fd mu\u017e s\u00a0tmav\u00fdmi vlasmi a\u00a0modr\u00fdmi o\u010dami, skalick\u00fd obuvn\u00edk a\u00a0otec \u0161iestich det\u00ed. M\u00f4j <a class=\"mh-excerpt-more\" href=\"http:\/\/skalickyobzor.sk\/cms\/pribehy-z-pamatnika-3\/\" title=\"Pr\u00edbehy z pam\u00e4tn\u00edka 1.svetovej vojny &#8211; Ferdinand Vos\u00e1tko\">[&#8230;]<\/a><\/p>\n<\/div>","protected":false},"author":35,"featured_media":1839,"comment_status":"closed","ping_status":"closed","sticky":false,"template":"","format":"standard","meta":{"footnotes":""},"categories":[4],"tags":[],"class_list":{"0":"post-1838","1":"post","2":"type-post","3":"status-publish","4":"format-standard","5":"has-post-thumbnail","7":"category-ja-su-ze-skalice"},"_links":{"self":[{"href":"http:\/\/skalickyobzor.sk\/cms\/wp-json\/wp\/v2\/posts\/1838","targetHints":{"allow":["GET"]}}],"collection":[{"href":"http:\/\/skalickyobzor.sk\/cms\/wp-json\/wp\/v2\/posts"}],"about":[{"href":"http:\/\/skalickyobzor.sk\/cms\/wp-json\/wp\/v2\/types\/post"}],"author":[{"embeddable":true,"href":"http:\/\/skalickyobzor.sk\/cms\/wp-json\/wp\/v2\/users\/35"}],"replies":[{"embeddable":true,"href":"http:\/\/skalickyobzor.sk\/cms\/wp-json\/wp\/v2\/comments?post=1838"}],"version-history":[{"count":6,"href":"http:\/\/skalickyobzor.sk\/cms\/wp-json\/wp\/v2\/posts\/1838\/revisions"}],"predecessor-version":[{"id":2569,"href":"http:\/\/skalickyobzor.sk\/cms\/wp-json\/wp\/v2\/posts\/1838\/revisions\/2569"}],"wp:featuredmedia":[{"embeddable":true,"href":"http:\/\/skalickyobzor.sk\/cms\/wp-json\/wp\/v2\/media\/1839"}],"wp:attachment":[{"href":"http:\/\/skalickyobzor.sk\/cms\/wp-json\/wp\/v2\/media?parent=1838"}],"wp:term":[{"taxonomy":"category","embeddable":true,"href":"http:\/\/skalickyobzor.sk\/cms\/wp-json\/wp\/v2\/categories?post=1838"},{"taxonomy":"post_tag","embeddable":true,"href":"http:\/\/skalickyobzor.sk\/cms\/wp-json\/wp\/v2\/tags?post=1838"}],"curies":[{"name":"wp","href":"https:\/\/api.w.org\/{rel}","templated":true}]}}