{"id":1845,"date":"2019-01-14T03:03:03","date_gmt":"2019-01-14T02:03:03","guid":{"rendered":"http:\/\/skalickyobzor.sk\/cms\/?p=1845"},"modified":"2019-01-14T03:35:34","modified_gmt":"2019-01-14T02:35:34","slug":"kaleidoskop-14","status":"publish","type":"post","link":"http:\/\/skalickyobzor.sk\/cms\/kaleidoskop-14\/","title":{"rendered":"Kaleidoskop"},"content":{"rendered":"<figure id=\"attachment_1848\" aria-describedby=\"caption-attachment-1848\" style=\"width: 689px\" class=\"wp-caption aligncenter\"><img loading=\"lazy\" decoding=\"async\" class=\"size-full wp-image-1848\" src=\"http:\/\/skalickyobzor.sk\/cms\/wp-content\/uploads\/2019\/01\/kaleidoskop_1_2019_20.jpg\" alt=\"\" width=\"689\" height=\"460\" srcset=\"http:\/\/skalickyobzor.sk\/cms\/wp-content\/uploads\/2019\/01\/kaleidoskop_1_2019_20.jpg 689w, http:\/\/skalickyobzor.sk\/cms\/wp-content\/uploads\/2019\/01\/kaleidoskop_1_2019_20-300x200.jpg 300w\" sizes=\"auto, (max-width: 689px) 100vw, 689px\" \/><figcaption id=\"caption-attachment-1848\" class=\"wp-caption-text\">PRV\u00c9 ZASADANIE MsZ \u2013 s\u013euby prim\u00e1torky a\u00a0poslancov | 28. 11. 2018<br \/>Foto: J\u00e1n Pardubsk\u00fd<\/figcaption><\/figure>\n<figure id=\"attachment_1850\" aria-describedby=\"caption-attachment-1850\" style=\"width: 689px\" class=\"wp-caption aligncenter\"><img loading=\"lazy\" decoding=\"async\" class=\"size-full wp-image-1850\" src=\"http:\/\/skalickyobzor.sk\/cms\/wp-content\/uploads\/2019\/01\/kaleidoskop_1_2019_10.jpg\" alt=\"\" width=\"689\" height=\"460\" srcset=\"http:\/\/skalickyobzor.sk\/cms\/wp-content\/uploads\/2019\/01\/kaleidoskop_1_2019_10.jpg 689w, http:\/\/skalickyobzor.sk\/cms\/wp-content\/uploads\/2019\/01\/kaleidoskop_1_2019_10-300x200.jpg 300w\" sizes=\"auto, (max-width: 689px) 100vw, 689px\" \/><figcaption id=\"caption-attachment-1850\" class=\"wp-caption-text\">PRV\u00c9 ZASADANIE MsZ \u2013 s\u013euby prim\u00e1torky a\u00a0poslancov | 28. 11. 2018<br \/>Foto: J\u00e1n Pardubsk\u00fd<\/figcaption><\/figure>\n<figure id=\"attachment_1851\" aria-describedby=\"caption-attachment-1851\" style=\"width: 689px\" class=\"wp-caption aligncenter\"><img loading=\"lazy\" decoding=\"async\" class=\"size-full wp-image-1851\" src=\"http:\/\/skalickyobzor.sk\/cms\/wp-content\/uploads\/2019\/01\/kaleidoskop_1_2019_2.jpg\" alt=\"\" width=\"689\" height=\"460\" srcset=\"http:\/\/skalickyobzor.sk\/cms\/wp-content\/uploads\/2019\/01\/kaleidoskop_1_2019_2.jpg 689w, http:\/\/skalickyobzor.sk\/cms\/wp-content\/uploads\/2019\/01\/kaleidoskop_1_2019_2-300x200.jpg 300w\" sizes=\"auto, (max-width: 689px) 100vw, 689px\" \/><figcaption id=\"caption-attachment-1851\" class=\"wp-caption-text\">PRV\u00c9 ZASADANIE MsZ \u2013 s\u013euby prim\u00e1torky a\u00a0poslancov | 28. 11. 2018<br \/>Foto: J\u00e1n Pardubsk\u00fd<\/figcaption><\/figure>\n<figure id=\"attachment_1852\" aria-describedby=\"caption-attachment-1852\" style=\"width: 593px\" class=\"wp-caption aligncenter\"><img loading=\"lazy\" decoding=\"async\" class=\"size-full wp-image-1852\" src=\"http:\/\/skalickyobzor.sk\/cms\/wp-content\/uploads\/2019\/01\/kaleidoskop_1_2019_1.jpg\" alt=\"\" width=\"593\" height=\"460\" srcset=\"http:\/\/skalickyobzor.sk\/cms\/wp-content\/uploads\/2019\/01\/kaleidoskop_1_2019_1.jpg 593w, http:\/\/skalickyobzor.sk\/cms\/wp-content\/uploads\/2019\/01\/kaleidoskop_1_2019_1-300x233.jpg 300w\" sizes=\"auto, (max-width: 593px) 100vw, 593px\" \/><figcaption id=\"caption-attachment-1852\" class=\"wp-caption-text\">PRV\u00c9 ZASADANIE MsZ \u2013 s\u013euby prim\u00e1torky a\u00a0poslancov | 28. 11. 2018<br \/>Foto: J\u00e1n Pardubsk\u00fd<\/figcaption><\/figure>\n<figure id=\"attachment_1853\" aria-describedby=\"caption-attachment-1853\" style=\"width: 482px\" class=\"wp-caption aligncenter\"><img loading=\"lazy\" decoding=\"async\" class=\"size-full wp-image-1853\" src=\"http:\/\/skalickyobzor.sk\/cms\/wp-content\/uploads\/2019\/01\/kaleidoskop_1_2019_19.jpg\" alt=\"\" width=\"482\" height=\"460\" srcset=\"http:\/\/skalickyobzor.sk\/cms\/wp-content\/uploads\/2019\/01\/kaleidoskop_1_2019_19.jpg 482w, http:\/\/skalickyobzor.sk\/cms\/wp-content\/uploads\/2019\/01\/kaleidoskop_1_2019_19-300x286.jpg 300w\" sizes=\"auto, (max-width: 482px) 100vw, 482px\" \/><figcaption id=\"caption-attachment-1853\" class=\"wp-caption-text\">PRV\u00c9 ZASADANIE MsZ \u2013 s\u013euby prim\u00e1torky a\u00a0poslancov | 28. 11. 2018<br \/>Foto: J\u00e1n Pardubsk\u00fd<\/figcaption><\/figure>\n<figure id=\"attachment_1854\" aria-describedby=\"caption-attachment-1854\" style=\"width: 689px\" class=\"wp-caption aligncenter\"><img loading=\"lazy\" decoding=\"async\" class=\"size-full wp-image-1854\" src=\"http:\/\/skalickyobzor.sk\/cms\/wp-content\/uploads\/2019\/01\/kaleidoskop_1_2019_9.jpg\" alt=\"\" width=\"689\" height=\"460\" srcset=\"http:\/\/skalickyobzor.sk\/cms\/wp-content\/uploads\/2019\/01\/kaleidoskop_1_2019_9.jpg 689w, http:\/\/skalickyobzor.sk\/cms\/wp-content\/uploads\/2019\/01\/kaleidoskop_1_2019_9-300x200.jpg 300w\" sizes=\"auto, (max-width: 689px) 100vw, 689px\" \/><figcaption id=\"caption-attachment-1854\" class=\"wp-caption-text\">PRV\u00c9 ZASADANIE MsZ \u2013 s\u013euby prim\u00e1torky a\u00a0poslancov | 28. 11. 2018<br \/>Foto: J\u00e1n Pardubsk\u00fd<\/figcaption><\/figure>\n<figure id=\"attachment_1855\" aria-describedby=\"caption-attachment-1855\" style=\"width: 690px\" class=\"wp-caption aligncenter\"><img loading=\"lazy\" decoding=\"async\" class=\"size-full wp-image-1855\" src=\"http:\/\/skalickyobzor.sk\/cms\/wp-content\/uploads\/2019\/01\/kaleidoskop_1_2019_8.jpg\" alt=\"\" width=\"690\" height=\"457\" srcset=\"http:\/\/skalickyobzor.sk\/cms\/wp-content\/uploads\/2019\/01\/kaleidoskop_1_2019_8.jpg 690w, http:\/\/skalickyobzor.sk\/cms\/wp-content\/uploads\/2019\/01\/kaleidoskop_1_2019_8-300x199.jpg 300w\" sizes=\"auto, (max-width: 690px) 100vw, 690px\" \/><figcaption id=\"caption-attachment-1855\" class=\"wp-caption-text\">V\u00ddSTAVA 100 ROKOV TJ SOKOL SKALICA \u2013 Z\u00e1horsk\u00e9 m\u00fazeum | 8. 12. 2018<br \/>Foto: Milan Kubi\u0161<\/figcaption><\/figure>\n<figure id=\"attachment_1856\" aria-describedby=\"caption-attachment-1856\" style=\"width: 690px\" class=\"wp-caption aligncenter\"><img loading=\"lazy\" decoding=\"async\" class=\"size-full wp-image-1856\" src=\"http:\/\/skalickyobzor.sk\/cms\/wp-content\/uploads\/2019\/01\/kaleidoskop_1_2019_5.jpg\" alt=\"\" width=\"690\" height=\"457\" srcset=\"http:\/\/skalickyobzor.sk\/cms\/wp-content\/uploads\/2019\/01\/kaleidoskop_1_2019_5.jpg 690w, http:\/\/skalickyobzor.sk\/cms\/wp-content\/uploads\/2019\/01\/kaleidoskop_1_2019_5-300x199.jpg 300w\" sizes=\"auto, (max-width: 690px) 100vw, 690px\" \/><figcaption id=\"caption-attachment-1856\" class=\"wp-caption-text\">V\u00ddSTAVA 100 ROKOV TJ SOKOL SKALICA \u2013 Z\u00e1horsk\u00e9 m\u00fazeum | 8. 12. 2018<br \/>Foto: Milan Kubi\u0161<\/figcaption><\/figure>\n<figure id=\"attachment_1857\" aria-describedby=\"caption-attachment-1857\" style=\"width: 614px\" class=\"wp-caption aligncenter\"><img loading=\"lazy\" decoding=\"async\" class=\"size-full wp-image-1857\" src=\"http:\/\/skalickyobzor.sk\/cms\/wp-content\/uploads\/2019\/01\/kaleidoskop_1_2019_3.jpg\" alt=\"\" width=\"614\" height=\"460\" srcset=\"http:\/\/skalickyobzor.sk\/cms\/wp-content\/uploads\/2019\/01\/kaleidoskop_1_2019_3.jpg 614w, http:\/\/skalickyobzor.sk\/cms\/wp-content\/uploads\/2019\/01\/kaleidoskop_1_2019_3-300x225.jpg 300w, http:\/\/skalickyobzor.sk\/cms\/wp-content\/uploads\/2019\/01\/kaleidoskop_1_2019_3-326x245.jpg 326w, http:\/\/skalickyobzor.sk\/cms\/wp-content\/uploads\/2019\/01\/kaleidoskop_1_2019_3-80x60.jpg 80w\" sizes=\"auto, (max-width: 614px) 100vw, 614px\" \/><figcaption id=\"caption-attachment-1857\" class=\"wp-caption-text\">V\u00ddSTAVA 100 ROKOV TJ SOKOL SKALICA \u2013 Z\u00e1horsk\u00e9 m\u00fazeum | 8. 12. 2018<br \/>Foto: Milan Kubi\u0161<\/figcaption><\/figure>\n<figure id=\"attachment_1858\" aria-describedby=\"caption-attachment-1858\" style=\"width: 613px\" class=\"wp-caption aligncenter\"><img loading=\"lazy\" decoding=\"async\" class=\"size-full wp-image-1858\" src=\"http:\/\/skalickyobzor.sk\/cms\/wp-content\/uploads\/2019\/01\/kaleidoskop_1_2019_11.jpg\" alt=\"\" width=\"613\" height=\"460\" srcset=\"http:\/\/skalickyobzor.sk\/cms\/wp-content\/uploads\/2019\/01\/kaleidoskop_1_2019_11.jpg 613w, http:\/\/skalickyobzor.sk\/cms\/wp-content\/uploads\/2019\/01\/kaleidoskop_1_2019_11-300x225.jpg 300w, http:\/\/skalickyobzor.sk\/cms\/wp-content\/uploads\/2019\/01\/kaleidoskop_1_2019_11-326x245.jpg 326w, http:\/\/skalickyobzor.sk\/cms\/wp-content\/uploads\/2019\/01\/kaleidoskop_1_2019_11-80x60.jpg 80w\" sizes=\"auto, (max-width: 613px) 100vw, 613px\" \/><figcaption id=\"caption-attachment-1858\" class=\"wp-caption-text\">KNIHA J. BLAHU Z\u00c1HORACK\u00c9 PJESNI\u010cKY \u2013 prezent\u00e1cia | 12.\u00a012. 2018<br \/>Foto: \u017delm\u00edra Mach\u00e1\u010dkov\u00e1<\/figcaption><\/figure>\n<figure id=\"attachment_1859\" aria-describedby=\"caption-attachment-1859\" style=\"width: 450px\" class=\"wp-caption aligncenter\"><img loading=\"lazy\" decoding=\"async\" class=\"size-full wp-image-1859\" src=\"http:\/\/skalickyobzor.sk\/cms\/wp-content\/uploads\/2019\/01\/kaleidoskop_1_2019_18.jpg\" alt=\"\" width=\"450\" height=\"600\" srcset=\"http:\/\/skalickyobzor.sk\/cms\/wp-content\/uploads\/2019\/01\/kaleidoskop_1_2019_18.jpg 450w, http:\/\/skalickyobzor.sk\/cms\/wp-content\/uploads\/2019\/01\/kaleidoskop_1_2019_18-225x300.jpg 225w\" sizes=\"auto, (max-width: 450px) 100vw, 450px\" \/><figcaption id=\"caption-attachment-1859\" class=\"wp-caption-text\">100 ROKOV TJ SOKOL SKALICA \u2013 Akad\u00e9mia a\u00a0krst z\u00e1stavy | 8. 12. 2018<br \/>Foto: Milan Kubi\u0161<\/figcaption><\/figure>\n<figure id=\"attachment_1860\" aria-describedby=\"caption-attachment-1860\" style=\"width: 613px\" class=\"wp-caption aligncenter\"><img loading=\"lazy\" decoding=\"async\" class=\"size-full wp-image-1860\" src=\"http:\/\/skalickyobzor.sk\/cms\/wp-content\/uploads\/2019\/01\/kaleidoskop_1_2019_6.jpg\" alt=\"\" width=\"613\" height=\"460\" srcset=\"http:\/\/skalickyobzor.sk\/cms\/wp-content\/uploads\/2019\/01\/kaleidoskop_1_2019_6.jpg 613w, http:\/\/skalickyobzor.sk\/cms\/wp-content\/uploads\/2019\/01\/kaleidoskop_1_2019_6-300x225.jpg 300w, http:\/\/skalickyobzor.sk\/cms\/wp-content\/uploads\/2019\/01\/kaleidoskop_1_2019_6-326x245.jpg 326w, http:\/\/skalickyobzor.sk\/cms\/wp-content\/uploads\/2019\/01\/kaleidoskop_1_2019_6-80x60.jpg 80w\" sizes=\"auto, (max-width: 613px) 100vw, 613px\" \/><figcaption id=\"caption-attachment-1860\" class=\"wp-caption-text\">100 ROKOV TJ SOKOL SKALICA \u2013 Akad\u00e9mia a\u00a0krst z\u00e1stavy | 8. 12. 2018<br \/>Foto: Milan Kubi\u0161<\/figcaption><\/figure>\n<figure id=\"attachment_1861\" aria-describedby=\"caption-attachment-1861\" style=\"width: 613px\" class=\"wp-caption aligncenter\"><img loading=\"lazy\" decoding=\"async\" class=\"size-full wp-image-1861\" src=\"http:\/\/skalickyobzor.sk\/cms\/wp-content\/uploads\/2019\/01\/kaleidoskop_1_2019_13.jpg\" alt=\"\" width=\"613\" height=\"460\" srcset=\"http:\/\/skalickyobzor.sk\/cms\/wp-content\/uploads\/2019\/01\/kaleidoskop_1_2019_13.jpg 613w, http:\/\/skalickyobzor.sk\/cms\/wp-content\/uploads\/2019\/01\/kaleidoskop_1_2019_13-300x225.jpg 300w, http:\/\/skalickyobzor.sk\/cms\/wp-content\/uploads\/2019\/01\/kaleidoskop_1_2019_13-326x245.jpg 326w, http:\/\/skalickyobzor.sk\/cms\/wp-content\/uploads\/2019\/01\/kaleidoskop_1_2019_13-80x60.jpg 80w\" sizes=\"auto, (max-width: 613px) 100vw, 613px\" \/><figcaption id=\"caption-attachment-1861\" class=\"wp-caption-text\">100 ROKOV TJ SOKOL SKALICA \u2013 Akad\u00e9mia a\u00a0krst z\u00e1stavy | 8. 12. 2018<br \/>Foto: \u017delm\u00edra Mach\u00e1\u010dkov\u00e1<\/figcaption><\/figure>\n<figure id=\"attachment_1862\" aria-describedby=\"caption-attachment-1862\" style=\"width: 695px\" class=\"wp-caption aligncenter\"><img loading=\"lazy\" decoding=\"async\" class=\"size-full wp-image-1862\" src=\"http:\/\/skalickyobzor.sk\/cms\/wp-content\/uploads\/2019\/01\/kaleidoskop_1_2019_21.jpg\" alt=\"\" width=\"695\" height=\"460\" srcset=\"http:\/\/skalickyobzor.sk\/cms\/wp-content\/uploads\/2019\/01\/kaleidoskop_1_2019_21.jpg 695w, http:\/\/skalickyobzor.sk\/cms\/wp-content\/uploads\/2019\/01\/kaleidoskop_1_2019_21-300x199.jpg 300w\" sizes=\"auto, (max-width: 695px) 100vw, 695px\" \/><figcaption id=\"caption-attachment-1862\" class=\"wp-caption-text\">100 ROKOV TJ SOKOL SKALICA \u2013 Akad\u00e9mia a\u00a0krst z\u00e1stavy | 8. 12. 2018<br \/>Foto: Milan Kubi\u0161<\/figcaption><\/figure>\n<figure id=\"attachment_1863\" aria-describedby=\"caption-attachment-1863\" style=\"width: 613px\" class=\"wp-caption aligncenter\"><img loading=\"lazy\" decoding=\"async\" class=\"size-full wp-image-1863\" src=\"http:\/\/skalickyobzor.sk\/cms\/wp-content\/uploads\/2019\/01\/kaleidoskop_1_2019_17.jpg\" alt=\"\" width=\"613\" height=\"460\" srcset=\"http:\/\/skalickyobzor.sk\/cms\/wp-content\/uploads\/2019\/01\/kaleidoskop_1_2019_17.jpg 613w, http:\/\/skalickyobzor.sk\/cms\/wp-content\/uploads\/2019\/01\/kaleidoskop_1_2019_17-300x225.jpg 300w, http:\/\/skalickyobzor.sk\/cms\/wp-content\/uploads\/2019\/01\/kaleidoskop_1_2019_17-326x245.jpg 326w, http:\/\/skalickyobzor.sk\/cms\/wp-content\/uploads\/2019\/01\/kaleidoskop_1_2019_17-80x60.jpg 80w\" sizes=\"auto, (max-width: 613px) 100vw, 613px\" \/><figcaption id=\"caption-attachment-1863\" class=\"wp-caption-text\">100 ROKOV TJ SOKOL SKALICA \u2013 Akad\u00e9mia a\u00a0krst z\u00e1stavy | 8. 12. 2018<br \/>Foto: \u017delm\u00edra Mach\u00e1\u010dkov\u00e1<\/figcaption><\/figure>\n<figure id=\"attachment_1864\" aria-describedby=\"caption-attachment-1864\" style=\"width: 690px\" class=\"wp-caption aligncenter\"><img loading=\"lazy\" decoding=\"async\" class=\"size-full wp-image-1864\" src=\"http:\/\/skalickyobzor.sk\/cms\/wp-content\/uploads\/2019\/01\/kaleidoskop_1_2019_15.jpg\" alt=\"\" width=\"690\" height=\"457\" srcset=\"http:\/\/skalickyobzor.sk\/cms\/wp-content\/uploads\/2019\/01\/kaleidoskop_1_2019_15.jpg 690w, http:\/\/skalickyobzor.sk\/cms\/wp-content\/uploads\/2019\/01\/kaleidoskop_1_2019_15-300x199.jpg 300w\" sizes=\"auto, (max-width: 690px) 100vw, 690px\" \/><figcaption id=\"caption-attachment-1864\" class=\"wp-caption-text\">100 ROKOV TJ SOKOL SKALICA \u2013 Akad\u00e9mia a\u00a0krst z\u00e1stavy | 8. 12. 2018<br \/>Foto: Milan Kubi\u0161<\/figcaption><\/figure>\n<figure id=\"attachment_1865\" aria-describedby=\"caption-attachment-1865\" style=\"width: 613px\" class=\"wp-caption aligncenter\"><img loading=\"lazy\" decoding=\"async\" class=\"size-full wp-image-1865\" src=\"http:\/\/skalickyobzor.sk\/cms\/wp-content\/uploads\/2019\/01\/kaleidoskop_1_2019_14.jpg\" alt=\"\" width=\"613\" height=\"460\" srcset=\"http:\/\/skalickyobzor.sk\/cms\/wp-content\/uploads\/2019\/01\/kaleidoskop_1_2019_14.jpg 613w, http:\/\/skalickyobzor.sk\/cms\/wp-content\/uploads\/2019\/01\/kaleidoskop_1_2019_14-300x225.jpg 300w, http:\/\/skalickyobzor.sk\/cms\/wp-content\/uploads\/2019\/01\/kaleidoskop_1_2019_14-326x245.jpg 326w, http:\/\/skalickyobzor.sk\/cms\/wp-content\/uploads\/2019\/01\/kaleidoskop_1_2019_14-80x60.jpg 80w\" sizes=\"auto, (max-width: 613px) 100vw, 613px\" \/><figcaption id=\"caption-attachment-1865\" class=\"wp-caption-text\">100 ROKOV TJ SOKOL SKALICA \u2013 Akad\u00e9mia a\u00a0krst z\u00e1stavy | 8. 12. 2018<br \/>Foto: Milan Kubi\u0161<\/figcaption><\/figure>\n<figure id=\"attachment_1866\" aria-describedby=\"caption-attachment-1866\" style=\"width: 690px\" class=\"wp-caption aligncenter\"><img loading=\"lazy\" decoding=\"async\" class=\"size-full wp-image-1866\" src=\"http:\/\/skalickyobzor.sk\/cms\/wp-content\/uploads\/2019\/01\/kaleidoskop_1_2019_7.jpg\" alt=\"\" width=\"690\" height=\"457\" srcset=\"http:\/\/skalickyobzor.sk\/cms\/wp-content\/uploads\/2019\/01\/kaleidoskop_1_2019_7.jpg 690w, http:\/\/skalickyobzor.sk\/cms\/wp-content\/uploads\/2019\/01\/kaleidoskop_1_2019_7-300x199.jpg 300w\" sizes=\"auto, (max-width: 690px) 100vw, 690px\" \/><figcaption id=\"caption-attachment-1866\" class=\"wp-caption-text\">100 ROKOV TJ SOKOL SKALICA \u2013 Akad\u00e9mia a\u00a0krst z\u00e1stavy | 8. 12. 2018<br \/>Foto: Milan Kubi\u0161<\/figcaption><\/figure>\n<figure id=\"attachment_1867\" aria-describedby=\"caption-attachment-1867\" style=\"width: 690px\" class=\"wp-caption aligncenter\"><img loading=\"lazy\" decoding=\"async\" class=\"size-full wp-image-1867\" src=\"http:\/\/skalickyobzor.sk\/cms\/wp-content\/uploads\/2019\/01\/kaleidoskop_1_2019_16.jpg\" alt=\"\" width=\"690\" height=\"457\" srcset=\"http:\/\/skalickyobzor.sk\/cms\/wp-content\/uploads\/2019\/01\/kaleidoskop_1_2019_16.jpg 690w, http:\/\/skalickyobzor.sk\/cms\/wp-content\/uploads\/2019\/01\/kaleidoskop_1_2019_16-300x199.jpg 300w\" sizes=\"auto, (max-width: 690px) 100vw, 690px\" \/><figcaption id=\"caption-attachment-1867\" class=\"wp-caption-text\">100 ROKOV TJ SOKOL SKALICA \u2013 Akad\u00e9mia a\u00a0krst z\u00e1stavy | 8. 12. 2018<br \/>Foto: Milan Kubi\u0161<\/figcaption><\/figure>\n<figure id=\"attachment_1868\" aria-describedby=\"caption-attachment-1868\" style=\"width: 690px\" class=\"wp-caption aligncenter\"><img loading=\"lazy\" decoding=\"async\" class=\"size-full wp-image-1868\" src=\"http:\/\/skalickyobzor.sk\/cms\/wp-content\/uploads\/2019\/01\/kaleidoskop_1_2019_12.jpg\" alt=\"\" width=\"690\" height=\"457\" srcset=\"http:\/\/skalickyobzor.sk\/cms\/wp-content\/uploads\/2019\/01\/kaleidoskop_1_2019_12.jpg 690w, http:\/\/skalickyobzor.sk\/cms\/wp-content\/uploads\/2019\/01\/kaleidoskop_1_2019_12-300x199.jpg 300w\" sizes=\"auto, (max-width: 690px) 100vw, 690px\" \/><figcaption id=\"caption-attachment-1868\" class=\"wp-caption-text\">100 ROKOV TJ SOKOL SKALICA \u2013 Akad\u00e9mia a\u00a0krst z\u00e1stavy | 8. 12. 2018<br \/>Foto: Milan Kubi\u0161<\/figcaption><\/figure>\n","protected":false},"excerpt":{"rendered":"<div class=\"mh-excerpt\"><\/div>","protected":false},"author":1,"featured_media":1846,"comment_status":"closed","ping_status":"closed","sticky":false,"template":"","format":"standard","meta":{"footnotes":""},"categories":[6],"tags":[],"class_list":{"0":"post-1845","1":"post","2":"type-post","3":"status-publish","4":"format-standard","5":"has-post-thumbnail","7":"category-kaleidoskop"},"_links":{"self":[{"href":"http:\/\/skalickyobzor.sk\/cms\/wp-json\/wp\/v2\/posts\/1845","targetHints":{"allow":["GET"]}}],"collection":[{"href":"http:\/\/skalickyobzor.sk\/cms\/wp-json\/wp\/v2\/posts"}],"about":[{"href":"http:\/\/skalickyobzor.sk\/cms\/wp-json\/wp\/v2\/types\/post"}],"author":[{"embeddable":true,"href":"http:\/\/skalickyobzor.sk\/cms\/wp-json\/wp\/v2\/users\/1"}],"replies":[{"embeddable":true,"href":"http:\/\/skalickyobzor.sk\/cms\/wp-json\/wp\/v2\/comments?post=1845"}],"version-history":[{"count":3,"href":"http:\/\/skalickyobzor.sk\/cms\/wp-json\/wp\/v2\/posts\/1845\/revisions"}],"predecessor-version":[{"id":1869,"href":"http:\/\/skalickyobzor.sk\/cms\/wp-json\/wp\/v2\/posts\/1845\/revisions\/1869"}],"wp:featuredmedia":[{"embeddable":true,"href":"http:\/\/skalickyobzor.sk\/cms\/wp-json\/wp\/v2\/media\/1846"}],"wp:attachment":[{"href":"http:\/\/skalickyobzor.sk\/cms\/wp-json\/wp\/v2\/media?parent=1845"}],"wp:term":[{"taxonomy":"category","embeddable":true,"href":"http:\/\/skalickyobzor.sk\/cms\/wp-json\/wp\/v2\/categories?post=1845"},{"taxonomy":"post_tag","embeddable":true,"href":"http:\/\/skalickyobzor.sk\/cms\/wp-json\/wp\/v2\/tags?post=1845"}],"curies":[{"name":"wp","href":"https:\/\/api.w.org\/{rel}","templated":true}]}}