{"id":1873,"date":"2019-01-14T03:04:00","date_gmt":"2019-01-14T02:04:00","guid":{"rendered":"http:\/\/skalickyobzor.sk\/cms\/?p=1873"},"modified":"2019-01-14T03:35:42","modified_gmt":"2019-01-14T02:35:42","slug":"sme-dlznikmi-patra-cubinka","status":"publish","type":"post","link":"http:\/\/skalickyobzor.sk\/cms\/sme-dlznikmi-patra-cubinka\/","title":{"rendered":"Sme dl\u017en\u00edkmi p\u00e1tra Cub\u00ednka"},"content":{"rendered":"<p><strong>Najprv l\u00e1skav\u00fd p\u00e1ter Emanuel, nesk\u00f4r ako v\u00e1\u017een\u00fd p\u00e1n profesor. Takto n\u00e1m, u\u017e len m\u00e1lu \u017eij\u00facim skalick\u00fdm pam\u00e4tn\u00edkom, utkvel nezabudnute\u013ene v\u00a0spomienkach. Jozef Emanuel Cub\u00ednek bol vzdelanec s\u00a0neuverite\u013en\u00fdmi vedomos\u0165ami, polyhistor, s\u00a0rozh\u013eadenos\u0165ou, l\u00e1skou k\u00a0Bohu a\u00a0vr\u00facnymi vz\u0165ahmi k\u00a0oby\u010dajn\u00fdm \u013eu\u010fom. Pritom nikdy nest\u00e1l o\u00a0sl\u00e1vu, ani ocenenia. Bol po\u017eehnan\u00edm pre Skalicu. Mesto v\u00a0silvestrovsk\u00e9 r\u00e1no roku 1965 cel\u00e9 zosmutnelo, ke\u010f sa r\u00fdchle rozniesla spr\u00e1va, \u017ee bol na fare vo Sv. Jure, po be\u0161ti\u00e1lnom mu\u010den\u00ed, chladnokrvne zavra\u017eden\u00fd. Mal 53 rokov. (Aj 53 rokov odvtedy uplynulo.) Zrejme sa u\u017e nikdy nedozvieme, na \u010diu objedn\u00e1vku sa po mnoh\u00fdch predch\u00e1dzaj\u00facich vyhr\u00e1\u017ekach tento zlo\u010din uskuto\u010dnil.\u00a0<\/strong><strong>Narodil sa 13. m\u00e1ja 1913 v\u00a0goralskej dedinke Oravsk\u00e1 Polhora ako posledn\u00e9 zo \u0161iestich det\u00ed a\u00a0takmer polovicu svojho \u017eivota v\u00a0Skalici \u017eil a\u00a0p\u00f4sobil.<\/strong><\/p>\n<p>&nbsp;<\/p>\n<h4>SKALICK\u00dd \u0160TUDENT I\u00a0PROFESOR<\/h4>\n<p>Najprv v\u00a0rokoch 1930 \u2013 1934 ako v\u00fdborn\u00fd \u0161tudent gymn\u00e1zia, kde aj n\u00e1ro\u010dn\u00fa maturitu (n\u00e1bo\u017eenstvo, \u010desko-slovensk\u00fd jazyk, latinsk\u00fd, franc\u00fazsky, nemeck\u00fd jazyk, dejepis, zemepis, vlastiveda a\u00a0matematika, zool\u00f3gia a\u00a0botanika, ch\u00e9mia a\u00a0geol\u00f3gia, fyzika a\u00a0geometria, telocvik, filozofia, spev a\u00a0tesnopis) absolvoval s\u00a0vyznamenan\u00edm. Nesk\u00f4r v\u00a0rokoch 1938 \u2013 1946, ako horliv\u00fd ne\u00fanavn\u00fd k\u0148az a\u00a0profesor skalick\u00e9ho gymn\u00e1zia, okrem n\u00e1bo\u017eenstva vyu\u010doval taliansky a\u00a0franc\u00fazsky jazyk, literat\u00faru a\u00a0matematiku. V\u00a0\u0161tudentoch rozv\u00edjal l\u00e1sku k\u00a0literat\u00fare, hlavne k\u00a0po\u00e9zii a\u00a0dramatick\u00e9mu umeniu. E\u0161te ako deti n\u00e1s u\u010dil n\u00e1bo\u017eenstvo, viedol k\u00a0viere aj poslu\u0161nosti, ale aj k\u00a0t\u00fa\u017ebe ve\u013ea vedie\u0165. Mali sme ho nielen my ve\u013emi rady, nielen my deti, ale ako vn\u00edmav\u00e9ho pedag\u00f3ga aj \u0161tudenti gymn\u00e1zia.<\/p>\n<p>&nbsp;<\/p>\n<h4>PR\u00c1CA A\u00a0ODKAZ<\/h4>\n<p>Jeho tret\u00ed pobyt v\u00a0Skalici, od roku 1950 do 1960, bol n\u00e1ro\u010dn\u00fd a\u00a0vy\u010derp\u00e1vaj\u00faci. Pre horlivos\u0165 v\u00a0pastor\u00e1cii sa dostal p\u00e1ter Emanuel Cub\u00ednek do nepriazne svetskej moci. Sprev\u00e1dzalo ho prenasledovanie, obmedzovanie, v\u00fdmysly, obvinenia a\u00a0vyhr\u00e1\u017eky. Hromadili sa udania aj n\u00e1tlak k\u00a0zradcovskej spolupr\u00e1ci. Mo\u017eno mal obavy, no aj tak s\u00a0nev\u00eddanou energiou organizoval cirkevn\u00e9 sl\u00e1vnosti, p\u00fate, procesie, k\u00e1zne, medit\u00e1cie, duchovn\u00e9 cvi\u010denia pre k\u0148azov a\u00a0st\u00e1le, aj vo ve\u010dern\u00fdch hodin\u00e1ch, vyu\u010doval n\u00e1bo\u017eenstvo. Popritom bol spisovate\u013eom, venoval sa po\u00e9zii, p\u00edsal eseje, zamyslenia, medit\u00e1cie, prispieval do r\u00f4znych \u010dasopisov, venoval sa redak\u010dnej pr\u00e1ci a\u00a0bol liter\u00e1rnym spolupracovn\u00edkom Spolku sv. Vojtecha. Nacvi\u010dil mnoho divadeln\u00fdch hier. Prekladal z\u00a0chorv\u00e1t\u010diny, srb\u0161tiny i\u00a0talian\u010diny. V\u010faka jeho h\u00fa\u017eevnatosti sa mnoh\u00e9 hodnotn\u00e9 liter\u00e1rne diela, presahuj\u00face hranice, dostali do r\u00fak aj slovensk\u00fdm \u010ditate\u013eom. Vyc\u00edtil znamenia \u010dias, ke\u010f predpovedal migr\u00e1ciu.<\/p>\n<p>&nbsp;<\/p>\n<h4>MU\u010cEN\u00cdCKY KONIEC<\/h4>\n<p>V\u00a0novembri 1960 sa p\u00e1ter Emanuel so Skali\u010danmi rozl\u00fa\u010dil a\u00a0odi\u0161iel do Sv. Jura pri Bratislave. Aj tu \u017eil pre in\u00fdch a\u00a0miestni si nov\u00e9ho duchovn\u00e9ho ve\u013emi ob\u013e\u00fabili. Pohostil v\u017edy aj ne\u010dakan\u00e9 n\u00e1v\u0161tevy, mal r\u00e1d najm\u00e4 tie zo Skalice. A\u00a0tu, vo Sv. Jure, 31. decembra 1965 skon\u010dila mu\u010den\u00edcky t\u00e1to jemn\u00e1, subt\u00edlna bytos\u0165. Odpo\u010d\u00edva vo franti\u0161k\u00e1nskom habite, ktor\u00fd si do farnosti vo Sv. Jure priviezol e\u0161te zo Skalice. Bolo to jeho \u017eelan\u00edm. Sv. Jur pri Bratislave si svojho duchovn\u00e9ho pravidelne pripom\u00edna. Nezab\u00fadaj\u00fa tie\u017e Malacky, kde medzi\u010dasom p\u00f4sobil, ale spom\u00ednaj\u00fa najm\u00e4 rod\u00e1ci v\u00a0Oravskej Polhore. V\u00a0Skalici po\u010das sv. om\u0161e na sviatok V\u0161etk\u00fdch sv\u00e4t\u00fdch o\u00a0p\u00e1trovi Cub\u00ednkovi prehovoril p\u00e1n dekan ThLic. Roman Stachovi\u010d. Predstavil pr\u00edtomn\u00fdm, najm\u00e4 mlad\u00fdm, ktor\u00ed ho nepoznali, kto bol, ako s\u00a0nami \u017eil a\u00a0zanechal tu svoje stopy.<\/p>\n<figure id=\"attachment_1879\" aria-describedby=\"caption-attachment-1879\" style=\"width: 666px\" class=\"wp-caption aligncenter\"><img loading=\"lazy\" decoding=\"async\" class=\"size-full wp-image-1879\" src=\"http:\/\/skalickyobzor.sk\/cms\/wp-content\/uploads\/2019\/01\/gymskalica.edu_.sk_.jpg\" alt=\"\" width=\"666\" height=\"499\" srcset=\"http:\/\/skalickyobzor.sk\/cms\/wp-content\/uploads\/2019\/01\/gymskalica.edu_.sk_.jpg 666w, http:\/\/skalickyobzor.sk\/cms\/wp-content\/uploads\/2019\/01\/gymskalica.edu_.sk_-300x225.jpg 300w, http:\/\/skalickyobzor.sk\/cms\/wp-content\/uploads\/2019\/01\/gymskalica.edu_.sk_-326x245.jpg 326w, http:\/\/skalickyobzor.sk\/cms\/wp-content\/uploads\/2019\/01\/gymskalica.edu_.sk_-80x60.jpg 80w\" sizes=\"auto, (max-width: 666px) 100vw, 666px\" \/><figcaption id=\"caption-attachment-1879\" class=\"wp-caption-text\">Zdroj: internet<br \/>Pam\u00e4tn\u00e1 tabu\u013ea na budove gymn\u00e1zia, kde E. Cub\u00ednek p\u00f4sobil, by mohla by\u0165 symbolick\u00fdm vyjadren\u00edm uznania zo strany mesta.<\/figcaption><\/figure>\n<p>&nbsp;<\/p>\n<h4>MIESTO V\u00a0DEJIN\u00c1CH<\/h4>\n<p>V\u00fdnimo\u010dn\u00e1 osobnos\u0165, velik\u00e1n, vlastenec, ktor\u00fd ani v\u00a0\u010dasoch prenasledovania cirkvi nezradil, neskryl sa v\u00a0zahrani\u010d\u00ed, ale do posledn\u00e9ho dychu s\u00a0pokorou niesol svoj kr\u00ed\u017e a\u00a0zostal vern\u00fd domovine, svojmu rodn\u00e9mu Slovensku. Preto p\u00e1ter Emanuel nesmie upadn\u00fa\u0165 do zabudnutia. Neupadne, k\u00fdm bud\u00fa \u013eudia vyslovova\u0165 jeho meno. Cub\u00ednek patr\u00ed do novodob\u00fdch n\u00e1bo\u017eensk\u00fdch i\u00a0liter\u00e1rnych dej\u00edn, aj do u\u010debn\u00fdch osnov. Ver\u00edme, \u017ee na budove skalick\u00e9ho gymn\u00e1zia pribudne spomienkov\u00e1 tabu\u013ea a\u00a0\u017ee gener\u00e1cia po n\u00e1s, \u017eij\u00facich pam\u00e4tn\u00edkoch, sa do\u010dk\u00e1 aj jeho spravodliv\u00e9ho vyzdvihnutia.<\/p>\n<p><em>Pozn\u00e1mka redakcie: <\/em><br \/>\n<em>Doteraz o\u00a0\u017eivote a\u00a0diele vz\u00e1cneho k\u0148aza a\u00a0liter\u00e1ta J. E. C. vy\u0161li dve publik\u00e1cie. <\/em><br \/>\n<em>Jaroslav Ka\u0148a, jeho b\u00fdval\u00fd \u017eiak skalick\u00e9ho gymn\u00e1zia, nap\u00edsal s\u00a0l\u00e1skou a\u00a0obdivom v\u00a0roku 1997 knihu Legenda o\u00a0p\u00e1trovi Emanuelovi. Okrem in\u00e9ho v\u00a0nej spom\u00edna ako e\u0161te \u0161tudent gymn\u00e1zia Jozef Cub\u00ednek osirel a\u00a0ako ve\u013emi \u0165a\u017eko niesol odchod obidvoch rodi\u010dov. Dojemn\u00e1 je rozl\u00fa\u010dkov\u00e1 b\u00e1se\u0148 matke.\u00a0<\/em><em>Dp. Mgr. Peter Matis, rod\u00e1k z\u00a0Oravskej Polhory, v\u00a0roku 2015 vydal mimoriadne erudovan\u00fa monografiu \u017divot a\u00a0dielo Jozefa Emanuela Cub\u00ednka, OFM.<\/em><\/p>\n<h4><strong>E. J. Cub\u00ednek<\/strong><br \/>\nKeby s\u2019 tak&#8230;<\/h4>\n<p><em>Mami\u010dka,<\/em><br \/>\n<em>dnes nen\u00e1vid\u00edm krut\u00fdch hrob\u00e1rov,<\/em><br \/>\n<em>\u010do Tvoje srdce skryli do hliny,<\/em><br \/>\n<em>v\u00a0studen\u00fd rov.<\/em><\/p>\n<p><em>Keby s\u2019 tak teraz pri\u0161la ku mne,<\/em><br \/>\n<em>moje znaven\u00e9 o\u010di a\u00a0l\u00edca<\/em><br \/>\n<em>by Ti sn\u00e1\u010f povedali,<\/em><br \/>\n<em>\u017ee som vyhasl\u00e1 voskovica,<\/em><br \/>\n<em>alebo ospal\u00fd.<\/em><\/p>\n<p><em>Keby s\u2019 tak teraz pri\u0161la ku mne<\/em><br \/>\n<em>a\u00a0pohladila moje \u010delo,<\/em><br \/>\n<em>mo\u017eno, \u017ee studen\u00fd obv\u00e4z<\/em><br \/>\n<em>prilo\u017ei\u0165 by sa Ti chcelo.<\/em><\/p>\n<p><em>Keby s\u2019 tak teraz pri\u0161la ku mne,<\/em><br \/>\n<em>zvlhla by Tvoja hru\u010f<\/em><br \/>\n<em>slzami \u010dloveka, ktor\u00e9mu s\u2019 iba<\/em><br \/>\n<em>do dia\u013eky zavolala<\/em><br \/>\n<em>posledn\u00e9 \u201es\u00a0Bohom bu\u010f!\u201c<\/em><\/p>\n","protected":false},"excerpt":{"rendered":"<div class=\"mh-excerpt\"><p>Najprv l\u00e1skav\u00fd p\u00e1ter Emanuel, nesk\u00f4r ako v\u00e1\u017een\u00fd p\u00e1n profesor. Takto n\u00e1m, u\u017e len m\u00e1lu \u017eij\u00facim skalick\u00fdm pam\u00e4tn\u00edkom, utkvel nezabudnute\u013ene v\u00a0spomienkach. Jozef Emanuel Cub\u00ednek bol vzdelanec s\u00a0neuverite\u013en\u00fdmi vedomos\u0165ami, polyhistor, s\u00a0rozh\u013eadenos\u0165ou, l\u00e1skou k\u00a0Bohu a\u00a0vr\u00facnymi vz\u0165ahmi k\u00a0oby\u010dajn\u00fdm \u013eu\u010fom. <a class=\"mh-excerpt-more\" href=\"http:\/\/skalickyobzor.sk\/cms\/sme-dlznikmi-patra-cubinka\/\" title=\"Sme dl\u017en\u00edkmi p\u00e1tra Cub\u00ednka\">[&#8230;]<\/a><\/p>\n<\/div>","protected":false},"author":36,"featured_media":1874,"comment_status":"closed","ping_status":"closed","sticky":false,"template":"","format":"standard","meta":{"footnotes":""},"categories":[8],"tags":[],"class_list":{"0":"post-1873","1":"post","2":"type-post","3":"status-publish","4":"format-standard","5":"has-post-thumbnail","7":"category-obzor-seniorov"},"_links":{"self":[{"href":"http:\/\/skalickyobzor.sk\/cms\/wp-json\/wp\/v2\/posts\/1873","targetHints":{"allow":["GET"]}}],"collection":[{"href":"http:\/\/skalickyobzor.sk\/cms\/wp-json\/wp\/v2\/posts"}],"about":[{"href":"http:\/\/skalickyobzor.sk\/cms\/wp-json\/wp\/v2\/types\/post"}],"author":[{"embeddable":true,"href":"http:\/\/skalickyobzor.sk\/cms\/wp-json\/wp\/v2\/users\/36"}],"replies":[{"embeddable":true,"href":"http:\/\/skalickyobzor.sk\/cms\/wp-json\/wp\/v2\/comments?post=1873"}],"version-history":[{"count":5,"href":"http:\/\/skalickyobzor.sk\/cms\/wp-json\/wp\/v2\/posts\/1873\/revisions"}],"predecessor-version":[{"id":1880,"href":"http:\/\/skalickyobzor.sk\/cms\/wp-json\/wp\/v2\/posts\/1873\/revisions\/1880"}],"wp:featuredmedia":[{"embeddable":true,"href":"http:\/\/skalickyobzor.sk\/cms\/wp-json\/wp\/v2\/media\/1874"}],"wp:attachment":[{"href":"http:\/\/skalickyobzor.sk\/cms\/wp-json\/wp\/v2\/media?parent=1873"}],"wp:term":[{"taxonomy":"category","embeddable":true,"href":"http:\/\/skalickyobzor.sk\/cms\/wp-json\/wp\/v2\/categories?post=1873"},{"taxonomy":"post_tag","embeddable":true,"href":"http:\/\/skalickyobzor.sk\/cms\/wp-json\/wp\/v2\/tags?post=1873"}],"curies":[{"name":"wp","href":"https:\/\/api.w.org\/{rel}","templated":true}]}}