{"id":1892,"date":"2019-01-14T03:14:35","date_gmt":"2019-01-14T02:14:35","guid":{"rendered":"http:\/\/skalickyobzor.sk\/cms\/?p=1892"},"modified":"2019-01-14T03:38:47","modified_gmt":"2019-01-14T02:38:47","slug":"tak-si-myslim-ze-nam-chyba-vdacnost-nielen-za-to-dobre","status":"publish","type":"post","link":"http:\/\/skalickyobzor.sk\/cms\/tak-si-myslim-ze-nam-chyba-vdacnost-nielen-za-to-dobre\/","title":{"rendered":"Tak si mysl\u00edm, \u017ee n\u00e1m ch\u00fdba v\u010fa\u010dnos\u0165 nielen za to dobr\u00e9"},"content":{"rendered":"<p>Op\u00e4\u0165 m\u00e1me nov\u00fd rok. Tentokr\u00e1t 2019 a tak ako v\u017edy, \u017eel\u00e1me si navz\u00e1jom zdravie, l\u00e1sku, \u0161\u0165astie a v\u0161etko len to dobr\u00e9. Je to to prav\u00e9 a skuto\u010dne v\u0161etko, \u010do si navz\u00e1jom m\u00f4\u017eeme \u017eela\u0165? Zdravie je, samozrejme, pre n\u00e1s d\u00f4le\u017eit\u00e9 a\u00a0\u010d\u00edm sme star\u0161\u00ed, t\u00fdm viac n\u00e1m ch\u00fdba a t\u00fdm menej je jeho prianie pre n\u00e1s fr\u00e1zou. O l\u00e1ske je tie\u017e m\u00e1rne polemizova\u0165 \u2013 v\u017edy jej m\u00f4\u017ee by\u0165 viac. O \u0161\u0165ast\u00ed sa vrav\u00ed, \u017ee je vrtkav\u00e9 a tak m\u00f4\u017eeme by\u0165 zdrav\u00ed, milovan\u00ed a miluj\u00faci, no k\u00fasok \u0161\u0165astia sa v\u017edy hod\u00ed. To, \u010do ma v\u0161ak v\u017edy zaraz\u00ed, je posledn\u00e9 \u017eelanie \u2013\u00a0v\u0161etko len to dobr\u00e9 &#8230;<\/p>\n<p>Mo\u017eno sa to bude zda\u0165 \u010dudn\u00e9, no v\u0161etko len dobr\u00e9 by som nechcela. Mo\u017eno i preto, \u017ee ke\u010f si to predstav\u00edm, bolo by to ako neust\u00e1le jasn\u00e1 slne\u010dn\u00e1 obloha, bez obl\u00e1\u010dika. Jednoducho nuda. \u017deby som si v\u0161ak \u017eelala nie\u010do zl\u00e9, to, samozrejme, nie. Som v\u0161ak realista a viem, \u017ee v\u0161etko dobr\u00e9 by\u0165 nem\u00f4\u017ee. \u017divot tak jednoducho nebe\u017e\u00ed. Cestou naraz\u00edme na situ\u00e1cie, \u010di \u017eivotn\u00e9 kri\u017eovatky, ktor\u00e9 n\u00e1s otestuj\u00fa. Ako hovoril Nietsche: \u010co \u0165a nezabije, to \u0165a posiln\u00ed.<\/p>\n<p>A tak n\u00e1m v\u0161etk\u00fdm \u017eel\u00e1m v novom roku nielen to v\u0161etko vy\u0161\u0161ie spomenut\u00e9. Hlavne, ke\u010f sa ocitneme v \u0165a\u017ek\u00fdch \u017eivotn\u00fdch situ\u00e1ci\u00e1ch, prajem n\u00e1m vn\u00fatorn\u00fd pokoj a silu, m\u00fadros\u0165 pre spr\u00e1vne rozhodnutia a odvahu pre konkr\u00e9tne \u010diny. A nakoniec, ke\u010f to v\u0161etko prehrm\u00ed a my pochop\u00edme, tak n\u00e1m \u017eel\u00e1m v\u010fa\u010dnos\u0165. Lebo ako zase hovor\u00ed in\u00e1 m\u00fadros\u0165: V\u0161etko zl\u00e9 je na nie\u010do dobr\u00e9.<\/p>\n<p><em>S\u00a0\u00factou<\/em><br \/>\n<em>v\u010fa\u010dn\u00e1 \u017delm\u00edra Mach\u00e1\u010dkov\u00e1<\/em><\/p>\n","protected":false},"excerpt":{"rendered":"<div class=\"mh-excerpt\"><p>Op\u00e4\u0165 m\u00e1me nov\u00fd rok. Tentokr\u00e1t 2019 a tak ako v\u017edy, \u017eel\u00e1me si navz\u00e1jom zdravie, l\u00e1sku, \u0161\u0165astie a v\u0161etko len to dobr\u00e9. Je to to prav\u00e9 a skuto\u010dne v\u0161etko, \u010do si navz\u00e1jom m\u00f4\u017eeme \u017eela\u0165? Zdravie je, <a class=\"mh-excerpt-more\" href=\"http:\/\/skalickyobzor.sk\/cms\/tak-si-myslim-ze-nam-chyba-vdacnost-nielen-za-to-dobre\/\" title=\"Tak si mysl\u00edm, \u017ee n\u00e1m ch\u00fdba v\u010fa\u010dnos\u0165 nielen za to dobr\u00e9\">[&#8230;]<\/a><\/p>\n<\/div>","protected":false},"author":2,"featured_media":241,"comment_status":"closed","ping_status":"closed","sticky":false,"template":"","format":"standard","meta":{"footnotes":""},"categories":[3],"tags":[],"class_list":{"0":"post-1892","1":"post","2":"type-post","3":"status-publish","4":"format-standard","5":"has-post-thumbnail","7":"category-tak-si-myslim"},"_links":{"self":[{"href":"http:\/\/skalickyobzor.sk\/cms\/wp-json\/wp\/v2\/posts\/1892","targetHints":{"allow":["GET"]}}],"collection":[{"href":"http:\/\/skalickyobzor.sk\/cms\/wp-json\/wp\/v2\/posts"}],"about":[{"href":"http:\/\/skalickyobzor.sk\/cms\/wp-json\/wp\/v2\/types\/post"}],"author":[{"embeddable":true,"href":"http:\/\/skalickyobzor.sk\/cms\/wp-json\/wp\/v2\/users\/2"}],"replies":[{"embeddable":true,"href":"http:\/\/skalickyobzor.sk\/cms\/wp-json\/wp\/v2\/comments?post=1892"}],"version-history":[{"count":2,"href":"http:\/\/skalickyobzor.sk\/cms\/wp-json\/wp\/v2\/posts\/1892\/revisions"}],"predecessor-version":[{"id":1894,"href":"http:\/\/skalickyobzor.sk\/cms\/wp-json\/wp\/v2\/posts\/1892\/revisions\/1894"}],"wp:featuredmedia":[{"embeddable":true,"href":"http:\/\/skalickyobzor.sk\/cms\/wp-json\/wp\/v2\/media\/241"}],"wp:attachment":[{"href":"http:\/\/skalickyobzor.sk\/cms\/wp-json\/wp\/v2\/media?parent=1892"}],"wp:term":[{"taxonomy":"category","embeddable":true,"href":"http:\/\/skalickyobzor.sk\/cms\/wp-json\/wp\/v2\/categories?post=1892"},{"taxonomy":"post_tag","embeddable":true,"href":"http:\/\/skalickyobzor.sk\/cms\/wp-json\/wp\/v2\/tags?post=1892"}],"curies":[{"name":"wp","href":"https:\/\/api.w.org\/{rel}","templated":true}]}}