{"id":1895,"date":"2019-01-14T03:15:29","date_gmt":"2019-01-14T02:15:29","guid":{"rendered":"http:\/\/skalickyobzor.sk\/cms\/?p=1895"},"modified":"2025-01-30T23:55:32","modified_gmt":"2025-01-30T22:55:32","slug":"stastny-rok-ale-kolky","status":"publish","type":"post","link":"http:\/\/skalickyobzor.sk\/cms\/stastny-rok-ale-kolky\/","title":{"rendered":"\u0160\u0165astn\u00fd rok &#8211; ale ko\u013ek\u00fd?"},"content":{"rendered":"<p><strong>\u0160\u0165astn\u00fd nov\u00fd rok! Nie v\u0161ade po svete znie 1. janu\u00e1ra toto \u017eelanie. A\u00a0pri \u017eelan\u00ed v\u0161etk\u00e9ho dobr\u00e9ho je \u010dasto v\u00a0kalend\u00e1ri \u00faplne in\u00e1 \u010d\u00edslovka. Po zalo\u017een\u00ed OSN v\u00a0roku 1945 vznikla potreba vytvori\u0165 a\u00a0zavies\u0165 jednotn\u00fd svetov\u00fd kalend\u00e1r. V\u00e1\u017ene sa jednalo o\u00a0Comteho kalend\u00e1ri z\u00a0roku 1849, ktor\u00fd mal 13 mesiacov po 28 dn\u00ed. Na konci roka mal by\u0165 pripo\u010d\u00edtan\u00fd jeden de\u0148 mieru a\u00a0priate\u013estva\u00a0<\/strong><strong>a\u00a0v\u00a0priestupn\u00fd rok by pribudol de\u0148 medzi j\u00fanom a\u00a0j\u00falom. Vyzeralo to dobre, no uk\u00e1zali sa celkom praktick\u00e9 probl\u00e9my \u2013 rok sa nedal deli\u0165 ani na polroky, ani na \u0161tvr\u0165roky. A\u00a0bolo! Napokon vyhral, aj napriek nedostatkom, kalend\u00e1r gregori\u00e1nsky, ktor\u00fd pou\u017e\u00edvame dodnes. A\u00a0tak je ofici\u00e1lne na celom svete rok 2019. Len\u017ee, &#8230;<\/strong><\/p>\n<hr \/>\n<h4>U\u00a0N\u00c1S DOMA \u2013\u00a0GREGORI\u00c1NSKY: 2019<\/h4>\n<p>\u010c\u00edslo nastupuj\u00faceho roka n\u00e1m pripomenulo ko\u013eko rokov uplynulo od narodenia Krista. Pokia\u013e teda ver\u00edme v\u00fdpo\u010dtom gr\u00e9ckeho mn\u00edcha Dion\u00fdsia Exigua, ktor\u00fd ho v\u00a06. storo\u010d\u00ed stanovil na rok, zodpovedaj\u00faci roku 754 od zalo\u017eenia R\u00edma. I\u00a0ke\u010f sa nesk\u00f4r anal\u00fdzou mo\u017en\u00fdch term\u00ednov k\u013e\u00fa\u010dov\u00fdch udalost\u00ed zistilo, \u017ee jeho po\u010dty neboli presn\u00e9 a\u00a0Kristus sa pravdepodobne narodil v\u00a0rokoch 5 a\u017e 7 pred svoj\u00edm vlastn\u00fdm naroden\u00edm, kalend\u00e1r sa u\u017e nezmenil. Gregori\u00e1nsky kalend\u00e1r je najpou\u017e\u00edvanej\u0161\u00edm na svete a\u00a0svoje meno dostal pod\u013ea p\u00e1pe\u017ea Gregora XIII. Ten v\u00a0roku 1582 vyhl\u00e1sil reformu, ktorou sa sna\u017eil zos\u00faladi\u0165 slne\u010dn\u00fd rok s\u00a0juli\u00e1nskym kalend\u00e1rom, pod\u013ea ktor\u00e9ho sa v\u00a0tej chv\u00edli\u00a0riadil svet. Mus\u00edme sa v\u0161ak vr\u00e1ti\u0165 e\u0161te sp\u00e4\u0165, preto\u017ee predchodcom juli\u00e1nskeho kalend\u00e1ra bol e\u0161te star\u0161\u00ed kalend\u00e1r, ktor\u00e9mu sa hovorilo len \u201er\u00edmsky\u201c a\u00a0samotn\u00ed Rimania ho volali Romulov. Roky sa r\u00e1tali od zalo\u017eenia R\u00edma, \u010do s\u00edce nebolo jednozna\u010dn\u00e9, no za z\u00e1klad bol zobrat\u00fd rok 753 pr. n. l. Rok mal desa\u0165 mesiacov a\u00a0za\u010d\u00ednal v\u00a0marci. N\u00e1zvy \u010dasti z\u00a0nich pou\u017e\u00edvame doteraz. Romulov nasledovn\u00edk, kr\u00e1\u013e Numa Pompilus k\u00a0nim pridal janu\u00e1r a\u00a0febru\u00e1r a\u00a0mesiacov bolo dvan\u00e1s\u0165. V\u00a0roku 45 pr. n. l. Gaius J\u00falius Caesar kalend\u00e1r upravil na slne\u010dn\u00fd, tak, \u017ee tri roky mali po 356 dn\u00ed a\u00a0\u0161tvrt\u00fd priestupn\u00fd mal o\u00a0de\u0148 viac. Len\u017ee v\u00a0skuto\u010dnosti mal rok 365 a \u0161tvr\u0165 d\u0148a a\u00a0t\u00e1 \u0161tvrtka sp\u00f4sobila, \u017ee deficit r\u00e1stol. Vtedy ho zrovnal Gregor XIII. jednoducho t\u00fdm, \u017ee vynechal desa\u0165 dn\u00ed a\u00a0po 4. okt\u00f3bri 1582 hne\u010f nasledoval 15. okt\u00f3ber. Ani t\u00e1 \u0161tvr\u0165ka v\u0161ak nie je presn\u00e1 a\u00a0kalend\u00e1r bude treba raz zase upravi\u0165. N\u00e1s to v\u0161ak tr\u00e1pi\u0165 nemus\u00ed, preto\u017ee na rozdiel jedn\u00e9ho d\u0148a t\u00e1 chyba narastie a\u017e o\u00a03600 rokov.<\/p>\n<p>Pozn.: Po J\u00faliovi Caesarovi je pomenovan\u00fd j\u00fal, nasleduj\u00faci mesiac po cis\u00e1rovi Augustovi. Oba maj\u00fa 31 dn\u00ed preto, lebo Augustus nie je predsa men\u0161\u00ed ako Caesar.<\/p>\n<hr \/>\n<h4>HEBREJSK\u00dd KALEND\u00c1R: 5779 \u2013 80<\/h4>\n<p><img loading=\"lazy\" decoding=\"async\" class=\"aligncenter size-full wp-image-1900\" src=\"http:\/\/skalickyobzor.sk\/cms\/wp-content\/uploads\/2019\/01\/zidovsky_kalendar.jpg\" alt=\"\" width=\"576\" height=\"565\" srcset=\"http:\/\/skalickyobzor.sk\/cms\/wp-content\/uploads\/2019\/01\/zidovsky_kalendar.jpg 576w, http:\/\/skalickyobzor.sk\/cms\/wp-content\/uploads\/2019\/01\/zidovsky_kalendar-300x294.jpg 300w\" sizes=\"auto, (max-width: 576px) 100vw, 576px\" \/><\/p>\n<p>Ako by n\u00e1rod, ktor\u00fd dal svetu Star\u00fd z\u00e1kon, mohol po\u010d\u00edta\u0165 \u010das inak ako od stvorenia sveta?! V\u00a04. storo\u010d\u00ed bol stanoven\u00fd tento po\u010diatok pod\u013ea Star\u00e9ho z\u00e1kona na 7. 10. 3761 pr. n. l. teologick\u00fdm v\u00fdpo\u010dtom rab\u00edna Samuela. I\u00a0ke\u010f bol tento v\u00fdpo\u010det teol\u00f3gmi nesk\u00f4r spochybnen\u00fd, stanoven\u00fd d\u00e1tum ostal. Sviatok Ro\u0161 ha-\u0161ana sa tak teoreticky bude kona\u0165 u\u017e po 5780-ty kr\u00e1t a\u00a0to tento rok pod\u013ea n\u00e1s 30. septembra. Na tento de\u0148 toti\u017e pripad\u00e1 nov najbli\u017e\u0161\u00ed k\u00a0jesennej rovnodennosti. Dvan\u00e1s\u0165 mesiacov \u017eidovsk\u00e9ho kalend\u00e1ra v\u0161ak spolu d\u00e1va 354 dn\u00ed, \u010do sa po\u010das dev\u00e4tn\u00e1s\u0165ro\u010dn\u00e9ho cyklu dorovn\u00e1va sedemkr\u00e1t pridan\u00edm jedn\u00e9ho mesiaca. Hebrejsk\u00fd, \u010di \u017eidovsk\u00fd kalend\u00e1r sa s\u00edce riadi mesiacom, no sleduje aj Slnko a\u00a0v\u00a0kone\u010dnom d\u00f4sledku m\u00f4\u017ee ma\u0165 \u0161es\u0165 r\u00f4znych d\u013a\u017eok, od 353 do 385 dn\u00ed. Je pravdepodobne najkomplikovanej\u0161\u00edm syst\u00e9mom merania \u010dasu v\u00a0hist\u00f3rii. I\u00a0preto aj Izrael pou\u017e\u00edva ofici\u00e1lne rovnak\u00fd kalend\u00e1r ako my.<\/p>\n<hr \/>\n<h4>ISLAMSK\u00dd KALEND\u00c1R: 1440 \u2013 41<\/h4>\n<p>&nbsp;<\/p>\n<p>Po\u010diatkom odpo\u010d\u00edtavania letopo\u010dtu v\u00a0islamskom kalend\u00e1ri je rok 622, kedy odi\u0161iel Mohamed z\u00a0Mekky do Mediny. Na rozdiel od n\u00e1s nesleduj\u00fa moslimovia pohyb Slnka, ale mesiaca, teda ich kalend\u00e1r je lun\u00e1rny. Je odvoden\u00fd z\u00a0arabsk\u00e9ho kalend\u00e1ra a\u00a0prv\u00fa \u00fapravu urobil s\u00e1m Mohamed. Nesk\u00f4r bol e\u0161te rad \u00faprav a\u00a0aktu\u00e1lny stav je z\u00a0tzv. Umarovej \u00fapravy. Rok je tu s\u00edce delen\u00fd rovnako na 12 mesiacov, no striedavo s\u00a0d\u013a\u017ekou 29 a\u00a030 dn\u00ed, z\u00a0\u010doho vypl\u00fdva, \u017ee rok m\u00e1 354 dn\u00ed a\u00a0je teda o\u00a011 dn\u00ed krat\u0161\u00ed ako n\u00e1\u0161 gregori\u00e1nsky. Okrem priestupn\u00e9ho roka, kedy m\u00e1 islamsk\u00fd rok dn\u00ed 355. De\u0148 ku d\u0148u a\u00a0ka\u017ed\u00fdch 32,5 roka n\u00e1s moslimovia predbehn\u00fa o\u00a0jeden rok. Pr\u00e1ve preto v\u00a0de\u0148, ozna\u010den\u00fd ako 1. Muharram, pripadaj\u00faci na n\u00e1\u0161 1. september, za\u010d\u00edna v\u00a0islamskom kalend\u00e1ri nov\u00fd rok 1441.<br \/>\nV\u00e4\u010d\u0161ina moslimsk\u00fdch kraj\u00edn pou\u017e\u00edva svetov\u00fd kalend\u00e1r, no islamsk\u00fd kalend\u00e1r m\u00e1 nezastupite\u013en\u00fa \u00falohu pri ur\u010dovan\u00ed n\u00e1bo\u017eensk\u00fdch sviatkov a\u00a0povinnost\u00ed, akou je napr\u00edklad p\u00fa\u0165 do Mekky.<\/p>\n<hr \/>\n<h4>ETI\u00d3PIA: 2012<\/h4>\n<p>Napriek tomu, \u017ee je Eti\u00f3pia kres\u0165anskou krajinou, ide v\u00a0meran\u00ed \u010dasu vlastnou cestou. Eti\u00f3psky sol\u00e1rny kalend\u00e1r vych\u00e1dza zo starovek\u00e9ho egyptsk\u00e9ho kalend\u00e1ra, no pritom m\u00e1 ve\u013ea spolo\u010dn\u00e9ho s\u00a0juli\u00e1nskym. Eti\u00f3psky nov\u00fd rok za\u010d\u00edna pod\u013ea n\u00e1s 11. septembra a\u00a0m\u00e1 12 mesiacov po 30 dn\u00ed, \u010fal\u0161\u00edch 5 alebo 6 dn\u00ed tvor\u00ed 13. mesiac. U\u017e sme spom\u00ednali pri Gregori\u00e1nskom kalend\u00e1ri pravdepodobn\u00fa chybu v\u00a0sp\u00e4tnom v\u00fdpo\u010dte Je\u017ei\u0161ovho narodenia s\u00a0odch\u00fdlkou siedmych rokov. T\u00fato opravu prijala koptsk\u00e1 cirkev v\u00a0Eti\u00f3pii ako fakt a\u00a0o\u00a0sedemro\u010dn\u00fd rozdiel posunula svoj letopo\u010det. Popravde, pod\u013ea gregori\u00e1nskeho kalend\u00e1ra by bol Pil\u00e1t v\u00a0\u010dase Kristovho ukri\u017eovania u\u017e dva roky po smrti.<\/p>\n<hr \/>\n<h4>MAYOVIA: 5133<\/h4>\n<p>&nbsp;<\/p>\n<p>V\u010faka ne\u0161\u0165astnej interpret\u00e1cii, ktorou sa na 21. decembra 2012 ur\u010dil pr\u00e1ve pod\u013ea maysk\u00e9ho kalend\u00e1ra koniec sveta, sa stal neuverite\u013ene zn\u00e1mym a\u00a0popul\u00e1rnym. Na t\u00fato t\u00e9mu vzniklo mnoho \u010dl\u00e1nkov, kn\u00edh, dokumentov i\u00a0komer\u010dn\u00fd ve\u013ekofilm v\u00a0hollywoodskej produkcii. Maysk\u00fd kalend\u00e1r je zlo\u017eit\u00fd mechanizmus, v\u00a0ktorom sa s\u00fabe\u017ene opakuje nieko\u013eko cyklov. Haab predstavoval 365 dn\u00ed, rozdelen\u00fdch do dev\u00e4tn\u00e1stich mesiacov, tzolkin s\u00a0260 d\u0148ami bol posv\u00e4tn\u00fdm kalend\u00e1rom obradn\u00e9ho \u017eivota, \u010di tzv. dlh\u00fd po\u010det, ktor\u00e9ho po\u010diatok sa kladie na 11. august 3114 pr. n. l. Pr\u00e1ve pod\u013ea neho mal v\u00a0roku 2012 skon\u010di\u0165 aktu\u00e1lny, piaty svet. O\u010dak\u00e1vala sa katastrofa. No, mo\u017eno skon\u010dil, len my sme si to nev\u0161imli. A\u00a0tak sa na\u010falej t\u00fdmto kalend\u00e1rom riadia potomkovia jednej z\u00a0najsl\u00e1vnej\u0161\u00edch civiliz\u00e1ci\u00ed v\u00a0Guatemale. Cyklov je v\u00a0mayskom kalend\u00e1ri celkovo dev\u00e4\u0165, pri\u010dom najkrat\u0161\u00ed je kin, \u010do je jeden de\u0148 a\u00a0najdlh\u0161\u00ed alautun, ktor\u00fd trv\u00e1 63 081 429 rokov &#8230; Jeden z\u00a0ostatn\u00fdch z\u00e1sadn\u00fdch vedeck\u00fdch pr\u00edspevkov k\u00a0objasneniu \u017eivota tejto civiliz\u00e1cie predlo\u017eil slovensk\u00fd etnol\u00f3g a\u00a0odborn\u00edk na n\u00e1bo\u017eenstvo a\u00a0kult\u00faru Mayov, prof. Milan Kov\u00e1\u010d z\u00a0bratislavskej Univerzity Komensk\u00e9ho.<\/p>\n<hr \/>\n<h4>\u010c\u00cdNSKY KALEND\u00c1R: 4717<\/h4>\n<p><img loading=\"lazy\" decoding=\"async\" class=\"aligncenter size-full wp-image-1903\" src=\"http:\/\/skalickyobzor.sk\/cms\/wp-content\/uploads\/2019\/01\/cinsky_kalendar.jpg\" alt=\"\" width=\"360\" height=\"354\" srcset=\"http:\/\/skalickyobzor.sk\/cms\/wp-content\/uploads\/2019\/01\/cinsky_kalendar.jpg 360w, http:\/\/skalickyobzor.sk\/cms\/wp-content\/uploads\/2019\/01\/cinsky_kalendar-300x295.jpg 300w\" sizes=\"auto, (max-width: 360px) 100vw, 360px\" \/><\/p>\n<p>Tradi\u010dn\u00fd \u010d\u00ednsky kalend\u00e1r je zn\u00e1my a\u00a0ob\u013e\u00faben\u00fd po celom svete predov\u0161etk\u00fdm pre svoj prepracovan\u00fd syst\u00e9m predpoved\u00ed osudu. V\u00e4\u010d\u0161ina v\u0161ak pozn\u00e1 len cyklus dvan\u00e1stich zvierat, v\u00a0kombin\u00e1cii s\u00a0piatimi prvkami sa oto\u010d\u00ed ka\u017ed\u00fdch \u0161es\u0165desiat rokov. Rok 2019 bude rokom zemsk\u00e9ho prasa\u0165a. Prv\u00e1 zmienka o\u00a0\u010d\u00ednskom kalend\u00e1ri poch\u00e1dza z\u00a0roku 2637 pr. n. l. a\u00a0za jeho rok 0 sa pova\u017euje za\u010diatok vl\u00e1dy \u017dlt\u00e9ho cis\u00e1ra v\u00a0roku 2698 pr. n. l. Teda, aktu\u00e1lnym letopo\u010dtom je rok 4717. St\u00e1le sa pod\u013ea neho riadia sviatky i\u00a0za\u010diatok roka, ktor\u00fd teraz pripadne na 5.\u00a0febru\u00e1r. \u010c\u00ednsky lunisol\u00e1rny kalend\u00e1r sa tradi\u010dne pou\u017e\u00edva okrem samotnej \u010c\u00edny na Taiwane, v\u00a0Japonsku, vo Vietname a\u00a0na K\u00f3rejskom polostrove.<\/p>\n<hr \/>\n<h4>K\u00d3REA: 107 AJ 4352<\/h4>\n<p>Z\u00e1le\u017e\u00ed toti\u017e na tom, \u010di \u017eijete v\u00a0K\u00f3rei severnej alebo ju\u017enej. Na severe K\u013dDR maj\u00fa najni\u017e\u0161\u00ed letopo\u010det na plan\u00e9te. Rok 107 vyjadruje dobu, ktor\u00e1 ubehla od narodenia Kim Ir Sena. De\u0148 jeho narodenia 15. apr\u00edl sa stal D\u0148om Slnka a\u00a0rok narodenia 1912 rokom Juche, teda rokom jedna kalend\u00e1ra \u010du\u010dche, skvel\u00e9ho pr\u00edkladu kultu osobnosti. Toto r\u00e1tanie sa pou\u017e\u00edva v\u0161eobecne vo verejnom \u017eivote a\u00a0dokonca ozna\u010duje rok narodenia v\u00a0rodn\u00fdch listoch obyvate\u013eov. Naproti tomu Ju\u017en\u00e1 K\u00f3rea ct\u00ed trad\u00edcie ako sa patr\u00ed. Pou\u017e\u00edvan\u00fd kalend\u00e1r dangun nesie u\u017e rok 4352. Prv\u00fdm rokom k\u00f3rejsk\u00e9ho letopo\u010dtu je toti\u017e rok 2333 pr. n. l., kedy Tangun zalo\u017eil prv\u00e9 k\u00f3rejsk\u00e9 kr\u00e1\u013eovstvo zvan\u00e9 \u010coson.<\/p>\n<hr \/>\n<h4>EGYPTSK\u00dd KALEND\u00c1R: ?<\/h4>\n<p><img loading=\"lazy\" decoding=\"async\" class=\"aligncenter size-full wp-image-1904\" src=\"http:\/\/skalickyobzor.sk\/cms\/wp-content\/uploads\/2019\/01\/egyptsky_kalendar.jpg\" alt=\"\" width=\"432\" height=\"531\" srcset=\"http:\/\/skalickyobzor.sk\/cms\/wp-content\/uploads\/2019\/01\/egyptsky_kalendar.jpg 432w, http:\/\/skalickyobzor.sk\/cms\/wp-content\/uploads\/2019\/01\/egyptsky_kalendar-244x300.jpg 244w\" sizes=\"auto, (max-width: 432px) 100vw, 432px\" \/><\/p>\n<p>Jeden z\u00a0najstar\u0161\u00edch kalend\u00e1rov sveta vlastne dnes \u017eiadny letopo\u010det nem\u00e1. Prv\u00fd kalend\u00e1r mali Egyp\u0165ania u\u017e pred 5000 rokmi. Tento kalend\u00e1r v\u0161ak nebol kontinu\u00e1lny, ale s\u00a0n\u00e1stupom nov\u00e9ho vl\u00e1dcu sa v\u017edy za\u010dal rokom 1. Tak\u017ee aktu\u00e1lne bol niektor\u00fd rok vl\u00e1dy niektor\u00e9ho fara\u00f3na. Ke\u010f\u017ee v\u0161ak k\u00a0zmene vl\u00e1dcu prich\u00e1dzalo r\u00f4zne v\u00a0priebehu roka, tak posledn\u00fd rok jednej vl\u00e1dy sa s\u00fa\u010dasne ozna\u010doval ako prv\u00fd rok vl\u00e1dy nasledovn\u00edka, \u010do prin\u00e1\u0161a do datovania nepresnosti, ktor\u00e9 tis\u00edcro\u010diami r\u00e1stli. Kalend\u00e1r \u00fazko s\u00favisel s\u00a0kultom Slnka a\u00a0teda s\u00a0bohom Ra. Egyptsk\u00fd rok mal 365 dn\u00ed, rozdelen\u00fdch na 12 mesiacov po tridsiatich d\u0148och, rozdelen\u00fdch na \u201et\u00fd\u017edne\u201c po desiatich d\u0148och. Aby to vych\u00e1dzalo lep\u0161ie, na konci roka sa prip\u00e1jalo p\u00e4\u0165 dn\u00ed sviatkov. V\u00a0s\u00favislosti s\u00a0pr\u00edrodn\u00fdmi a\u00a0p\u00e1smov\u00fdmi podmienkami mali Egyp\u0165ania len tri ro\u010dn\u00e9 obdobia \u2013 z\u00e1plavy, sejbu a\u00a0\u017eatvu.<\/p>\n<hr \/>\n<h4>BUDHISTICK\u00dd KALEND\u00c1R: 2563<\/h4>\n<p>&nbsp;<\/p>\n<p>Aj kalend\u00e1r budhistov je lunisol\u00e1rny, teda sp\u00e1ja princ\u00edp sol\u00e1rneho a\u00a0lun\u00e1rneho kalend\u00e1ra. Podobne ako mnoh\u00e9 tradi\u010dn\u00e9 kalend\u00e1re sa pou\u017e\u00edva u\u017e len pri n\u00e1bo\u017eensk\u00fdch trad\u00edci\u00e1ch a\u00a0sviatkoch a\u00a0to najm\u00e4 v\u00a0juhov\u00fdchodnej \u00c1zii. Len v\u00a0Thajsku je st\u00e1le ofici\u00e1lne pou\u017e\u00edvan\u00fd, aj ke\u010f s\u00a0pre\u010d\u00edslovan\u00edm na gregori\u00e1nsky kalend\u00e1r. Za rok 0 je v\u0161eobecne pova\u017eovan\u00fd rok 544 pr. n. l., kedy Budha dosiahol Parinirv\u00e1nu. Tento \u00fadaj sa v\u0161ak v\u00a0r\u00f4znych budhistick\u00fdch krajin\u00e1ch l\u00ed\u0161i. V\u00a0Tibete osl\u00e1via rok 2146, preto\u017ee tibetsk\u00ed budhisti po\u010d\u00edtaj\u00fa svoj \u010das od zalo\u017eenia tibetsk\u00e9ho kr\u00e1\u013eovstva. Ale nie je to v\u00a0Tibete jedin\u00fd \u0161tartovac\u00ed bod, tak\u017ee sa tu m\u00f4\u017eete stretn\u00fa\u0165 aj s\u00a0rokmi 1765 i\u00a0993. Budhisti v\u00a0Kambod\u017ei, Laose, Barme a\u00a0Thajsku pou\u017e\u00edvaj\u00fa budhistick\u00fd kalend\u00e1r, vych\u00e1dzaj\u00faci z\u00a0roku narodenia Budhu, \u010do bolo okolo roku 563. I\u00a0tu je v\u0161ak ud\u00e1van\u00fdch rokov nieko\u013eko a\u00a0tak sa napr\u00edklad v\u00a0spom\u00ednanom Thajsku p\u00ed\u0161e rok 2562.<\/p>\n<hr \/>\n<h4>HINDUISTI: \u221e<\/h4>\n<p><img loading=\"lazy\" decoding=\"async\" class=\"aligncenter size-full wp-image-1906\" src=\"http:\/\/skalickyobzor.sk\/cms\/wp-content\/uploads\/2019\/01\/hindu_kalendar.jpg\" alt=\"\" width=\"532\" height=\"616\" srcset=\"http:\/\/skalickyobzor.sk\/cms\/wp-content\/uploads\/2019\/01\/hindu_kalendar.jpg 532w, http:\/\/skalickyobzor.sk\/cms\/wp-content\/uploads\/2019\/01\/hindu_kalendar-259x300.jpg 259w\" sizes=\"auto, (max-width: 532px) 100vw, 532px\" \/><\/p>\n<p>Ak sa v\u00e1m pri mayskom kalend\u00e1ri zdalo prehnan\u00e9 zaobera\u0165 sa d\u013a\u017ekou mili\u00f3nov rokov, potom tu sme v\u00a0\u00faplnom absurdne. Jeden de\u0148 stvorite\u013ea Brahmu m\u00e1 osem a\u00a0pol miliardy rokov a\u00a0ne\u017e sa boh rozplynie i\u00a0so v\u0161etk\u00fdm, \u010do stvoril, mus\u00ed tak\u00fdch dn\u00ed pre\u017ei\u0165 36 tis\u00edc. Pod\u013ea toho \u017eijeme tak o\u00a0druhej po poludn\u00ed Brahmovho druh\u00e9ho d\u0148a od vzniku vesm\u00edru, tak\u017ee \u010dasu dos\u0165.<\/p>\n<p>&nbsp;<\/p>\n<hr \/>\n<figure id=\"attachment_1908\" aria-describedby=\"caption-attachment-1908\" style=\"width: 582px\" class=\"wp-caption aligncenter\"><img loading=\"lazy\" decoding=\"async\" class=\"size-full wp-image-1908\" src=\"http:\/\/skalickyobzor.sk\/cms\/wp-content\/uploads\/2019\/01\/domova_pokladnica.jpg\" alt=\"\" width=\"582\" height=\"482\" srcset=\"http:\/\/skalickyobzor.sk\/cms\/wp-content\/uploads\/2019\/01\/domova_pokladnica.jpg 582w, http:\/\/skalickyobzor.sk\/cms\/wp-content\/uploads\/2019\/01\/domova_pokladnica-300x248.jpg 300w\" sizes=\"auto, (max-width: 582px) 100vw, 582px\" \/><figcaption id=\"caption-attachment-1908\" class=\"wp-caption-text\">Foto: Digit\u00e1lna kni\u017enica a digit\u00e1lny arch\u00edv<br \/>Domov\u00e1 pokladnica z roku 1864. Daniel Lichard vyd\u00e1val t\u00fato ro\u010denku ka\u017ed\u00fd rok v Skalici.<\/figcaption><\/figure>\n<h4>JE TO PEKN\u00dd CHAOS, V\u0160AK?<\/h4>\n<p>A\u00a0to nie je ani z\u010faleka v\u0161etko. Syst\u00e9mov merania \u010dasu je na plan\u00e9te ove\u013ea viac, no mnoho z\u00a0nich sa via\u017ee len na mal\u00fa oblas\u0165. Indick\u00fd \u0161t\u00e1tnik Malavija v\u00a0roku 1953 uviedol, \u017ee len v\u00a0Indii existuje 30 r\u00f4znych kalend\u00e1rov a\u00a0je potrebn\u00e9 vyd\u00e1va\u0165 tritis\u00edc stranov\u00fa ro\u010denku kv\u00f4li vz\u00e1jomn\u00fdm prepo\u010dtom. \u017dijeme na jednej plan\u00e9te, m\u00e1me v\u0161etci rovnako dlh\u00fd de\u0148 a\u00a0v\u0161etci pre\u017eijeme rovnako dlh\u00fd \u010das, k\u00fdm sa Zem vr\u00e1ti zase na rovnak\u00e9 miesto svojej dr\u00e1hy. V\u0161etci s\u00a0t\u00fdm s\u00fahlas\u00edme a\u00a0predsa to vid\u00edme na r\u00f4znych miestach plan\u00e9ty z\u00a0r\u00f4znych d\u00f4vodov inak. Ako m\u00f4\u017eeme o\u010dak\u00e1va\u0165, \u017ee sa zhodneme na rie\u0161en\u00ed vz\u0165ahov a\u00a0rozdielnost\u00ed, ktor\u00e9 nie je ani mo\u017en\u00e9 tak jasne mera\u0165?<\/p>\n","protected":false},"excerpt":{"rendered":"<div class=\"mh-excerpt\"><p>\u0160\u0165astn\u00fd nov\u00fd rok! Nie v\u0161ade po svete znie 1. janu\u00e1ra toto \u017eelanie. A\u00a0pri \u017eelan\u00ed v\u0161etk\u00e9ho dobr\u00e9ho je \u010dasto v\u00a0kalend\u00e1ri \u00faplne in\u00e1 \u010d\u00edslovka. Po zalo\u017een\u00ed OSN v\u00a0roku 1945 vznikla potreba vytvori\u0165 a\u00a0zavies\u0165 jednotn\u00fd svetov\u00fd kalend\u00e1r. V\u00e1\u017ene <a class=\"mh-excerpt-more\" href=\"http:\/\/skalickyobzor.sk\/cms\/stastny-rok-ale-kolky\/\" title=\"\u0160\u0165astn\u00fd rok &#8211; ale ko\u013ek\u00fd?\">[&#8230;]<\/a><\/p>\n<\/div>","protected":false},"author":15,"featured_media":1896,"comment_status":"closed","ping_status":"closed","sticky":false,"template":"","format":"standard","meta":{"footnotes":""},"categories":[2],"tags":[],"class_list":{"0":"post-1895","1":"post","2":"type-post","3":"status-publish","4":"format-standard","5":"has-post-thumbnail","7":"category-hlavna-tema"},"_links":{"self":[{"href":"http:\/\/skalickyobzor.sk\/cms\/wp-json\/wp\/v2\/posts\/1895","targetHints":{"allow":["GET"]}}],"collection":[{"href":"http:\/\/skalickyobzor.sk\/cms\/wp-json\/wp\/v2\/posts"}],"about":[{"href":"http:\/\/skalickyobzor.sk\/cms\/wp-json\/wp\/v2\/types\/post"}],"author":[{"embeddable":true,"href":"http:\/\/skalickyobzor.sk\/cms\/wp-json\/wp\/v2\/users\/15"}],"replies":[{"embeddable":true,"href":"http:\/\/skalickyobzor.sk\/cms\/wp-json\/wp\/v2\/comments?post=1895"}],"version-history":[{"count":5,"href":"http:\/\/skalickyobzor.sk\/cms\/wp-json\/wp\/v2\/posts\/1895\/revisions"}],"predecessor-version":[{"id":5729,"href":"http:\/\/skalickyobzor.sk\/cms\/wp-json\/wp\/v2\/posts\/1895\/revisions\/5729"}],"wp:featuredmedia":[{"embeddable":true,"href":"http:\/\/skalickyobzor.sk\/cms\/wp-json\/wp\/v2\/media\/1896"}],"wp:attachment":[{"href":"http:\/\/skalickyobzor.sk\/cms\/wp-json\/wp\/v2\/media?parent=1895"}],"wp:term":[{"taxonomy":"category","embeddable":true,"href":"http:\/\/skalickyobzor.sk\/cms\/wp-json\/wp\/v2\/categories?post=1895"},{"taxonomy":"post_tag","embeddable":true,"href":"http:\/\/skalickyobzor.sk\/cms\/wp-json\/wp\/v2\/tags?post=1895"}],"curies":[{"name":"wp","href":"https:\/\/api.w.org\/{rel}","templated":true}]}}