{"id":191,"date":"2017-10-05T19:27:33","date_gmt":"2017-10-05T17:27:33","guid":{"rendered":"http:\/\/skalickyobzor.sk\/cms\/?p=191"},"modified":"2017-11-13T19:58:48","modified_gmt":"2017-11-13T18:58:48","slug":"kaleidoskop-2","status":"publish","type":"post","link":"http:\/\/skalickyobzor.sk\/cms\/kaleidoskop-2\/","title":{"rendered":"Kaleidoskop"},"content":{"rendered":"<p>Rubrika Kaleidoskop je priestorom op\u00e4\u0165 pre v\u00e1s, no tentokr\u00e1t pre va\u0161e fotografie a vide\u00e1, cez ktor\u00e9 sa s nami podel\u00edte o v\u00e1\u0161 poh\u013ead na momenty a udalosti v meste, ktor\u00e9 v\u00e1s zaujali.<\/p>\n<p><!--more--><\/p>\n<p>Prekvapuje v\u00e1s, \u017ee vide\u00e1 v novin\u00e1ch? \u00c1no \u2013 sta\u010d\u00ed n\u00e1m zasla\u0165 link s videom, alebo video samotn\u00e9 a my vytvor\u00edme QR k\u00f3d, ktor\u00fd do fotografie umiestnime.<\/p>\n<p>Ver\u00edme, \u017ee mlad\u0161ie gener\u00e1cie radi pom\u00f4\u017eu star\u0161\u00edm s t\u00fdmto technick\u00fdm v\u00fdmyslom. Star\u0161\u00edch ob\u010danov popros\u00edme, aby oslovili deti a vnukov, ktor\u00ed ur\u010dite maj\u00fa v mobiloch \u201eappku\u201c cez ktor\u00fa v\u00e1m video pustia na telef\u00f3ne. Tak\u017ee ved\u013eaj\u0161\u00edm produktom na\u0161ej rubriky, okrem poh\u013eadu na udalosti v meste, bude, \u017ee QR k\u00f3d prepoj\u00ed gener\u00e1cie v rodine a z\u00e1rove\u0148 prispeje k vzdelaniu star\u0161\u00edch gener\u00e1ci\u00ed.<\/p>\n<p>&nbsp;<\/p>\n<figure id=\"attachment_192\" aria-describedby=\"caption-attachment-192\" style=\"width: 1063px\" class=\"wp-caption aligncenter\"><img loading=\"lazy\" decoding=\"async\" class=\"size-full wp-image-192\" src=\"http:\/\/skalickyobzor.sk\/cms\/wp-content\/uploads\/2017\/11\/kaleidoskop11.png\" alt=\"\" width=\"1063\" height=\"709\" srcset=\"http:\/\/skalickyobzor.sk\/cms\/wp-content\/uploads\/2017\/11\/kaleidoskop11.png 1063w, http:\/\/skalickyobzor.sk\/cms\/wp-content\/uploads\/2017\/11\/kaleidoskop11-300x200.png 300w, http:\/\/skalickyobzor.sk\/cms\/wp-content\/uploads\/2017\/11\/kaleidoskop11-768x512.png 768w, http:\/\/skalickyobzor.sk\/cms\/wp-content\/uploads\/2017\/11\/kaleidoskop11-1024x683.png 1024w\" sizes=\"auto, (max-width: 1063px) 100vw, 1063px\" \/><figcaption id=\"caption-attachment-192\" class=\"wp-caption-text\">SKALI\u010cAN koncert v oblakoch<br \/>| 13. 9. 2017<br \/>Foto: Samuel Timko<\/figcaption><\/figure>\n<p>&nbsp;<\/p>\n<figure id=\"attachment_193\" aria-describedby=\"caption-attachment-193\" style=\"width: 1063px\" class=\"wp-caption aligncenter\"><img loading=\"lazy\" decoding=\"async\" class=\"size-full wp-image-193\" src=\"http:\/\/skalickyobzor.sk\/cms\/wp-content\/uploads\/2017\/11\/kaleidoskop10.png\" alt=\"\" width=\"1063\" height=\"709\" srcset=\"http:\/\/skalickyobzor.sk\/cms\/wp-content\/uploads\/2017\/11\/kaleidoskop10.png 1063w, http:\/\/skalickyobzor.sk\/cms\/wp-content\/uploads\/2017\/11\/kaleidoskop10-300x200.png 300w, http:\/\/skalickyobzor.sk\/cms\/wp-content\/uploads\/2017\/11\/kaleidoskop10-768x512.png 768w, http:\/\/skalickyobzor.sk\/cms\/wp-content\/uploads\/2017\/11\/kaleidoskop10-1024x683.png 1024w\" sizes=\"auto, (max-width: 1063px) 100vw, 1063px\" \/><figcaption id=\"caption-attachment-193\" class=\"wp-caption-text\">FUTBALISTI SKALICE zo z\u00e1pasu s Bardejovom (1:0)<br \/>| 16. 9. 2017<\/figcaption><\/figure>\n<p>&nbsp;<\/p>\n<figure id=\"attachment_200\" aria-describedby=\"caption-attachment-200\" style=\"width: 1063px\" class=\"wp-caption aligncenter\"><img loading=\"lazy\" decoding=\"async\" class=\"size-full wp-image-200\" src=\"http:\/\/skalickyobzor.sk\/cms\/wp-content\/uploads\/2017\/11\/kaleidoskop3.png\" alt=\"\" width=\"1063\" height=\"709\" srcset=\"http:\/\/skalickyobzor.sk\/cms\/wp-content\/uploads\/2017\/11\/kaleidoskop3.png 1063w, http:\/\/skalickyobzor.sk\/cms\/wp-content\/uploads\/2017\/11\/kaleidoskop3-300x200.png 300w, http:\/\/skalickyobzor.sk\/cms\/wp-content\/uploads\/2017\/11\/kaleidoskop3-768x512.png 768w, http:\/\/skalickyobzor.sk\/cms\/wp-content\/uploads\/2017\/11\/kaleidoskop3-1024x683.png 1024w\" sizes=\"auto, (max-width: 1063px) 100vw, 1063px\" \/><figcaption id=\"caption-attachment-200\" class=\"wp-caption-text\">ODOVZD\u00c1VANIE CENY<br \/>Cena mesta Skalica a Cena prim\u00e1tora mesta Skalica <br \/>| 22. 9. 2017<\/figcaption><\/figure>\n<p>&nbsp;<\/p>\n<p>&nbsp;<\/p>\n<figure id=\"attachment_199\" aria-describedby=\"caption-attachment-199\" style=\"width: 1063px\" class=\"wp-caption aligncenter\"><img loading=\"lazy\" decoding=\"async\" class=\"size-full wp-image-199\" src=\"http:\/\/skalickyobzor.sk\/cms\/wp-content\/uploads\/2017\/11\/kaleidoskop4.png\" alt=\"\" width=\"1063\" height=\"709\" srcset=\"http:\/\/skalickyobzor.sk\/cms\/wp-content\/uploads\/2017\/11\/kaleidoskop4.png 1063w, http:\/\/skalickyobzor.sk\/cms\/wp-content\/uploads\/2017\/11\/kaleidoskop4-300x200.png 300w, http:\/\/skalickyobzor.sk\/cms\/wp-content\/uploads\/2017\/11\/kaleidoskop4-768x512.png 768w, http:\/\/skalickyobzor.sk\/cms\/wp-content\/uploads\/2017\/11\/kaleidoskop4-1024x683.png 1024w\" sizes=\"auto, (max-width: 1063px) 100vw, 1063px\" \/><figcaption id=\"caption-attachment-199\" class=\"wp-caption-text\">PRV\u00dd RO\u010cN\u00cdK festivalu kr\u00e1\u013eovsk\u00fdch v\u00edn<br \/>| 1. 9. 2017<\/figcaption><\/figure>\n<p>&nbsp;<\/p>\n<figure id=\"attachment_197\" aria-describedby=\"caption-attachment-197\" style=\"width: 1063px\" class=\"wp-caption aligncenter\"><img loading=\"lazy\" decoding=\"async\" class=\"size-full wp-image-197\" src=\"http:\/\/skalickyobzor.sk\/cms\/wp-content\/uploads\/2017\/11\/kaleidoskop6.png\" alt=\"\" width=\"1063\" height=\"709\" srcset=\"http:\/\/skalickyobzor.sk\/cms\/wp-content\/uploads\/2017\/11\/kaleidoskop6.png 1063w, http:\/\/skalickyobzor.sk\/cms\/wp-content\/uploads\/2017\/11\/kaleidoskop6-300x200.png 300w, http:\/\/skalickyobzor.sk\/cms\/wp-content\/uploads\/2017\/11\/kaleidoskop6-768x512.png 768w, http:\/\/skalickyobzor.sk\/cms\/wp-content\/uploads\/2017\/11\/kaleidoskop6-1024x683.png 1024w\" sizes=\"auto, (max-width: 1063px) 100vw, 1063px\" \/><figcaption id=\"caption-attachment-197\" class=\"wp-caption-text\">SL\u00c1VNOSTN\u00c9 OTVORENIE expoz\u00edcie kn\u00edhtla\u010diarne<br \/>| 23. 9. 2017<\/figcaption><\/figure>\n<p>&nbsp;<\/p>\n<figure id=\"attachment_196\" aria-describedby=\"caption-attachment-196\" style=\"width: 1063px\" class=\"wp-caption aligncenter\"><img loading=\"lazy\" decoding=\"async\" class=\"size-mhmagazinelitecontent wp-image-196\" src=\"http:\/\/skalickyobzor.sk\/cms\/wp-content\/uploads\/2017\/11\/kaleidoskop7.png\" alt=\"\" width=\"1063\" height=\"709\" srcset=\"http:\/\/skalickyobzor.sk\/cms\/wp-content\/uploads\/2017\/11\/kaleidoskop7.png 1063w, http:\/\/skalickyobzor.sk\/cms\/wp-content\/uploads\/2017\/11\/kaleidoskop7-300x200.png 300w, http:\/\/skalickyobzor.sk\/cms\/wp-content\/uploads\/2017\/11\/kaleidoskop7-768x512.png 768w, http:\/\/skalickyobzor.sk\/cms\/wp-content\/uploads\/2017\/11\/kaleidoskop7-1024x683.png 1024w\" sizes=\"auto, (max-width: 1063px) 100vw, 1063px\" \/><figcaption id=\"caption-attachment-196\" class=\"wp-caption-text\">HOKEJOV\u00dd Z\u00c1PAS HK Skalica \u2013 HK \u030195 Pova\u017esk\u00e1 Bystrica (8:2)<br \/>| 20. 9. 2017<\/figcaption><\/figure>\n<p>&nbsp;<\/p>\n<figure id=\"attachment_195\" aria-describedby=\"caption-attachment-195\" style=\"width: 1063px\" class=\"wp-caption aligncenter\"><img loading=\"lazy\" decoding=\"async\" class=\"size-mhmagazinelitecontent wp-image-195\" src=\"http:\/\/skalickyobzor.sk\/cms\/wp-content\/uploads\/2017\/11\/kaleidoskop8.png\" alt=\"\" width=\"1063\" height=\"709\" srcset=\"http:\/\/skalickyobzor.sk\/cms\/wp-content\/uploads\/2017\/11\/kaleidoskop8.png 1063w, http:\/\/skalickyobzor.sk\/cms\/wp-content\/uploads\/2017\/11\/kaleidoskop8-300x200.png 300w, http:\/\/skalickyobzor.sk\/cms\/wp-content\/uploads\/2017\/11\/kaleidoskop8-768x512.png 768w, http:\/\/skalickyobzor.sk\/cms\/wp-content\/uploads\/2017\/11\/kaleidoskop8-1024x683.png 1024w\" sizes=\"auto, (max-width: 1063px) 100vw, 1063px\" \/><figcaption id=\"caption-attachment-195\" class=\"wp-caption-text\">OPRAVA STRECHY ROTUNDY <br \/>| 8.9.2017<\/figcaption><\/figure>\n<p>&nbsp;<\/p>\n<figure id=\"attachment_204\" aria-describedby=\"caption-attachment-204\" style=\"width: 1063px\" class=\"wp-caption aligncenter\"><img loading=\"lazy\" decoding=\"async\" class=\"size-mhmagazinelitecontent wp-image-204\" src=\"http:\/\/skalickyobzor.sk\/cms\/wp-content\/uploads\/2017\/11\/tlaciaren5-1.png\" alt=\"\" width=\"1063\" height=\"709\" srcset=\"http:\/\/skalickyobzor.sk\/cms\/wp-content\/uploads\/2017\/11\/tlaciaren5-1.png 1063w, http:\/\/skalickyobzor.sk\/cms\/wp-content\/uploads\/2017\/11\/tlaciaren5-1-300x200.png 300w, http:\/\/skalickyobzor.sk\/cms\/wp-content\/uploads\/2017\/11\/tlaciaren5-1-768x512.png 768w, http:\/\/skalickyobzor.sk\/cms\/wp-content\/uploads\/2017\/11\/tlaciaren5-1-1024x683.png 1024w\" sizes=\"auto, (max-width: 1063px) 100vw, 1063px\" \/><figcaption id=\"caption-attachment-204\" class=\"wp-caption-text\">EUR\u00d3PSKY T\u00dd\u017dDE\u0147 MOBILITY &#8211; beh<br \/>| 18. 9. 2017<\/figcaption><\/figure>\n<p>&nbsp;<\/p>\n<figure id=\"attachment_203\" aria-describedby=\"caption-attachment-203\" style=\"width: 1063px\" class=\"wp-caption aligncenter\"><img loading=\"lazy\" decoding=\"async\" class=\"size-mhmagazinelitecontent wp-image-203\" src=\"http:\/\/skalickyobzor.sk\/cms\/wp-content\/uploads\/2017\/11\/kaleidoskop9.png\" alt=\"\" width=\"1063\" height=\"709\" srcset=\"http:\/\/skalickyobzor.sk\/cms\/wp-content\/uploads\/2017\/11\/kaleidoskop9.png 1063w, http:\/\/skalickyobzor.sk\/cms\/wp-content\/uploads\/2017\/11\/kaleidoskop9-300x200.png 300w, http:\/\/skalickyobzor.sk\/cms\/wp-content\/uploads\/2017\/11\/kaleidoskop9-768x512.png 768w, http:\/\/skalickyobzor.sk\/cms\/wp-content\/uploads\/2017\/11\/kaleidoskop9-1024x683.png 1024w\" sizes=\"auto, (max-width: 1063px) 100vw, 1063px\" \/><figcaption id=\"caption-attachment-203\" class=\"wp-caption-text\">GYMN\u00c1ZIUM F. V. SASINKA otvorenie \u0161kolsk\u00e9ho roku v jezuitskom kostole<br \/>| 4. 9. 2017<\/figcaption><\/figure>\n<p>&nbsp;<\/p>\n<figure id=\"attachment_202\" aria-describedby=\"caption-attachment-202\" style=\"width: 1063px\" class=\"wp-caption aligncenter\"><img loading=\"lazy\" decoding=\"async\" class=\"size-mhmagazinelitecontent wp-image-202\" src=\"http:\/\/skalickyobzor.sk\/cms\/wp-content\/uploads\/2017\/11\/kaleidoskop1.jpg\" alt=\"\" width=\"1063\" height=\"709\" srcset=\"http:\/\/skalickyobzor.sk\/cms\/wp-content\/uploads\/2017\/11\/kaleidoskop1.jpg 1063w, http:\/\/skalickyobzor.sk\/cms\/wp-content\/uploads\/2017\/11\/kaleidoskop1-300x200.jpg 300w, http:\/\/skalickyobzor.sk\/cms\/wp-content\/uploads\/2017\/11\/kaleidoskop1-768x512.jpg 768w, http:\/\/skalickyobzor.sk\/cms\/wp-content\/uploads\/2017\/11\/kaleidoskop1-1024x683.jpg 1024w\" sizes=\"auto, (max-width: 1063px) 100vw, 1063px\" \/><figcaption id=\"caption-attachment-202\" class=\"wp-caption-text\">ODBORN\u00dd SEMIN\u00c1R SKALICA 1217 &#8211; 2017 pri pr\u00edle\u017eitosti 800 v\u00fdro\u010dia prvej p\u00edsomnej zmienky o Skalici <br \/>| 21.9.2017<\/figcaption><\/figure>\n<p>&nbsp;<\/p>\n<figure id=\"attachment_201\" aria-describedby=\"caption-attachment-201\" style=\"width: 1063px\" class=\"wp-caption aligncenter\"><img loading=\"lazy\" decoding=\"async\" class=\"size-mhmagazinelitecontent wp-image-201\" src=\"http:\/\/skalickyobzor.sk\/cms\/wp-content\/uploads\/2017\/11\/kaleidoskop2.png\" alt=\"\" width=\"1063\" height=\"709\" srcset=\"http:\/\/skalickyobzor.sk\/cms\/wp-content\/uploads\/2017\/11\/kaleidoskop2.png 1063w, http:\/\/skalickyobzor.sk\/cms\/wp-content\/uploads\/2017\/11\/kaleidoskop2-300x200.png 300w, http:\/\/skalickyobzor.sk\/cms\/wp-content\/uploads\/2017\/11\/kaleidoskop2-768x512.png 768w, http:\/\/skalickyobzor.sk\/cms\/wp-content\/uploads\/2017\/11\/kaleidoskop2-1024x683.png 1024w\" sizes=\"auto, (max-width: 1063px) 100vw, 1063px\" \/><figcaption id=\"caption-attachment-201\" class=\"wp-caption-text\">HK SKALICA &#8211; z\u00e1bavn\u00e9 podujatie pre fan\u00fa\u0161ikov pred novou sez\u00f3nou. <br \/>| 9.9.2017<\/figcaption><\/figure>\n<p>&nbsp;<\/p>\n<p><img loading=\"lazy\" decoding=\"async\" class=\"aligncenter size-full wp-image-205\" src=\"http:\/\/skalickyobzor.sk\/cms\/wp-content\/uploads\/2017\/11\/skalican_qr.png\" alt=\"\" width=\"264\" height=\"264\" srcset=\"http:\/\/skalickyobzor.sk\/cms\/wp-content\/uploads\/2017\/11\/skalican_qr.png 264w, http:\/\/skalickyobzor.sk\/cms\/wp-content\/uploads\/2017\/11\/skalican_qr-150x150.png 150w\" sizes=\"auto, (max-width: 264px) 100vw, 264px\" \/><\/p>\n<p>&nbsp;<\/p>\n<p>&nbsp;<\/p>\n","protected":false},"excerpt":{"rendered":"<div class=\"mh-excerpt\"><p>Rubrika Kaleidoskop je priestorom op\u00e4\u0165 pre v\u00e1s, no tentokr\u00e1t pre va\u0161e fotografie a vide\u00e1, cez ktor\u00e9 sa s nami podel\u00edte o v\u00e1\u0161 poh\u013ead na momenty a udalosti v meste, ktor\u00e9 v\u00e1s zaujali.<\/p>\n<\/div>","protected":false},"author":1,"featured_media":192,"comment_status":"closed","ping_status":"closed","sticky":false,"template":"","format":"standard","meta":{"footnotes":""},"categories":[6],"tags":[],"class_list":{"0":"post-191","1":"post","2":"type-post","3":"status-publish","4":"format-standard","5":"has-post-thumbnail","7":"category-kaleidoskop"},"_links":{"self":[{"href":"http:\/\/skalickyobzor.sk\/cms\/wp-json\/wp\/v2\/posts\/191","targetHints":{"allow":["GET"]}}],"collection":[{"href":"http:\/\/skalickyobzor.sk\/cms\/wp-json\/wp\/v2\/posts"}],"about":[{"href":"http:\/\/skalickyobzor.sk\/cms\/wp-json\/wp\/v2\/types\/post"}],"author":[{"embeddable":true,"href":"http:\/\/skalickyobzor.sk\/cms\/wp-json\/wp\/v2\/users\/1"}],"replies":[{"embeddable":true,"href":"http:\/\/skalickyobzor.sk\/cms\/wp-json\/wp\/v2\/comments?post=191"}],"version-history":[{"count":5,"href":"http:\/\/skalickyobzor.sk\/cms\/wp-json\/wp\/v2\/posts\/191\/revisions"}],"predecessor-version":[{"id":212,"href":"http:\/\/skalickyobzor.sk\/cms\/wp-json\/wp\/v2\/posts\/191\/revisions\/212"}],"wp:featuredmedia":[{"embeddable":true,"href":"http:\/\/skalickyobzor.sk\/cms\/wp-json\/wp\/v2\/media\/192"}],"wp:attachment":[{"href":"http:\/\/skalickyobzor.sk\/cms\/wp-json\/wp\/v2\/media?parent=191"}],"wp:term":[{"taxonomy":"category","embeddable":true,"href":"http:\/\/skalickyobzor.sk\/cms\/wp-json\/wp\/v2\/categories?post=191"},{"taxonomy":"post_tag","embeddable":true,"href":"http:\/\/skalickyobzor.sk\/cms\/wp-json\/wp\/v2\/tags?post=191"}],"curies":[{"name":"wp","href":"https:\/\/api.w.org\/{rel}","templated":true}]}}