{"id":1912,"date":"2019-02-12T12:01:07","date_gmt":"2019-02-12T11:01:07","guid":{"rendered":"http:\/\/skalickyobzor.sk\/cms\/?p=1912"},"modified":"2019-02-12T12:59:10","modified_gmt":"2019-02-12T11:59:10","slug":"obzor-zo-dna-5-feb-1864","status":"publish","type":"post","link":"http:\/\/skalickyobzor.sk\/cms\/obzor-zo-dna-5-feb-1864\/","title":{"rendered":"Obzor zo d\u0148a 5. feb. 1864"},"content":{"rendered":"<h4>St\u00e1le sa nie\u010do deje<\/h4>\n<p>Vo febru\u00e1ri 1864, kedy vy\u0161lo historick\u00e9 \u010d\u00edslo Obzoru, z\u00a0ktor\u00e9ho sme v\u00e1m dnes vybrali \u201enov\u00e9 spr\u00e1vy\u201c, to nebolo inak. Hne\u010f 1. febru\u00e1ra vst\u00fapilo 57 tis\u00edc rak\u00faskych (teda, vtedy na\u0161ich) a\u00a0prusk\u00fdch vojakov do \u0160lesvicka a\u00a0za\u010dala D\u00e1nsko-nemeck\u00e1 vojna. Sedemn\u00e1steho v\u00a0severoamerickej ob\u010dianskej vojne potopila konfedera\u010dn\u00e1 ponorka (!) HL Hunley unionistick\u00fa lo\u010f Union Housatonic a\u00a0v\u00a0ten ist\u00fd de\u0148 sa na Slovensku v\u00a0Tajove narodil mal\u00fd Jo\u017eko Murga\u0161, ktor\u00fd nesk\u00f4r uskuto\u010dnil prv\u00fd r\u00e1diov\u00fd prenos v\u00a0hist\u00f3rii, stal sa dr\u017eite\u013eom mnoh\u00fdch patentov a\u00a0p\u00fdchou na\u0161ej vedy.<\/p>\n<hr \/>\n<p><img loading=\"lazy\" decoding=\"async\" class=\"aligncenter size-full wp-image-1913\" src=\"http:\/\/skalickyobzor.sk\/cms\/wp-content\/uploads\/2019\/02\/obzor5-2-1864_1.jpg\" alt=\"\" width=\"664\" height=\"183\" srcset=\"http:\/\/skalickyobzor.sk\/cms\/wp-content\/uploads\/2019\/02\/obzor5-2-1864_1.jpg 664w, http:\/\/skalickyobzor.sk\/cms\/wp-content\/uploads\/2019\/02\/obzor5-2-1864_1-300x83.jpg 300w\" sizes=\"auto, (max-width: 664px) 100vw, 664px\" \/><\/p>\n<hr \/>\n<p><img loading=\"lazy\" decoding=\"async\" class=\"aligncenter size-full wp-image-1914\" src=\"http:\/\/skalickyobzor.sk\/cms\/wp-content\/uploads\/2019\/02\/obzor5-2-1864_2.jpg\" alt=\"\" width=\"554\" height=\"326\" srcset=\"http:\/\/skalickyobzor.sk\/cms\/wp-content\/uploads\/2019\/02\/obzor5-2-1864_2.jpg 554w, http:\/\/skalickyobzor.sk\/cms\/wp-content\/uploads\/2019\/02\/obzor5-2-1864_2-300x177.jpg 300w\" sizes=\"auto, (max-width: 554px) 100vw, 554px\" \/><\/p>\n<hr \/>\n<p><img loading=\"lazy\" decoding=\"async\" class=\"aligncenter size-mhmagazinecontent wp-image-1915\" src=\"http:\/\/skalickyobzor.sk\/cms\/wp-content\/uploads\/2019\/02\/obzor5-2-1864_3.jpg\" alt=\"\" width=\"556\" height=\"454\" srcset=\"http:\/\/skalickyobzor.sk\/cms\/wp-content\/uploads\/2019\/02\/obzor5-2-1864_3.jpg 556w, http:\/\/skalickyobzor.sk\/cms\/wp-content\/uploads\/2019\/02\/obzor5-2-1864_3-300x245.jpg 300w\" sizes=\"auto, (max-width: 556px) 100vw, 556px\" \/><\/p>\n<hr \/>\n<p><img loading=\"lazy\" decoding=\"async\" class=\"aligncenter size-mhmagazinecontent wp-image-1916\" src=\"http:\/\/skalickyobzor.sk\/cms\/wp-content\/uploads\/2019\/02\/obzor5-2-1864_4.jpg\" alt=\"\" width=\"682\" height=\"126\" srcset=\"http:\/\/skalickyobzor.sk\/cms\/wp-content\/uploads\/2019\/02\/obzor5-2-1864_4.jpg 682w, http:\/\/skalickyobzor.sk\/cms\/wp-content\/uploads\/2019\/02\/obzor5-2-1864_4-300x55.jpg 300w, http:\/\/skalickyobzor.sk\/cms\/wp-content\/uploads\/2019\/02\/obzor5-2-1864_4-678x126.jpg 678w\" sizes=\"auto, (max-width: 682px) 100vw, 682px\" \/><\/p>\n<p>Wo walnom seden\u00ed ma\u010farskej u\u010denej akademie, po tieto dni w Pe\u0161ti odb\u00fdwanom ozn\u00e1meno, \u017ee doktor Jozef R\u00f3zsay bol za spolu\u010dlena odboru pr\u00edrodowedn\u00e9ho wywolen\u00fd; prw\u00fd to \u017eid, ktor\u00fd sa stal \u010dlenom akademie ma\u010farskej.<\/p>\n<hr \/>\n<p><img loading=\"lazy\" decoding=\"async\" class=\"aligncenter size-full wp-image-1917\" src=\"http:\/\/skalickyobzor.sk\/cms\/wp-content\/uploads\/2019\/02\/obzor5-2-1864.jpg\" alt=\"\" width=\"524\" height=\"674\" srcset=\"http:\/\/skalickyobzor.sk\/cms\/wp-content\/uploads\/2019\/02\/obzor5-2-1864.jpg 524w, http:\/\/skalickyobzor.sk\/cms\/wp-content\/uploads\/2019\/02\/obzor5-2-1864-233x300.jpg 233w\" sizes=\"auto, (max-width: 524px) 100vw, 524px\" \/><\/p>\n","protected":false},"excerpt":{"rendered":"<div class=\"mh-excerpt\"><p>St\u00e1le sa nie\u010do deje Vo febru\u00e1ri 1864, kedy vy\u0161lo historick\u00e9 \u010d\u00edslo Obzoru, z\u00a0ktor\u00e9ho sme v\u00e1m dnes vybrali \u201enov\u00e9 spr\u00e1vy\u201c, to nebolo inak. Hne\u010f 1. febru\u00e1ra vst\u00fapilo 57 tis\u00edc rak\u00faskych (teda, vtedy na\u0161ich) a\u00a0prusk\u00fdch vojakov do <a class=\"mh-excerpt-more\" href=\"http:\/\/skalickyobzor.sk\/cms\/obzor-zo-dna-5-feb-1864\/\" title=\"Obzor zo d\u0148a 5. feb. 1864\">[&#8230;]<\/a><\/p>\n<\/div>","protected":false},"author":1,"featured_media":17,"comment_status":"closed","ping_status":"closed","sticky":false,"template":"","format":"standard","meta":{"footnotes":""},"categories":[17],"tags":[],"class_list":{"0":"post-1912","1":"post","2":"type-post","3":"status-publish","4":"format-standard","5":"has-post-thumbnail","7":"category-zo-starych-obzorov"},"_links":{"self":[{"href":"http:\/\/skalickyobzor.sk\/cms\/wp-json\/wp\/v2\/posts\/1912","targetHints":{"allow":["GET"]}}],"collection":[{"href":"http:\/\/skalickyobzor.sk\/cms\/wp-json\/wp\/v2\/posts"}],"about":[{"href":"http:\/\/skalickyobzor.sk\/cms\/wp-json\/wp\/v2\/types\/post"}],"author":[{"embeddable":true,"href":"http:\/\/skalickyobzor.sk\/cms\/wp-json\/wp\/v2\/users\/1"}],"replies":[{"embeddable":true,"href":"http:\/\/skalickyobzor.sk\/cms\/wp-json\/wp\/v2\/comments?post=1912"}],"version-history":[{"count":1,"href":"http:\/\/skalickyobzor.sk\/cms\/wp-json\/wp\/v2\/posts\/1912\/revisions"}],"predecessor-version":[{"id":1918,"href":"http:\/\/skalickyobzor.sk\/cms\/wp-json\/wp\/v2\/posts\/1912\/revisions\/1918"}],"wp:featuredmedia":[{"embeddable":true,"href":"http:\/\/skalickyobzor.sk\/cms\/wp-json\/wp\/v2\/media\/17"}],"wp:attachment":[{"href":"http:\/\/skalickyobzor.sk\/cms\/wp-json\/wp\/v2\/media?parent=1912"}],"wp:term":[{"taxonomy":"category","embeddable":true,"href":"http:\/\/skalickyobzor.sk\/cms\/wp-json\/wp\/v2\/categories?post=1912"},{"taxonomy":"post_tag","embeddable":true,"href":"http:\/\/skalickyobzor.sk\/cms\/wp-json\/wp\/v2\/tags?post=1912"}],"curies":[{"name":"wp","href":"https:\/\/api.w.org\/{rel}","templated":true}]}}