{"id":1924,"date":"2019-02-12T12:07:54","date_gmt":"2019-02-12T11:07:54","guid":{"rendered":"http:\/\/skalickyobzor.sk\/cms\/?p=1924"},"modified":"2025-01-30T23:57:24","modified_gmt":"2025-01-30T22:57:24","slug":"pribehy-z-pamatnika-4","status":"publish","type":"post","link":"http:\/\/skalickyobzor.sk\/cms\/pribehy-z-pamatnika-4\/","title":{"rendered":"Pr\u00edbehy z pam\u00e4tn\u00edka 1.svetovej vojny &#8211; J\u00e1n \u010cmel"},"content":{"rendered":"<p>Dne\u0161n\u00e9 meno z\u00a0pam\u00e4tn\u00edka vojakov, ktor\u00ed padli v\u00a01. svetovej vojne, le\u017e\u00ed v\u00a0siedmom riadku prvej tabule. Tam je nap\u00edsan\u00e9: \u010cmel J\u00e1n. Medzi z\u00e1zrakom osta\u0165 v\u00a0pam\u00e4ti \u010fal\u0161\u00edch gener\u00e1ci\u00ed a\u00a0upadnut\u00edm do zabudnutia je ve\u013emi tenk\u00e1 hranica. Niekedy to m\u00f4\u017ee by\u0165 len meno, nieko\u013eko fotografi\u00ed a\u00a0mo\u017eno si niekto pam\u00e4t\u00e1, kde v\u00a0spleti rodokme\u0148a v\u00e1\u0161ho rodu bolo va\u0161e miesto. V\u00a0\u010dasoch, o\u00a0ktor\u00fdch hovor\u00edme bolo ve\u013emi pravdepodobn\u00e9, \u017ee viac po \u010dloveku ani neostalo. Dne\u0161n\u00fd pr\u00edbeh sa pok\u00fasime o\u017eivi\u0165 v\u010faka man\u017eelom \u0160ulkovcom.<\/p>\n<hr \/>\n<h3><\/h3>\n<h3>J\u00e1n \u010cmel<\/h3>\n<p>J\u00e1n \u010cmel bol tret\u00edm zo \u0161iestich det\u00ed Jozefa \u010cmela (nar. 1861) a\u00a0M\u00e1rie, rodenej Jurkasovej (nar. 1862). B\u00fdvali v\u00a0dome \u010d. 30 na Str\u00e1\u017enickej ulici, ktor\u00fd m\u00e1 dodnes p\u00f4vodn\u00fa podobu. J\u00e1n sa narodil v\u00a0roku 1890 a\u00a0pred n\u00edm pri\u0161li na svet Jozef (1886) a\u00a0Anna (1889), mlad\u0161\u00ed s\u00farodenci boli Mary\u0161a (1895), \u0160tefan (1901) a\u00a0Al\u017ebeta (1905). Svoj\u00edm sp\u00f4sobom pr\u00e1ve Al\u017ebete v\u010fa\u010d\u00edme dnes za tento \u00fatr\u017ekovit\u00fd pr\u00edbeh. O\u00a0mnoho rokov nesk\u00f4r sa jej toti\u017e narodila vnu\u010dka Lu\u010fka, vydat\u00e1 \u0160ulkov\u00e1, ktor\u00e1 e\u0161te st\u00e1le, i\u00a0dnes, ochra\u0148uje z\u00e1znamy jej starenky v\u00a0starom kalend\u00e1ri z\u00a0\u010dias rak\u00fasko-uhorskej monarchie, za ktor\u00fa J\u00e1n \u010cmel za nezn\u00e1mych okolnost\u00ed polo\u017eil \u017eivot. Z\u00a0rubu poslednej fotky vieme, \u017ee to bolo 15. j\u00fana, no rok sa stratil v\u00a0h\u013abke \u010dasu. Z\u00e1znam o\u00a0jeho zaraden\u00ed v\u00a0arm\u00e1de, ani o\u00a0roku a\u00a0mieste smrti sa n\u00e1m, bohu\u017eia\u013e, nepodarilo n\u00e1js\u0165 ani v\u00a0zoznamoch vojakov padl\u00fdch v\u00a01. svetovej vojne.<\/p>\n<figure id=\"attachment_1925\" aria-describedby=\"caption-attachment-1925\" style=\"width: 461px\" class=\"wp-caption aligncenter\"><img loading=\"lazy\" decoding=\"async\" class=\"wp-image-1925 size-full\" src=\"http:\/\/skalickyobzor.sk\/cms\/wp-content\/uploads\/2019\/02\/jan-cmel1.jpg\" alt=\"\" width=\"461\" height=\"665\" srcset=\"http:\/\/skalickyobzor.sk\/cms\/wp-content\/uploads\/2019\/02\/jan-cmel1.jpg 461w, http:\/\/skalickyobzor.sk\/cms\/wp-content\/uploads\/2019\/02\/jan-cmel1-208x300.jpg 208w\" sizes=\"auto, (max-width: 461px) 100vw, 461px\" \/><figcaption id=\"caption-attachment-1925\" class=\"wp-caption-text\">J\u00e1n \u010cmel ako ml\u00e1denec,<\/figcaption><\/figure>\n<figure id=\"attachment_1926\" aria-describedby=\"caption-attachment-1926\" style=\"width: 418px\" class=\"wp-caption aligncenter\"><img loading=\"lazy\" decoding=\"async\" class=\"wp-image-1926 size-full\" src=\"http:\/\/skalickyobzor.sk\/cms\/wp-content\/uploads\/2019\/02\/jan-cmel2.jpg\" alt=\"\" width=\"418\" height=\"636\" srcset=\"http:\/\/skalickyobzor.sk\/cms\/wp-content\/uploads\/2019\/02\/jan-cmel2.jpg 418w, http:\/\/skalickyobzor.sk\/cms\/wp-content\/uploads\/2019\/02\/jan-cmel2-197x300.jpg 197w\" sizes=\"auto, (max-width: 418px) 100vw, 418px\" \/><figcaption id=\"caption-attachment-1926\" class=\"wp-caption-text\">&#8230; ako regr\u00fat,<\/figcaption><\/figure>\n<figure id=\"attachment_1927\" aria-describedby=\"caption-attachment-1927\" style=\"width: 405px\" class=\"wp-caption aligncenter\"><img loading=\"lazy\" decoding=\"async\" class=\"wp-image-1927 size-full\" src=\"http:\/\/skalickyobzor.sk\/cms\/wp-content\/uploads\/2019\/02\/jan-cmel3.jpg\" alt=\"\" width=\"405\" height=\"649\" srcset=\"http:\/\/skalickyobzor.sk\/cms\/wp-content\/uploads\/2019\/02\/jan-cmel3.jpg 405w, http:\/\/skalickyobzor.sk\/cms\/wp-content\/uploads\/2019\/02\/jan-cmel3-187x300.jpg 187w\" sizes=\"auto, (max-width: 405px) 100vw, 405px\" \/><figcaption id=\"caption-attachment-1927\" class=\"wp-caption-text\">&#8230; a\u00a0ako vojak<\/figcaption><\/figure>\n<figure id=\"attachment_1928\" aria-describedby=\"caption-attachment-1928\" style=\"width: 712px\" class=\"wp-caption aligncenter\"><img loading=\"lazy\" decoding=\"async\" class=\"size-full wp-image-1928\" src=\"http:\/\/skalickyobzor.sk\/cms\/wp-content\/uploads\/2019\/02\/sobas-skalicka-matrika.jpg\" alt=\"\" width=\"712\" height=\"134\" srcset=\"http:\/\/skalickyobzor.sk\/cms\/wp-content\/uploads\/2019\/02\/sobas-skalicka-matrika.jpg 712w, http:\/\/skalickyobzor.sk\/cms\/wp-content\/uploads\/2019\/02\/sobas-skalicka-matrika-300x56.jpg 300w\" sizes=\"auto, (max-width: 712px) 100vw, 712px\" \/><figcaption id=\"caption-attachment-1928\" class=\"wp-caption-text\">Z\u00e1pis v\u00a0matrike skalick\u00e9ho farsk\u00e9ho \u00faradu, ktor\u00fd sved\u010d\u00ed o\u00a0sob\u00e1\u0161i rodi\u010dov J\u00e1na \u010cmela<br \/>25. m\u00e1ja 1884<\/figcaption><\/figure>\n","protected":false},"excerpt":{"rendered":"<div class=\"mh-excerpt\"><p>Dne\u0161n\u00e9 meno z\u00a0pam\u00e4tn\u00edka vojakov, ktor\u00ed padli v\u00a01. svetovej vojne, le\u017e\u00ed v\u00a0siedmom riadku prvej tabule. Tam je nap\u00edsan\u00e9: \u010cmel J\u00e1n. Medzi z\u00e1zrakom osta\u0165 v\u00a0pam\u00e4ti \u010fal\u0161\u00edch gener\u00e1ci\u00ed a\u00a0upadnut\u00edm do zabudnutia je ve\u013emi tenk\u00e1 hranica. Niekedy to m\u00f4\u017ee <a class=\"mh-excerpt-more\" href=\"http:\/\/skalickyobzor.sk\/cms\/pribehy-z-pamatnika-4\/\" title=\"Pr\u00edbehy z pam\u00e4tn\u00edka 1.svetovej vojny &#8211; J\u00e1n \u010cmel\">[&#8230;]<\/a><\/p>\n<\/div>","protected":false},"author":15,"featured_media":1584,"comment_status":"closed","ping_status":"closed","sticky":false,"template":"","format":"standard","meta":{"footnotes":""},"categories":[4],"tags":[],"class_list":{"0":"post-1924","1":"post","2":"type-post","3":"status-publish","4":"format-standard","5":"has-post-thumbnail","7":"category-ja-su-ze-skalice"},"_links":{"self":[{"href":"http:\/\/skalickyobzor.sk\/cms\/wp-json\/wp\/v2\/posts\/1924","targetHints":{"allow":["GET"]}}],"collection":[{"href":"http:\/\/skalickyobzor.sk\/cms\/wp-json\/wp\/v2\/posts"}],"about":[{"href":"http:\/\/skalickyobzor.sk\/cms\/wp-json\/wp\/v2\/types\/post"}],"author":[{"embeddable":true,"href":"http:\/\/skalickyobzor.sk\/cms\/wp-json\/wp\/v2\/users\/15"}],"replies":[{"embeddable":true,"href":"http:\/\/skalickyobzor.sk\/cms\/wp-json\/wp\/v2\/comments?post=1924"}],"version-history":[{"count":4,"href":"http:\/\/skalickyobzor.sk\/cms\/wp-json\/wp\/v2\/posts\/1924\/revisions"}],"predecessor-version":[{"id":5731,"href":"http:\/\/skalickyobzor.sk\/cms\/wp-json\/wp\/v2\/posts\/1924\/revisions\/5731"}],"wp:featuredmedia":[{"embeddable":true,"href":"http:\/\/skalickyobzor.sk\/cms\/wp-json\/wp\/v2\/media\/1584"}],"wp:attachment":[{"href":"http:\/\/skalickyobzor.sk\/cms\/wp-json\/wp\/v2\/media?parent=1924"}],"wp:term":[{"taxonomy":"category","embeddable":true,"href":"http:\/\/skalickyobzor.sk\/cms\/wp-json\/wp\/v2\/categories?post=1924"},{"taxonomy":"post_tag","embeddable":true,"href":"http:\/\/skalickyobzor.sk\/cms\/wp-json\/wp\/v2\/tags?post=1924"}],"curies":[{"name":"wp","href":"https:\/\/api.w.org\/{rel}","templated":true}]}}