{"id":1940,"date":"2019-02-12T12:12:22","date_gmt":"2019-02-12T11:12:22","guid":{"rendered":"http:\/\/skalickyobzor.sk\/cms\/?p=1940"},"modified":"2019-02-12T13:00:23","modified_gmt":"2019-02-12T12:00:23","slug":"ako-sa-poslancom-zacina","status":"publish","type":"post","link":"http:\/\/skalickyobzor.sk\/cms\/ako-sa-poslancom-zacina\/","title":{"rendered":"Ako sa poslancom za\u010d\u00edna?"},"content":{"rendered":"<p><em>Pr\u00e1ve teraz, na prahu nov\u00e9ho volebn\u00e9ho obdobia, je vhodn\u00fd \u010das na rekapitul\u00e1ciu ch\u00fdb z\u00a0minul\u00e9ho obdobia, a\u00a0pou\u010denie z\u00a0nich. D\u00f4vodov k\u00a0na\u0161ej nespokojnosti bolo ve\u013ea, ale zameriame sa aspo\u0148 na jeden, na ten z\u00e1kladn\u00fd a\u00a0mo\u017eno podstatn\u00fd.<\/em><\/p>\n<h4>DVA SVETY PROTI SEBE?<\/h4>\n<p>Pri\u0161lo to v\u017edy po vo\u013eb\u00e1ch, zo d\u0148a na de\u0148 sa znovu svet rozdelil na MY a\u00a0ONI \u2013 svet ob\u010danov a\u00a0svet poslancov s\u00a0prim\u00e1torom. Dva svety, ktor\u00e9 sa \u010dasto javia, \u017ee stoja mimo seba, ak nie proti sebe. Pritom by mali ma\u0165 spolo\u010dn\u00fd prienik, ak u\u017e by dokonca nemali by\u0165 jedn\u00fdm svetom. Ve\u010f v\u0161etci m\u00e1me rovnak\u00fd cie\u013e \u2013 vybudovan\u00e9 mesto, v\u00a0ktorom sa n\u00e1m dobre \u017eije. To by n\u00e1s malo sp\u00e1ja\u0165. Niekde sa v\u0161ak stala chyba &#8230;\u00a0 Odp\u00fatajme sa od negat\u00edvnych em\u00f3ci\u00ed z\u00a0minulosti a\u00a0pozrime sa probl\u00e9mu na zub. Teda, pre\u010do tomu tak bolo a\u00a0ako tomu pred\u00eds\u0165?<\/p>\n<p>&nbsp;<\/p>\n<h4>NECH HOD\u00cd KAME\u0147OM<\/h4>\n<p>Spojivom t\u00fdchto \u201edvoch svetov\u201c je spolupr\u00e1ca a\u00a0pre t\u00fa treba porozumenie a\u00a0schopnos\u0165 pozera\u0165 sa na veci aj z\u00a0druhej strany. My, ob\u010dania, na svojich z\u00e1stupcoch vid\u00edme ve\u013ea ch\u00fdb, a\u00a0ur\u010dite ich maj\u00fa. Tak ako my. A\u00a0preto je \u010das pozrie\u0165 sa ka\u017ed\u00fd s\u00e1m na seba. Treba opusti\u0165 detinsk\u00e9, \u0161k\u00f4lkarsk\u00e9 a\u00a0nikam neved\u00face \u201eale to urobili oni, to je ich vina &#8230;\u201c, zvl\u00e1\u0161\u0165, ke\u010f je v\u00a0zastupite\u013estve ve\u013ea nov\u00fdch tv\u00e1r\u00ed. To, \u010do je skuto\u010dne treba, je investova\u0165 \u010das do spojenia s\u00edl a\u00a0spolupr\u00e1ce.<\/p>\n<p>&nbsp;<\/p>\n<h4>POSLANCI S\u00da SPOMEDZI N\u00c1S<\/h4>\n<p>Poslanci s\u00fa ob\u010dania, ktor\u00ed vzi\u0161li z\u00a0na\u0161ich radov. V\u00e4\u010d\u0161ina nem\u00e1 profesijne ni\u010d spolo\u010dn\u00e9 so samospr\u00e1vou, maj\u00fa rovnak\u00e9 priemern\u00e9 znalosti, \u010di sk\u00f4r neznalosti, ako my. Sk\u00fasme si predstavi\u0165, \u017ee n\u00e1s zvolili a\u00a0sk\u00fasme si len pre\u010d\u00edta\u0165 materi\u00e1ly do zastupite\u013estva z\u00a0minul\u00e9ho roka, alebo si len pozrie\u0165 z\u00e1znamy zo zasadnut\u00ed. Rozumeli by sme v\u0161etk\u00fdm s\u00favislostiam? Akoby sme rozhodovali my? Uv\u00edtali sme, \u017ee sa niektor\u00ed poslanci, okrem odpoved\u00ed na ot\u00e1zky v\u00a0rubrike V\u00e1\u017een\u00ed poslanci!, do tohto \u010d\u00edsla rozp\u00edsali a\u00a0pribl\u00ed\u017eili svoje sk\u00fasenosti a\u00a0n\u00e1zory. Nov\u00ed poslanci nap\u00edsali, \u017ee dostali knihu Sprievodca miestnou samospr\u00e1vou a\u00a0niektor\u00ed boli informovan\u00ed, \u017ee sa pripravuje \u0161kolenie. V\u00e4\u010d\u0161ina bola s\u00a0dodan\u00fdmi z\u00e1kladn\u00fdmi inform\u00e1ciami spokojn\u00e1, no nepova\u017eovala ich do bud\u00facnosti za dosta\u010duj\u00face a\u00a0priv\u00edtali by \u0161kolenie. Niektor\u00ed podotkli, \u017ee pokia\u013e chc\u00fa kvalitne rie\u0161i\u0165 probl\u00e9my mesta, musia i\u00a0tak v\u00a0bud\u00facnosti venova\u0165 \u010das samo\u0161t\u00fadiu. \u010cas\u0165 poslancov sa vyjadrila, \u017ee v\u00a0pr\u00edpade nejasnost\u00ed chodia si pre inform\u00e1cie za pracovn\u00edkmi mesta. Niektor\u00ed znovuzvolen\u00ed uviedli, \u017ee v\u010faka praxi u\u017e inform\u00e1cie a\u00a0\u0161kolenie nepotrebuj\u00fa, av\u0161ak s\u00fahlasili s\u00a0t\u00fdm, \u017ee nov\u00ed by za\u0161kolen\u00ed by\u0165 mali.<\/p>\n<p>&nbsp;<\/p>\n<h4>NAJPRV TREBA SPOJI\u0164 SVETY<\/h4>\n<p>\u017diadame, aby poslanci pracovali poctivo a\u00a0venovali svoj vo\u013en\u00fd \u010das (ktor\u00e9ho nie je m\u00e1lo) zodpovedn\u00e9mu riadeniu mesta. M\u00e1me na to, samozrejme, pr\u00e1vo, no pozrime sa na ich motiv\u00e1ciu. \u010casto od ob\u010danov po\u010du\u0165 v\u00fdroky typu \u201eVe\u010f to m\u00e1 zaplaten\u00e9!\u201c, no vyvst\u00e1va ot\u00e1zka, \u010di vedia, \u017ee t\u00e1to suma je zhruba 90 eur za jedno zasadnutie mestsk\u00e9ho zastupite\u013estva. Za toto \u201ezaplaten\u00e9\u201c m\u00e1 poslanec urobi\u0165 d\u00f4kladn\u00fa, n\u00e1ro\u010dn\u00fa pr\u00edpravu na zastupite\u013estvo, ktor\u00e1 ho stoj\u00ed mnoho hod\u00edn, \u010di dn\u00ed zo svojho vo\u013en\u00e9ho \u010dasu. Bolo by to pre n\u00e1s motiv\u00e1ciou? \u010casto na toto zamyslenie nasleduje aj odpove\u010f: \u201eKe\u010f sa nechal zvoli\u0165, tak nech pracuje. Ve\u010f nikto ho tam nen\u00fatil &#8230;\u201c.<\/p>\n<p>A\u00a0t\u00fdmto postojom sa tv\u00e1rime, \u017ee je to iba ich vec a\u00a0n\u00e1s ob\u010danov sa net\u00fdka. Ob\u00e1vam sa v\u0161ak, \u017ee s\u00a0tak\u00fdmto postojom sa n\u00e1m m\u00f4\u017ee sta\u0165, rovnako ako u\u017e viacer\u00fdm obciam na Slovensku, \u017ee sa nen\u00e1jdu \u013eudia, ktor\u00ed by v\u00a0\u010fal\u0161\u00edch vo\u013eb\u00e1ch kandidovali a\u00a0mesto spadne pod spr\u00e1vu \u0161t\u00e1tu. Ak\u00fa motiv\u00e1ciu bud\u00fa ma\u0165 m\u00fadri a\u00a0schopn\u00ed \u013eudia, ktor\u00ed sa ve\u013emi dobre u\u017eivia inou zmysluplnou \u010dinnos\u0165ou, ke\u010f v\u0161etku zodpovednos\u0165 a\u00a0pr\u00e1cu hod\u00edme iba na ich bedr\u00e1? Pozor, aby nakoniec, v\u00a0nasleduj\u00facich vo\u013eb\u00e1ch, nemali z\u00e1ujem o\u00a0poslaneck\u00fd mand\u00e1t len t\u00ed, ktor\u00fdm na\u0161a ob\u010dianska nevzdelanos\u0165, neochota a\u00a0pasivita vyhovuje. T\u00ed, ktor\u00ed p\u00f4jdu do zastupite\u013estva len zo zi\u0161tn\u00fdch osobn\u00fdch d\u00f4vodov. Aby sa n\u00e1m s\u00a0na\u0161im pas\u00edvnym pr\u00edstupom (kam patr\u00ed aj vykrikovanie pri pive) nestalo, \u017ee nebudeme ma\u0165 zastupite\u013estvo v\u00f4bec alebo bude pln\u00e9 \u013eud\u00ed, ba\u017eiacich po osobn\u00fdch v\u00fdhod\u00e1ch.<\/p>\n<p>&nbsp;<\/p>\n<h4>TREBA \u00daCTU AJ V\u010eA\u010cNOS\u0164, ALE &#8230;<\/h4>\n<p>Nepochybne si zasluhuje na\u0161u \u00factu a\u00a0v\u010fa\u010dnos\u0165, \u017ee e\u0161te st\u00e1le m\u00e1me v\u00a0Skalici \u013eud\u00ed, ktor\u00ed chc\u00fa pracova\u0165 pre n\u00e1s v\u0161etk\u00fdch a\u00a0k\u00a0tomu vo svojom vo\u013enom \u010dase. Je na n\u00e1s im pom\u00e1ha\u0165, no s\u00fa\u010dasne je na n\u00e1s ich kontrolova\u0165. Oboje je na\u0161e pr\u00e1vo aj ob\u010dianska povinnos\u0165. K\u00a0tomu v\u0161ak mus\u00edme aj my ma\u0165 z\u00e1kladn\u00e9 ob\u010dianske vzdelanie a\u00a0preh\u013ead, nielen poslanci. Bez neho toti\u017e kvalitn\u00e1 spolupr\u00e1ca, ani kontrola nie je mo\u017en\u00e1.<\/p>\n<p><a href=\"http:\/\/skalickyobzor.sk\/cms\/wp-content\/uploads\/2019\/02\/spytali-sme-sa.jpg\"><img loading=\"lazy\" decoding=\"async\" class=\"aligncenter wp-image-1947 size-full\" src=\"http:\/\/skalickyobzor.sk\/cms\/wp-content\/uploads\/2019\/02\/spytali-sme-sa.jpg\" alt=\"\" width=\"1168\" height=\"783\" srcset=\"http:\/\/skalickyobzor.sk\/cms\/wp-content\/uploads\/2019\/02\/spytali-sme-sa.jpg 1168w, http:\/\/skalickyobzor.sk\/cms\/wp-content\/uploads\/2019\/02\/spytali-sme-sa-300x201.jpg 300w, http:\/\/skalickyobzor.sk\/cms\/wp-content\/uploads\/2019\/02\/spytali-sme-sa-768x515.jpg 768w, http:\/\/skalickyobzor.sk\/cms\/wp-content\/uploads\/2019\/02\/spytali-sme-sa-1024x686.jpg 1024w\" sizes=\"auto, (max-width: 1168px) 100vw, 1168px\" \/><\/a><\/p>\n<p>&nbsp;<\/p>\n","protected":false},"excerpt":{"rendered":"<div class=\"mh-excerpt\"><p>Pr\u00e1ve teraz, na prahu nov\u00e9ho volebn\u00e9ho obdobia, je vhodn\u00fd \u010das na rekapitul\u00e1ciu ch\u00fdb z\u00a0minul\u00e9ho obdobia, a\u00a0pou\u010denie z\u00a0nich. D\u00f4vodov k\u00a0na\u0161ej nespokojnosti bolo ve\u013ea, ale zameriame sa aspo\u0148 na jeden, na ten z\u00e1kladn\u00fd a\u00a0mo\u017eno podstatn\u00fd. DVA SVETY <a class=\"mh-excerpt-more\" href=\"http:\/\/skalickyobzor.sk\/cms\/ako-sa-poslancom-zacina\/\" title=\"Ako sa poslancom za\u010d\u00edna?\">[&#8230;]<\/a><\/p>\n<\/div>","protected":false},"author":2,"featured_media":17,"comment_status":"closed","ping_status":"closed","sticky":false,"template":"","format":"standard","meta":{"footnotes":""},"categories":[5],"tags":[],"class_list":{"0":"post-1940","1":"post","2":"type-post","3":"status-publish","4":"format-standard","5":"has-post-thumbnail","7":"category-toto-sa-nas-tyka"},"_links":{"self":[{"href":"http:\/\/skalickyobzor.sk\/cms\/wp-json\/wp\/v2\/posts\/1940","targetHints":{"allow":["GET"]}}],"collection":[{"href":"http:\/\/skalickyobzor.sk\/cms\/wp-json\/wp\/v2\/posts"}],"about":[{"href":"http:\/\/skalickyobzor.sk\/cms\/wp-json\/wp\/v2\/types\/post"}],"author":[{"embeddable":true,"href":"http:\/\/skalickyobzor.sk\/cms\/wp-json\/wp\/v2\/users\/2"}],"replies":[{"embeddable":true,"href":"http:\/\/skalickyobzor.sk\/cms\/wp-json\/wp\/v2\/comments?post=1940"}],"version-history":[{"count":6,"href":"http:\/\/skalickyobzor.sk\/cms\/wp-json\/wp\/v2\/posts\/1940\/revisions"}],"predecessor-version":[{"id":1949,"href":"http:\/\/skalickyobzor.sk\/cms\/wp-json\/wp\/v2\/posts\/1940\/revisions\/1949"}],"wp:featuredmedia":[{"embeddable":true,"href":"http:\/\/skalickyobzor.sk\/cms\/wp-json\/wp\/v2\/media\/17"}],"wp:attachment":[{"href":"http:\/\/skalickyobzor.sk\/cms\/wp-json\/wp\/v2\/media?parent=1940"}],"wp:term":[{"taxonomy":"category","embeddable":true,"href":"http:\/\/skalickyobzor.sk\/cms\/wp-json\/wp\/v2\/categories?post=1940"},{"taxonomy":"post_tag","embeddable":true,"href":"http:\/\/skalickyobzor.sk\/cms\/wp-json\/wp\/v2\/tags?post=1940"}],"curies":[{"name":"wp","href":"https:\/\/api.w.org\/{rel}","templated":true}]}}