{"id":2011,"date":"2019-03-08T04:00:55","date_gmt":"2019-03-08T03:00:55","guid":{"rendered":"http:\/\/skalickyobzor.sk\/cms\/?p=2011"},"modified":"2019-03-08T04:17:45","modified_gmt":"2019-03-08T03:17:45","slug":"obzor-zo-dna-15-mar-1864","status":"publish","type":"post","link":"http:\/\/skalickyobzor.sk\/cms\/obzor-zo-dna-15-mar-1864\/","title":{"rendered":"Obzor zo d\u0148a 15. mar. 1864"},"content":{"rendered":"<p>Nie je ka\u017ed\u00fd de\u0148 nede\u013ea a tak ani ka\u017ed\u00fd mesiac v roku nie je napratan\u00fd v\u00fdro\u010diami. Tak v\u00a0marci 1864, kedy vy\u0161lo \u010d\u00edslo Obzoru, z\u00a0ktor\u00e9ho prin\u00e1\u0161ame uk\u00e1\u017eky, sa narodil \u010desk\u00fd lek\u00e1r a\u00a0vlastivedec Adolf Hrstka, rusk\u00fd \u0161pi\u00f3n vo vtedy na\u0161ej c. k. arm\u00e1de Alfred Redl a\u00a0zomrel britsk\u00fd chemik Luke Howard. Ale predsa \u2013 pr\u00e1ve 4. marca 1864 prijali konfederat\u00edvne \u0161t\u00e1ty Ameriky hviezdy a\u00a0pruhy za svoju ofici\u00e1lnu vlajku.<\/p>\n<p><img loading=\"lazy\" decoding=\"async\" class=\"aligncenter wp-image-2012 size-full\" src=\"http:\/\/skalickyobzor.sk\/cms\/wp-content\/uploads\/2019\/03\/obzor-15-3-1864-1.jpg\" alt=\"\" width=\"615\" height=\"225\" srcset=\"http:\/\/skalickyobzor.sk\/cms\/wp-content\/uploads\/2019\/03\/obzor-15-3-1864-1.jpg 615w, http:\/\/skalickyobzor.sk\/cms\/wp-content\/uploads\/2019\/03\/obzor-15-3-1864-1-300x110.jpg 300w\" sizes=\"auto, (max-width: 615px) 100vw, 615px\" \/><\/p>\n<hr \/>\n<p><img loading=\"lazy\" decoding=\"async\" class=\"aligncenter wp-image-2013 size-full\" src=\"http:\/\/skalickyobzor.sk\/cms\/wp-content\/uploads\/2019\/03\/obzor-15-3-1864-2.jpg\" alt=\"\" width=\"615\" height=\"201\" srcset=\"http:\/\/skalickyobzor.sk\/cms\/wp-content\/uploads\/2019\/03\/obzor-15-3-1864-2.jpg 615w, http:\/\/skalickyobzor.sk\/cms\/wp-content\/uploads\/2019\/03\/obzor-15-3-1864-2-300x98.jpg 300w\" sizes=\"auto, (max-width: 615px) 100vw, 615px\" \/><\/p>\n<hr \/>\n<p><img loading=\"lazy\" decoding=\"async\" class=\"aligncenter wp-image-2014 size-full\" src=\"http:\/\/skalickyobzor.sk\/cms\/wp-content\/uploads\/2019\/03\/obzor-15-3-1864-3.jpg\" alt=\"\" width=\"611\" height=\"503\" srcset=\"http:\/\/skalickyobzor.sk\/cms\/wp-content\/uploads\/2019\/03\/obzor-15-3-1864-3.jpg 611w, http:\/\/skalickyobzor.sk\/cms\/wp-content\/uploads\/2019\/03\/obzor-15-3-1864-3-300x247.jpg 300w\" sizes=\"auto, (max-width: 611px) 100vw, 611px\" \/><\/p>\n<hr \/>\n<p><img loading=\"lazy\" decoding=\"async\" class=\"aligncenter wp-image-2015 size-full\" src=\"http:\/\/skalickyobzor.sk\/cms\/wp-content\/uploads\/2019\/03\/obzor-15-3-1864-4.jpg\" alt=\"\" width=\"610\" height=\"266\" srcset=\"http:\/\/skalickyobzor.sk\/cms\/wp-content\/uploads\/2019\/03\/obzor-15-3-1864-4.jpg 610w, http:\/\/skalickyobzor.sk\/cms\/wp-content\/uploads\/2019\/03\/obzor-15-3-1864-4-300x131.jpg 300w\" sizes=\"auto, (max-width: 610px) 100vw, 610px\" \/><\/p>\n<p>Predaj papieru z\u00a0listow kukuri\u010dn\u00fdch.<br \/>\nHned w \u010d\u00edsle 1 Obzoru boli sme ob\u0161\u00edrnej\u0161ie spomneli, \u017ee nov\u00fd priemyslov\u00fd spolok Hungaria pri Semlaku (w arabskej st.) zaklad\u00e1 welk\u00fa fabriku, kde z\u00a0listow kukuri\u010dn\u00fdch (t.j. t\u00fdch \u00fatlych listow, ktor\u00e9 n\u00e1m \u0161\u00falok ukr\u00fdvaj\u00fa) pl\u00e1tno a\u00a0papier wyr\u00e1ba\u0165 bud\u00fa. Dosahom ku tejto spr\u00e1ve ud\u00e1me, \u017ee d\u0148a 25. feb. po\u010dala c.k. r. dvorn\u00e1 kn\u00edhtla\u010diare\u0148 wo Wiednitak\u00fdto, w er\u00e1rnej papierni Schl\u00f6gelm\u00fchle wyroben\u00fd kukuri\u010dn\u00fd papier na funty a\u00a0centy pred\u00e1val; jeho cena oby\u010dajn\u00e9mu papieru wyrown\u00e1wa sa.<\/p>\n<hr \/>\n<p><img loading=\"lazy\" decoding=\"async\" class=\"aligncenter wp-image-2017 size-full\" src=\"http:\/\/skalickyobzor.sk\/cms\/wp-content\/uploads\/2019\/03\/obzor-15-3-1864.jpg\" alt=\"\" width=\"519\" height=\"670\" srcset=\"http:\/\/skalickyobzor.sk\/cms\/wp-content\/uploads\/2019\/03\/obzor-15-3-1864.jpg 519w, http:\/\/skalickyobzor.sk\/cms\/wp-content\/uploads\/2019\/03\/obzor-15-3-1864-232x300.jpg 232w\" sizes=\"auto, (max-width: 519px) 100vw, 519px\" \/><\/p>\n","protected":false},"excerpt":{"rendered":"<div class=\"mh-excerpt\"><p>Nie je ka\u017ed\u00fd de\u0148 nede\u013ea a tak ani ka\u017ed\u00fd mesiac v roku nie je napratan\u00fd v\u00fdro\u010diami. Tak v\u00a0marci 1864, kedy vy\u0161lo \u010d\u00edslo Obzoru, z\u00a0ktor\u00e9ho prin\u00e1\u0161ame uk\u00e1\u017eky, sa narodil \u010desk\u00fd lek\u00e1r a\u00a0vlastivedec Adolf Hrstka, rusk\u00fd \u0161pi\u00f3n <a class=\"mh-excerpt-more\" href=\"http:\/\/skalickyobzor.sk\/cms\/obzor-zo-dna-15-mar-1864\/\" title=\"Obzor zo d\u0148a 15. mar. 1864\">[&#8230;]<\/a><\/p>\n<\/div>","protected":false},"author":1,"featured_media":17,"comment_status":"closed","ping_status":"closed","sticky":false,"template":"","format":"standard","meta":{"footnotes":""},"categories":[17],"tags":[],"class_list":{"0":"post-2011","1":"post","2":"type-post","3":"status-publish","4":"format-standard","5":"has-post-thumbnail","7":"category-zo-starych-obzorov"},"_links":{"self":[{"href":"http:\/\/skalickyobzor.sk\/cms\/wp-json\/wp\/v2\/posts\/2011","targetHints":{"allow":["GET"]}}],"collection":[{"href":"http:\/\/skalickyobzor.sk\/cms\/wp-json\/wp\/v2\/posts"}],"about":[{"href":"http:\/\/skalickyobzor.sk\/cms\/wp-json\/wp\/v2\/types\/post"}],"author":[{"embeddable":true,"href":"http:\/\/skalickyobzor.sk\/cms\/wp-json\/wp\/v2\/users\/1"}],"replies":[{"embeddable":true,"href":"http:\/\/skalickyobzor.sk\/cms\/wp-json\/wp\/v2\/comments?post=2011"}],"version-history":[{"count":3,"href":"http:\/\/skalickyobzor.sk\/cms\/wp-json\/wp\/v2\/posts\/2011\/revisions"}],"predecessor-version":[{"id":2039,"href":"http:\/\/skalickyobzor.sk\/cms\/wp-json\/wp\/v2\/posts\/2011\/revisions\/2039"}],"wp:featuredmedia":[{"embeddable":true,"href":"http:\/\/skalickyobzor.sk\/cms\/wp-json\/wp\/v2\/media\/17"}],"wp:attachment":[{"href":"http:\/\/skalickyobzor.sk\/cms\/wp-json\/wp\/v2\/media?parent=2011"}],"wp:term":[{"taxonomy":"category","embeddable":true,"href":"http:\/\/skalickyobzor.sk\/cms\/wp-json\/wp\/v2\/categories?post=2011"},{"taxonomy":"post_tag","embeddable":true,"href":"http:\/\/skalickyobzor.sk\/cms\/wp-json\/wp\/v2\/tags?post=2011"}],"curies":[{"name":"wp","href":"https:\/\/api.w.org\/{rel}","templated":true}]}}