{"id":2019,"date":"2019-03-08T04:11:05","date_gmt":"2019-03-08T03:11:05","guid":{"rendered":"http:\/\/skalickyobzor.sk\/cms\/?p=2019"},"modified":"2019-03-08T04:19:10","modified_gmt":"2019-03-08T03:19:10","slug":"videozaznam-zo-zasadnutia-msz-13-2-2019","status":"publish","type":"post","link":"http:\/\/skalickyobzor.sk\/cms\/videozaznam-zo-zasadnutia-msz-13-2-2019\/","title":{"rendered":"Videoz\u00e1znam zo zasadnutia MsZ 13. 2. 2019"},"content":{"rendered":"<p>Te\u0161\u00ed n\u00e1s, \u017ee vedenie mesta zlep\u0161uje svoju komunik\u00e1ciu s ob\u010danmi. Tento mesiac n\u00e1jdete po prv\u00fdkr\u00e1t zverejnen\u00fd videoz\u00e1znam cel\u00e9ho priebehu zasadania Mestsk\u00e9ho zastupite\u013estva na ofici\u00e1lnych str\u00e1nkach mesta www.skalica.sk. Pre r\u00fdchlej\u0161iu orient\u00e1ciu na\u010falej prin\u00e1\u0161ame program zasadania s minut\u00e1\u017eou.<\/p>\n<h4><strong><a href=\"https:\/\/youtu.be\/s61gCmKM7ew\">Videoz\u00e1znam si m\u00f4\u017ete pozrie\u0165 kliknut\u00edm TU<\/a><\/strong><\/h4>\n<p>Program<\/p>\n<ol>\n<li>\u00a0<strong>00:00:00<\/strong> \u2013 Otvorenie<\/li>\n<li><strong>\u00a000:00:30<\/strong> \u2013 Vo\u013eba \u010dlenov n\u00e1vrhovej komisie a overovate\u013eov z\u00e1pisnice<\/li>\n<li><strong>\u00a000:01:55<\/strong> \u2013 Odpovede na interpel\u00e1cie poslancov<\/li>\n<li>\u00a0<strong>00:02:05<\/strong> \u2013 Kontrola plnenia uznesen\u00ed MsZ<\/li>\n<li><strong>* 00:06:55<\/strong>\u2006\u2013 Inform\u00e1cia o nov\u00fdch z\u00e1va\u017en\u00fdch zisteniach vo veci verejn\u00e9ho obstar\u00e1vania osvetlenia a k v\u00fdkonu prim\u00e1torky a k poslaneck\u00e9mu zboru.<\/li>\n<li><strong>\u00a000:35:50<\/strong> \u2013 N\u00e1vrh zadania na spracovanie urbanistickej \u0161t\u00fadie lokality L\u00fa\u010dky, zmena \u00fazem. rozhodnutia o staveb. uz\u00e1vere<\/li>\n<li><strong>\u00a000:47:52<\/strong> \u2013 Vo\u013eba podpredsedu a \u010dlenov komisie pre ekonomiku, spr\u00e1vu majetku a p\u00f4dohospod\u00e1rstvo pri MsZ v Skalici a ur\u010denie zapisovate\u013ea komisie pre ekonomiku, spr\u00e1vu majetku a p\u00f4dohospod\u00e1rstvo pri MsZ v Skalici<\/li>\n<li>\u00a0<strong>00:52:46<\/strong> \u2013 Delegovanie z\u00e1stupcov zria\u010fovate\u013ea do r\u00e1d \u0161k\u00f4l a \u0161k. zariaden\u00ed v zria\u010fovate\u013eskej p\u00f4sobnosti Mesta Skalica<\/li>\n<li><strong>\u00a000:58:30<\/strong> \u2013 N\u00e1vrh na poskytnutie dot\u00e1cie z rozpo\u010dtu mesta na podporu aktiv\u00edt v oblasti pr\u00e1ce s ml\u00e1de\u017eou na rok 2019<\/li>\n<li>\u00a0<strong>01:05:19<\/strong> \u2013 N\u00e1vrh na poskytnutie dot\u00e1cie z rozpo\u010dtu Mesta Skalica na \u0161portov\u00fa \u010dinnos\u0165 na rok 2019<\/li>\n<li>\u00a0<strong>01:09:13<\/strong> \u2013 Vo\u013eba \u010dlenov spr\u00e1vnej rady neziskovej organiz\u00e1cie MHKM Skalica, n.o.<\/li>\n<li>\u00a0<strong>01:17:58<\/strong> \u2013 Menovanie \u010dlenov Spr\u00e1vnej rady Neinvesti\u010dn\u00e9ho fondu Mesta Skalica<\/li>\n<li><strong>\u00a001:20:12<\/strong> \u2013 N\u00e1vrh na schv\u00e1lenie z\u00e1stupcu Mesta Skalica za konate\u013ea obchodnej spolo\u010dnosti VEPOS \u2013 SKALICA, s.r.o.<\/li>\n<li><strong>\u00a001:31:40<\/strong> \u2013 Stanovisko k s\u00fadnemu sporu medzi Mestom Skalica a Ing. Vladislavom Hor\u0148\u00e1kom \u2013 poslancom Mestsk\u00e9ho zastupite\u013estva v Skalici vo veci tzv. verejnej d\u00e1vky<\/li>\n<li>\u00a0<strong>01:35:37<\/strong> \u2013 Zmena \u010d. 1\/2019 V\u0161eobecne z\u00e1v\u00e4zn\u00e9ho nariadenia Mesta Skalica \u010d. 1\/2018 o \u00fahrad\u00e1ch za poskytovanie soci\u00e1lnych slu\u017eieb v rozpo\u010dtovej organiz\u00e1cii Zariadenie pre seniorov Skalica<\/li>\n<li><strong>\u00a001:56:20<\/strong> \u2013 Zmena \u010d. 1\/2019 VZN Mesta Skalica \u010d. 2\/2018 o \u00fahrad\u00e1ch za poskytovanie soci\u00e1lnych slu\u017eieb v rozpo\u010dtovej organiz\u00e1cii JES\u00c9NIA SKALICA, zariadenie pre seniorov<\/li>\n<li>\u00a0<strong>02:02:06<\/strong> \u2013 V\u0161eobecne z\u00e1v\u00e4zn\u00e9 nariadenie Mesta Skalica \u010d. 1\/2019 o poskytovan\u00ed dot\u00e1ci\u00ed z rozpo\u010dtu Mesta Skalica<\/li>\n<li><strong>\u00a002:06:10<\/strong> \u2013 Zmena \u010d. 1\/2019 V\u0161eobecne z\u00e1v\u00e4zn\u00e9ho nariadenia Mesta Skalica \u010d. 4\/2010, ktor\u00fdm sa ur\u010duj\u00fa n\u00e1zvy ul\u00edc na \u00fazem\u00ed mesta Skalica<\/li>\n<li><strong>\u00a002:12:19<\/strong> \u2013 Z\u00e1sady odme\u0148ovania poslancov Mestsk\u00e9ho zastupite\u013estva v Skalici, prim\u00e1tora mesta, z\u00e1stupcu prim\u00e1tora mesta, \u010dlenov a zapisovate\u013eov komisi\u00ed Mestsk\u00e9ho zastupite\u013estva v Skalici, sob\u00e1\u0161iacich a \u010dlenov Zboru pre ob\u010dianske z\u00e1le\u017eitosti Mesta Skalica<\/li>\n<li>\u00a0<strong>02:16:05<\/strong> \u2013 N\u00e1vrh na zmluvn\u00fd prevod nehnute\u013enosti<br \/>\n<strong>a) 02:16:05<\/strong> \u2013 Z\u00e1mena pozemkov v\u00a0lokalite \u00abVl\u010die horky\u00bb.<br \/>\n<strong>b) 02:38:45<\/strong> \u2013 Sp\u00e4tn\u00e9 odk\u00fapenie are\u00e1lu M\u0160 L. Svobodu<\/li>\n<li>\u00a0<strong>02:42:54<\/strong> \u2013 N\u00e1jom pozemkov dotknut\u00fdch stavbou \u00abObytn\u00e1 z\u00f3na, \u0160tvrte v jazer. poli Skalica 6. etapa \u2013 4 bytov\u00e9 domy\u00bb<\/li>\n<li>\u00a0<strong>02:50:07<\/strong> \u2013 Hodnotiaca spr\u00e1va MsP Skalica a spr\u00e1va o bezpe\u010dnostnej situ\u00e1cii v meste Skalica za rok 2018<\/li>\n<li><strong>\u00a003:06:55<\/strong> \u2013 Spr\u00e1va o \u010dinnosti Dobrovo\u013en\u00e9ho hasi\u010dsk\u00e9ho zboru Mesta Skalica za rok 2018<\/li>\n<li>\u00a0<strong>03:16:32<\/strong> \u2013 Vyhodnotenie investi\u010dnej v\u00fdstavby za rok 2018<\/li>\n<li><strong>\u00a003:31:18<\/strong> \u2013 Informat\u00edvna spr\u00e1va o Skalick\u00fdch d\u0148och 2018<\/li>\n<li><strong>\u00a003:37:10<\/strong> \u2013 Inform\u00e1cia o Spr\u00e1ve o zistenej nezrovnalosti \u2013 Cyklotrasy bez hran\u00edc<\/li>\n<li>\u00a0<strong>03:46:30<\/strong> \u2013 Interpel\u00e1cie poslancov<\/li>\n<li>\u00a0<strong>03:48:15<\/strong> \u2013 Diskusia<\/li>\n<li>\u00a0<strong>04:07:02<\/strong> \u2013 Rekapitul\u00e1cia uznesen\u00ed MsZ<\/li>\n<li>\u00a0<strong>04:08:39<\/strong> \u2013 Z\u00e1ver<\/li>\n<\/ol>\n<p><em>* Bod 5. bol na rokovan\u00ed MsZ do programu doplnen\u00fd uznesen\u00edm zastupite\u013estva. Ostatn\u00e9 body programu boli oproti zverejnen\u00e9mu programu pre\u010d\u00edslovan\u00e9.<\/em><\/p>\n","protected":false},"excerpt":{"rendered":"<div class=\"mh-excerpt\"><p>Te\u0161\u00ed n\u00e1s, \u017ee vedenie mesta zlep\u0161uje svoju komunik\u00e1ciu s ob\u010danmi. Tento mesiac n\u00e1jdete po prv\u00fdkr\u00e1t zverejnen\u00fd videoz\u00e1znam cel\u00e9ho priebehu zasadania Mestsk\u00e9ho zastupite\u013estva na ofici\u00e1lnych str\u00e1nkach mesta www.skalica.sk. Pre r\u00fdchlej\u0161iu orient\u00e1ciu na\u010falej prin\u00e1\u0161ame program zasadania s <a class=\"mh-excerpt-more\" href=\"http:\/\/skalickyobzor.sk\/cms\/videozaznam-zo-zasadnutia-msz-13-2-2019\/\" title=\"Videoz\u00e1znam zo zasadnutia MsZ 13. 2. 2019\">[&#8230;]<\/a><\/p>\n<\/div>","protected":false},"author":1,"featured_media":2020,"comment_status":"closed","ping_status":"closed","sticky":false,"template":"","format":"standard","meta":{"footnotes":""},"categories":[5],"tags":[],"class_list":{"0":"post-2019","1":"post","2":"type-post","3":"status-publish","4":"format-standard","5":"has-post-thumbnail","7":"category-toto-sa-nas-tyka"},"_links":{"self":[{"href":"http:\/\/skalickyobzor.sk\/cms\/wp-json\/wp\/v2\/posts\/2019","targetHints":{"allow":["GET"]}}],"collection":[{"href":"http:\/\/skalickyobzor.sk\/cms\/wp-json\/wp\/v2\/posts"}],"about":[{"href":"http:\/\/skalickyobzor.sk\/cms\/wp-json\/wp\/v2\/types\/post"}],"author":[{"embeddable":true,"href":"http:\/\/skalickyobzor.sk\/cms\/wp-json\/wp\/v2\/users\/1"}],"replies":[{"embeddable":true,"href":"http:\/\/skalickyobzor.sk\/cms\/wp-json\/wp\/v2\/comments?post=2019"}],"version-history":[{"count":3,"href":"http:\/\/skalickyobzor.sk\/cms\/wp-json\/wp\/v2\/posts\/2019\/revisions"}],"predecessor-version":[{"id":2023,"href":"http:\/\/skalickyobzor.sk\/cms\/wp-json\/wp\/v2\/posts\/2019\/revisions\/2023"}],"wp:featuredmedia":[{"embeddable":true,"href":"http:\/\/skalickyobzor.sk\/cms\/wp-json\/wp\/v2\/media\/2020"}],"wp:attachment":[{"href":"http:\/\/skalickyobzor.sk\/cms\/wp-json\/wp\/v2\/media?parent=2019"}],"wp:term":[{"taxonomy":"category","embeddable":true,"href":"http:\/\/skalickyobzor.sk\/cms\/wp-json\/wp\/v2\/categories?post=2019"},{"taxonomy":"post_tag","embeddable":true,"href":"http:\/\/skalickyobzor.sk\/cms\/wp-json\/wp\/v2\/tags?post=2019"}],"curies":[{"name":"wp","href":"https:\/\/api.w.org\/{rel}","templated":true}]}}