{"id":2046,"date":"2019-03-08T04:06:47","date_gmt":"2019-03-08T03:06:47","guid":{"rendered":"http:\/\/skalickyobzor.sk\/cms\/?p=2046"},"modified":"2019-07-06T22:40:40","modified_gmt":"2019-07-06T20:40:40","slug":"pribehy-z-pamatnika-5","status":"publish","type":"post","link":"http:\/\/skalickyobzor.sk\/cms\/pribehy-z-pamatnika-5\/","title":{"rendered":"Pr\u00edbehy z pam\u00e4tn\u00edka 1.svetovej vojny &#8211; J\u00e1n Ku\u010dera"},"content":{"rendered":"<p>Piatym menom a\u00a0s\u00fa\u010dasne piatym pr\u00edbehom z\u00a0pam\u00e4tn\u00edka vojakom, ktor\u00ed polo\u017eili \u017eivot v\u00a0pokuse monarchov o\u00a0in\u00e9 rozdelenie moci vo svete je J\u00e1n Ku\u010dera. Z\u00a0odstupu dne\u0161n\u00fdch dn\u00ed, a\u00a0ve\u013emi zjednodu\u0161ene, mohol tento konflikt vyzera\u0165 ako \u0161arv\u00e1tka v\u00a0rodine \u2013 nemeck\u00fd cis\u00e1r Wilhelm\u00a0II., anglick\u00fd kr\u00e1\u013e Juraj V. a\u00a0man\u017eelka rusk\u00e9ho c\u00e1ra Mikul\u00e1\u0161a II. Alexandra mali spolo\u010dn\u00fa babi\u010dku. Bola \u0148ou britsk\u00e1 kr\u00e1\u013eovn\u00e1 Vikt\u00f3ria, ktor\u00e1 svojou expanznou koloni\u00e1lnou politikou vybudovala jeden zo z\u00e1sadn\u00fdch d\u00f4vodov, \u017ee t\u00e1to \u201e\u0161arv\u00e1tka\u201c sa stala prv\u00fdm, skuto\u010dne svetov\u00fdm vojnov\u00fdm konfliktom. Vtedy e\u0161te nemal na za\u010diatku jednotku, preto\u017ee po jeho skon\u010den\u00ed asi nikto neveril, \u017ee by sa do toho pustilo \u013eudstvo znovu &#8230;<\/p>\n<hr \/>\n<h3>J\u00e1n Ku\u010dera<\/h3>\n<figure id=\"attachment_2047\" aria-describedby=\"caption-attachment-2047\" style=\"width: 658px\" class=\"wp-caption aligncenter\"><img loading=\"lazy\" decoding=\"async\" class=\"size-full wp-image-2047\" src=\"http:\/\/skalickyobzor.sk\/cms\/wp-content\/uploads\/2019\/03\/jankucera.jpg\" alt=\"\" width=\"658\" height=\"521\" srcset=\"http:\/\/skalickyobzor.sk\/cms\/wp-content\/uploads\/2019\/03\/jankucera.jpg 658w, http:\/\/skalickyobzor.sk\/cms\/wp-content\/uploads\/2019\/03\/jankucera-300x238.jpg 300w\" sizes=\"auto, (max-width: 658px) 100vw, 658px\" \/><figcaption id=\"caption-attachment-2047\" class=\"wp-caption-text\">Spolo\u010dn\u00e1 fotografia J\u00e1na a \u0160tefana Ku\u010derovcov<br \/>Arch\u00edv: Lidka \u010culenov\u00e1<\/figcaption><\/figure>\n<p>J\u00e1n Ku\u010dera sa narodil v Skalici 3. 2. 1883. Rodi\u010dia a jeho sestra M\u00e1ria b\u00fdvali na Poto\u010dnej ulici, teda ne\u010faleko pam\u00e4tn\u00edka, na ktorom je dnes jeho meno. Po \u0148om sa narodili e\u0161te \u010fal\u0161\u00ed s\u00farodenci, z ktor\u00fdch traja sa do\u017eili dospelosti. Ke\u010f Janek vyr\u00e1stol, bol zvolen\u00fd za predsedu ml\u00e1dencov \u201eKatol\u00edckeho kruhu\u201c v Skalici. A\u017e k\u00fdm narukoval do radov slabn\u00facej rak\u00fasko-uhorskej arm\u00e1dy a d\u0148a 27. m\u00e1ja 1917 padol na fronte. M\u00f4j star\u00fd otec \u0160tefan, Jankov mlad\u0161\u00ed brat, n\u00e1m ako de\u0165om rozpr\u00e1val o vojne. Ke\u010f\u017ee v\u0161ak mal iba vnu\u010dky, tie sa o vojnov\u00e9 z\u00e1\u017eitky m\u00e1lo zauj\u00edmali. Av\u0161ak jedna vec sa predsa v na\u0161ej rodine uchovala \u2013 Janek bol na fronte so svoj\u00edm bud\u00facim \u0161vagrom, Viktorom Jan\u010d\u00edkom \u2013 stol\u00e1rom v Skalici. A pr\u00e1ve Viktor bol pri tom, ke\u010f v z\u00e1kope bojovali mu\u017e proti mu\u017eovi a Janek bol usmrten\u00fd. Ke\u010f zomieral, mal pri sebe kamar\u00e1ta Viktora, rod\u00e1ka a bud\u00faceho man\u017eela svojej sestry M\u00e1rie. Janek Ku\u010dera m\u00e1 meno na tabuli v\u00a0Skalici, no pochovan\u00fd je v\u00a0\u010falekom \u010diernohorskom Berane.<\/p>\n<figure id=\"attachment_2048\" aria-describedby=\"caption-attachment-2048\" style=\"width: 514px\" class=\"wp-caption aligncenter\"><img loading=\"lazy\" decoding=\"async\" class=\"size-full wp-image-2048\" src=\"http:\/\/skalickyobzor.sk\/cms\/wp-content\/uploads\/2019\/03\/jankucera1.jpg\" alt=\"\" width=\"514\" height=\"685\" srcset=\"http:\/\/skalickyobzor.sk\/cms\/wp-content\/uploads\/2019\/03\/jankucera1.jpg 514w, http:\/\/skalickyobzor.sk\/cms\/wp-content\/uploads\/2019\/03\/jankucera1-225x300.jpg 225w\" sizes=\"auto, (max-width: 514px) 100vw, 514px\" \/><figcaption id=\"caption-attachment-2048\" class=\"wp-caption-text\">Vojensk\u00e1 z\u00e1slu\u017en\u00e1 medaila \u00fa\u010dastn\u00edkov 1.\u00a0svetovej vojny v rak\u00fasko-uhorskej arm\u00e1de<br \/>Arch\u00edv Lidka \u010culenov\u00e1<\/figcaption><\/figure>\n","protected":false},"excerpt":{"rendered":"<div class=\"mh-excerpt\"><p>Piatym menom a\u00a0s\u00fa\u010dasne piatym pr\u00edbehom z\u00a0pam\u00e4tn\u00edka vojakom, ktor\u00ed polo\u017eili \u017eivot v\u00a0pokuse monarchov o\u00a0in\u00e9 rozdelenie moci vo svete je J\u00e1n Ku\u010dera. Z\u00a0odstupu dne\u0161n\u00fdch dn\u00ed, a\u00a0ve\u013emi zjednodu\u0161ene, mohol tento konflikt vyzera\u0165 ako \u0161arv\u00e1tka v\u00a0rodine \u2013 nemeck\u00fd cis\u00e1r <a class=\"mh-excerpt-more\" href=\"http:\/\/skalickyobzor.sk\/cms\/pribehy-z-pamatnika-5\/\" title=\"Pr\u00edbehy z pam\u00e4tn\u00edka 1.svetovej vojny &#8211; J\u00e1n Ku\u010dera\">[&#8230;]<\/a><\/p>\n<\/div>","protected":false},"author":37,"featured_media":1662,"comment_status":"closed","ping_status":"closed","sticky":false,"template":"","format":"standard","meta":{"footnotes":""},"categories":[4],"tags":[],"class_list":{"0":"post-2046","1":"post","2":"type-post","3":"status-publish","4":"format-standard","5":"has-post-thumbnail","7":"category-ja-su-ze-skalice"},"_links":{"self":[{"href":"http:\/\/skalickyobzor.sk\/cms\/wp-json\/wp\/v2\/posts\/2046","targetHints":{"allow":["GET"]}}],"collection":[{"href":"http:\/\/skalickyobzor.sk\/cms\/wp-json\/wp\/v2\/posts"}],"about":[{"href":"http:\/\/skalickyobzor.sk\/cms\/wp-json\/wp\/v2\/types\/post"}],"author":[{"embeddable":true,"href":"http:\/\/skalickyobzor.sk\/cms\/wp-json\/wp\/v2\/users\/37"}],"replies":[{"embeddable":true,"href":"http:\/\/skalickyobzor.sk\/cms\/wp-json\/wp\/v2\/comments?post=2046"}],"version-history":[{"count":3,"href":"http:\/\/skalickyobzor.sk\/cms\/wp-json\/wp\/v2\/posts\/2046\/revisions"}],"predecessor-version":[{"id":2571,"href":"http:\/\/skalickyobzor.sk\/cms\/wp-json\/wp\/v2\/posts\/2046\/revisions\/2571"}],"wp:featuredmedia":[{"embeddable":true,"href":"http:\/\/skalickyobzor.sk\/cms\/wp-json\/wp\/v2\/media\/1662"}],"wp:attachment":[{"href":"http:\/\/skalickyobzor.sk\/cms\/wp-json\/wp\/v2\/media?parent=2046"}],"wp:term":[{"taxonomy":"category","embeddable":true,"href":"http:\/\/skalickyobzor.sk\/cms\/wp-json\/wp\/v2\/categories?post=2046"},{"taxonomy":"post_tag","embeddable":true,"href":"http:\/\/skalickyobzor.sk\/cms\/wp-json\/wp\/v2\/tags?post=2046"}],"curies":[{"name":"wp","href":"https:\/\/api.w.org\/{rel}","templated":true}]}}