{"id":2052,"date":"2019-03-08T04:02:36","date_gmt":"2019-03-08T03:02:36","guid":{"rendered":"http:\/\/skalickyobzor.sk\/cms\/?p=2052"},"modified":"2019-03-08T04:18:00","modified_gmt":"2019-03-08T03:18:00","slug":"totkaj-v-kozinach","status":"publish","type":"post","link":"http:\/\/skalickyobzor.sk\/cms\/totkaj-v-kozinach\/","title":{"rendered":"Totkaj v Kozin\u00e1ch"},"content":{"rendered":"<p>D\u0148a 2. 2. 2019 o\u00a0dvoch odpoled\u0148a za odmjaku sa stretli vinohradn\u00edci z\u00a0Kozinsk\u00e9ho spolku s\u00fased\u00fa (d\u00e1lej enom KSS). Tentokr\u00e1t sa tak stalo v\u00a0b\u00fa\u010fe u\u00a0m\u0148a, Petra Hr\u00e1nka, ker\u00fa tata Vlada Hr\u00e1nek zbudoval v\u00a0roku 1974 aj s\u00a0pjek\u0148e velk\u00edm vinohradem. A\u0148i v\u00e1m pres\u0148e nev\u00edm rekn\u00fat kolk\u00e1t\u00e1 ko\u0161t\u00fafka to pres\u0148e bila. Podla po\u010dt\u00fa moj\u00e9ho tatu m\u0148e vi\u0161lo (v\u00a0k\u0148i\u0161ce Skalick\u00e9 b\u00fadi sa v\u00a0rozhovori s\u00a0p. Dink\u00fa zm\u00ed\u0148il o\u00a027. ko\u0161t\u00fafce v\u00a0roku 2014), \u017ee t\u00e1to v\u00a0temto roku mosela mjet \u010d\u00edslo 32. Tolko k\u00a0matematice.<\/p>\n<p>Na ka\u017edoro\u010dn\u00ed ko\u0161t v\u00edna vinohrad\u0148\u00edci don\u00e9sli \u010derven\u00e9 (Vavrinec, Frankovku, Andr\u00e9, Dunaj, &#8230;) a to rovn\u00edch 29 vzork\u00fa. Tradi\u010d\u0148e pr\u00edpravu a rozl\u00e9va\u0148\u00ed vzorek mjel pod palcem p. Buta\u0161. \u010clovjek si pri ko\u0161\u0165e odpo\u010dinul od ka\u017edoden\u0148\u00edch staros\u0165\u00ed, a\u00a0proto\u017ee sa na\u0161\u0165es\u0165\u00ed neujali re\u010di o\u00a0politice, nemjeli sme a\u0148i d\u00favod dat si po hubje. Osob\u0148e m\u0148a po\u0165e\u0161ilo najv\u00edc, \u017ee sme nese\u010feli s\u00a0mobilama v\u00a0ruce. To bude asi t\u00edm, \u017ee sme jednak zadan\u00ed, u\u017e nejsme na \u0148ich z\u00e1visl\u00ed jak t\u00ed mlad\u00ed a\u00a0\u0161ecko sme si vir\u00edkali pjek\u0148e z\u00a0o\u010d\u00ed do o\u010d\u00ed.<\/p>\n<p>V\u00ed\u0165ezn\u00fa sa stala vzorka \u201eZweiglu\u201c od Janotu a na druh\u00e9m m\u00eds\u0165e skon\u010dil tak\u00e9 \u201ezweigl\u201c od Hr\u00e1nka. Zweigeltrebe vihr\u00e1l asi proto, lebo ked sem minul\u00ed rok sledoval vinohrad v t\u00edch such\u00edch p\u00edskoch, tak sem si r\u00edkal: \u201eSmek\u00e1m \u0161ir\u00e1k dole, vz\u00e1cn\u00e1 r\u00e9vo, to bich nedal!\u201c A\u00a0bude to asi pravda jak na\u0161a starenka r\u00edkali o\u00a0robo\u0165e ve vinohra\u010fe a\u00a0o\u00a0\u017eivo\u0165e: \u201eM\u00e1rn\u00e9 ludsk\u00e9 nam\u00e1h\u00e1\u0148\u00ed bez bo\u017e\u00edho po\u017eehn\u00e1\u0148\u00ed.\u201c<br \/>\nDo dal\u0161\u00edho roka s\u00a0na\u0161\u00edm nov\u00edm zvolen\u00edm preced\u00fa Martinem Mach\u00e1\u010dkem preju \u0161eck\u00edm vinohrad\u0148\u00edkom hod\u0148e l\u00e1ski k\u00a0vinohradu aj k\u00a0na\u0161\u00edm \u017een\u00e1m. T\u00e9\u0161 tej bo\u017e\u00ed pomoci pro\u0165i zmrzl\u00edm, kr\u00fapom a\u00a0suchu t\u00e9\u017e.<\/p>\n<p>Pozn. redakcije: Jak ka\u017ed\u00ed rok, aj v\u00a0osemn\u00e1st\u00e9m zadali kozin\u00e1ri majstrovi Borisovi Janotovi deset slov, ker\u00e9 bilo jeho povinnos\u0165\u00fa zakomponovat do po\u00e9mu. Nakolko tento rok bila b\u00e1s\u0148i\u010dka majitela b\u00e1s\u0148\u00edck\u00e9ho \u010dreva ke c\u0165enej akciji e\u0161\u0165e del\u0161\u00ed, ne\u017e obi\u010daj\u0148e, dovoluje si z\u00a0\u0148\u00ed redakcija ocitovat.<\/p>\n<p><strong><em>\u0147eco ze za\u010d\u00e1tku:<\/em><\/strong><br \/>\n<em>Tak vitajte a\u00a0zara\u010fte sa kamar\u00e1di z\u00a0Kozin <\/em><br \/>\n<em>na zased\u00e1n\u00ed d\u00fale\u017eit\u00e9, je ajtak u\u017e dos\u0165 hodin. <\/em><br \/>\n<em>Z\u00e1videli bi n\u00e1m \u0161eci, kebi oni vjedeli, <\/em><br \/>\n<em>\u017ee kamar\u00e1di z\u00a0KSS opjet po roku sedeli.<\/em><\/p>\n<p><strong><em>\u0147eco z\u00a0prostr\u00eddku:<\/em><\/strong><br \/>\n<em>Najlep\u0161\u00ed v\u00edne\u010dko z\u00a0Kozin sa vibere, <\/em><br \/>\n<em>vihraje jedin\u00e9, nigdo sa nesere.<\/em><\/p>\n<p><strong><em>A\u00a0\u0148eco z\u00a0konca:<\/em><\/strong><br \/>\n<em>Na konci b\u00e1sni\u010dki s\u00e1m sebja cituju, <\/em><br \/>\n<em>nakolko Kozini nav\u00edsos\u0165 miluju: <\/em><br \/>\n<em>\u201eV\u00edne\u010dko z\u00a0Kozin, do \u0161eck\u00edch dobr\u00edch rodin!\u201c.<\/em><\/p>\n<p>&nbsp;<\/p>\n<p><em>Kozin\u00e1r Pe\u0165a Hr\u00e1nek<\/em><\/p>\n","protected":false},"excerpt":{"rendered":"<div class=\"mh-excerpt\"><p>D\u0148a 2. 2. 2019 o\u00a0dvoch odpoled\u0148a za odmjaku sa stretli vinohradn\u00edci z\u00a0Kozinsk\u00e9ho spolku s\u00fased\u00fa (d\u00e1lej enom KSS). Tentokr\u00e1t sa tak stalo v\u00a0b\u00fa\u010fe u\u00a0m\u0148a, Petra Hr\u00e1nka, ker\u00fa tata Vlada Hr\u00e1nek zbudoval v\u00a0roku 1974 aj s\u00a0pjek\u0148e velk\u00edm <a class=\"mh-excerpt-more\" href=\"http:\/\/skalickyobzor.sk\/cms\/totkaj-v-kozinach\/\" title=\"Totkaj v Kozin\u00e1ch\">[&#8230;]<\/a><\/p>\n<\/div>","protected":false},"author":38,"featured_media":17,"comment_status":"closed","ping_status":"closed","sticky":false,"template":"","format":"standard","meta":{"footnotes":""},"categories":[10],"tags":[],"class_list":{"0":"post-2052","1":"post","2":"type-post","3":"status-publish","4":"format-standard","5":"has-post-thumbnail","7":"category-zaujalo-nas"},"_links":{"self":[{"href":"http:\/\/skalickyobzor.sk\/cms\/wp-json\/wp\/v2\/posts\/2052","targetHints":{"allow":["GET"]}}],"collection":[{"href":"http:\/\/skalickyobzor.sk\/cms\/wp-json\/wp\/v2\/posts"}],"about":[{"href":"http:\/\/skalickyobzor.sk\/cms\/wp-json\/wp\/v2\/types\/post"}],"author":[{"embeddable":true,"href":"http:\/\/skalickyobzor.sk\/cms\/wp-json\/wp\/v2\/users\/38"}],"replies":[{"embeddable":true,"href":"http:\/\/skalickyobzor.sk\/cms\/wp-json\/wp\/v2\/comments?post=2052"}],"version-history":[{"count":2,"href":"http:\/\/skalickyobzor.sk\/cms\/wp-json\/wp\/v2\/posts\/2052\/revisions"}],"predecessor-version":[{"id":2054,"href":"http:\/\/skalickyobzor.sk\/cms\/wp-json\/wp\/v2\/posts\/2052\/revisions\/2054"}],"wp:featuredmedia":[{"embeddable":true,"href":"http:\/\/skalickyobzor.sk\/cms\/wp-json\/wp\/v2\/media\/17"}],"wp:attachment":[{"href":"http:\/\/skalickyobzor.sk\/cms\/wp-json\/wp\/v2\/media?parent=2052"}],"wp:term":[{"taxonomy":"category","embeddable":true,"href":"http:\/\/skalickyobzor.sk\/cms\/wp-json\/wp\/v2\/categories?post=2052"},{"taxonomy":"post_tag","embeddable":true,"href":"http:\/\/skalickyobzor.sk\/cms\/wp-json\/wp\/v2\/tags?post=2052"}],"curies":[{"name":"wp","href":"https:\/\/api.w.org\/{rel}","templated":true}]}}