{"id":208,"date":"2017-10-05T19:49:45","date_gmt":"2017-10-05T17:49:45","guid":{"rendered":"http:\/\/skalickyobzor.sk\/cms\/?p=208"},"modified":"2017-11-29T15:01:30","modified_gmt":"2017-11-29T14:01:30","slug":"vazeni-poslanci-2","status":"publish","type":"post","link":"http:\/\/skalickyobzor.sk\/cms\/vazeni-poslanci-2\/","title":{"rendered":"V\u00e1\u017een\u00ed poslanci"},"content":{"rendered":"<p><strong>Rubrika V\u00c1\u017dEN\u00cd POSLANCI! je priestorom, ktor\u00fd v\u00e1m, \u010ditate\u013eom, prinesie jasno do postojov a n\u00e1zorov poslancov Mestsk\u00e9ho zastupite\u013estva k najz\u00e1va\u017enej\u0161\u00edm t\u00e9mam, ktor\u00e9 v\u00e1s zauj\u00edmaj\u00fa a ktor\u00e9 mus\u00ed mesto pre blaho svojich ob\u010danov rie\u0161i\u0165.<\/strong><\/p>\n<p><!--more--><\/p>\n<p>M\u00fadros\u0165 zastupite\u013esk\u00e9ho syst\u00e9mu je v tom, \u017ee v\u00e1\u0161 poslanec zastupuje va\u0161e z\u00e1ujmy, aby ste sa nemuseli o v\u0161etko stara\u0165 sami. Pozn\u00e1te v\u0161ak n\u00e1zory svojho poslanca? Ste si ist\u00ed, \u017ee vie, \u010do skuto\u010dne tr\u00e1pi v\u00e1s, va\u0161u ulicu, va\u0161u \u010das\u0165 mesta? Viete, ako hlasoval pri rozhodovan\u00ed o veciach, ktor\u00e9 ovplyv\u0148uj\u00fa \u017eivot n\u00e1s v\u0161etk\u00fdch? A nie len v\u00e1\u0161 poslanec \u2013 v\u0161etci s\u00fa na\u0161i. S\u00fa\u010das\u0165ou rubriky bude v\u017edy s\u00fahrn z\u00e1kladn\u00fdch inform\u00e1ci\u00ed k t\u00e9me, jej v\u00fdvoj, popis s\u00fa\u010dasn\u00e9ho stavu a v \u010dom je vlastne probl\u00e9m \u010di bod, v ktorom sa n\u00e1zory rozch\u00e1dzaj\u00fa. <\/p>\n<p>Po\u0161lite n\u00e1m svoje ot\u00e1zky. Vyberieme z nich najp\u00e1l\u010divej\u0161ie a v ka\u017edom \u010d\u00edsle polo\u017e\u00edme v\u0161etk\u00fdm jedin\u00fa rovnak\u00fa priamu ot\u00e1zku, na ktor\u00fa bude mo\u017en\u00e9 odpoveda\u0165 jednoducho len jednou z troch mo\u017enost\u00ed: <\/p>\n<p><strong>\u00c1NO | NIE | NEVIEM<\/strong><\/p>\n<p>A ak niekto v\u00f4bec neodpovie, aj to je odpove\u010f, ktor\u00e1 stoj\u00ed za zamyslenie&#8230;<\/p>\n<p>&nbsp;<\/p>\n<div id=\"poslanci\">\n<div class=\"poslanec\">\n<div class=\"foto\"><img decoding=\"async\" src=\"http:\/\/skalickyobzor.sk\/cms\/wp-content\/uploads\/2017\/10\/fotka_poslanca.jpg\" \/><\/div>\n<div class=\"meno\">BAR\u00c1T \u013dudov\u00edt<\/div>\n<div class=\"odpoved\">\u00c1NO | NIE | NEVIEM<\/div>\n<\/div>\n<div class=\"poslanec\">\n<div class=\"foto\"><img decoding=\"async\" src=\"http:\/\/skalickyobzor.sk\/cms\/wp-content\/uploads\/2017\/10\/fotka_poslanca.jpg\" \/><\/div>\n<div class=\"meno\">BARTO\u0160 Peter<\/div>\n<div class=\"odpoved\">\u00c1NO | NIE | NEVIEM<\/div>\n<\/div>\n<div class=\"poslanec\">\n<div class=\"foto\"><img decoding=\"async\" src=\"http:\/\/skalickyobzor.sk\/cms\/wp-content\/uploads\/2017\/10\/fotka_poslanca.jpg\" \/><\/div>\n<div class=\"meno\">\u010cUNDERL\u00cdK Juraj<\/div>\n<div class=\"odpoved\">\u00c1NO | NIE | NEVIEM<\/div>\n<\/div>\n<div class=\"poslanec\">\n<div class=\"foto\"><img decoding=\"async\" src=\"http:\/\/skalickyobzor.sk\/cms\/wp-content\/uploads\/2017\/10\/peter_hertl.jpg\" \/><\/div>\n<div class=\"meno\">HERTL Peter<\/div>\n<div class=\"odpoved\">\u00c1NO | NIE | NEVIEM<\/div>\n<\/div>\n<div class=\"poslanec\">\n<div class=\"foto\"><img decoding=\"async\" src=\"http:\/\/skalickyobzor.sk\/cms\/wp-content\/uploads\/2017\/10\/fotka_poslanca.jpg\" \/><\/div>\n<div class=\"meno\">CHOVANEC Stanislav<\/div>\n<div class=\"odpoved\">\u00c1NO | NIE | NEVIEM<\/div>\n<\/div>\n<div class=\"poslanec\">\n<div class=\"foto\"><img decoding=\"async\" src=\"http:\/\/skalickyobzor.sk\/cms\/wp-content\/uploads\/2017\/10\/fotka_poslanca.jpg\" \/><\/div>\n<div class=\"meno\">KADLE\u010c\u00cdK Franti\u0161ek<\/div>\n<div class=\"odpoved\">\u00c1NO | NIE | NEVIEM<\/div>\n<\/div>\n<div class=\"poslanec\">\n<div class=\"foto\"><img decoding=\"async\" src=\"http:\/\/skalickyobzor.sk\/cms\/wp-content\/uploads\/2017\/10\/fotka_poslanca.jpg\" \/><\/div>\n<div class=\"meno\">KOJ\u0160 Martin<\/div>\n<div class=\"odpoved\">\u00c1NO | NIE | NEVIEM<\/div>\n<\/div>\n<div class=\"poslanec\">\n<div class=\"foto\"><img decoding=\"async\" src=\"http:\/\/skalickyobzor.sk\/cms\/wp-content\/uploads\/2017\/10\/fotka_poslanca.jpg\" \/><\/div>\n<div class=\"meno\">KO\u0160\u00cdK \u013dudov\u00edt<\/div>\n<div class=\"odpoved\">\u00c1NO | NIE | NEVIEM<\/div>\n<\/div>\n<div class=\"poslanec\">\n<div class=\"foto\"><img decoding=\"async\" src=\"http:\/\/skalickyobzor.sk\/cms\/wp-content\/uploads\/2017\/10\/peter_kosik.jpg\" \/><\/div>\n<div class=\"meno\">KO\u0160\u00cdK Peter<\/div>\n<div class=\"odpoved\">\u00c1NO | NIE | NEVIEM<\/div>\n<\/div>\n<div class=\"poslanec\">\n<div class=\"foto\"><img decoding=\"async\" src=\"http:\/\/skalickyobzor.sk\/cms\/wp-content\/uploads\/2017\/10\/fotka_poslanca.jpg\" \/><\/div>\n<div class=\"meno\">KRIVSK\u00dd Du\u0161an<\/div>\n<div class=\"odpoved\">\u00c1NO | NIE | NEVIEM<\/div>\n<\/div>\n<div class=\"poslanec\">\n<div class=\"foto\"><img decoding=\"async\" src=\"http:\/\/skalickyobzor.sk\/cms\/wp-content\/uploads\/2017\/10\/anna_ozabalova.jpg\" \/><\/div>\n<div class=\"meno\">OZ\u00c1BALOV\u00c1 Anna<\/div>\n<div class=\"odpoved\">\u00c1NO | NIE | NEVIEM<\/div>\n<\/div>\n<div class=\"poslanec\">\n<div class=\"foto\"><img decoding=\"async\" src=\"http:\/\/skalickyobzor.sk\/cms\/wp-content\/uploads\/2017\/10\/fotka_poslanca.jpg\" \/><\/div>\n<div class=\"meno\">PAG\u00c1\u010c Peter<\/div>\n<div class=\"odpoved\">\u00c1NO | NIE | NEVIEM<\/div>\n<\/div>\n<div class=\"poslanec\">\n<div class=\"foto\"><img decoding=\"async\" src=\"http:\/\/skalickyobzor.sk\/cms\/wp-content\/uploads\/2017\/10\/fotka_poslanca.jpg\" \/><\/div>\n<div class=\"meno\">REKO\u0160OV\u00c1 Jana<\/div>\n<div class=\"odpoved\">\u00c1NO | NIE | NEVIEM<\/div>\n<\/div>\n<div class=\"poslanec\">\n<div class=\"foto\"><img decoding=\"async\" src=\"http:\/\/skalickyobzor.sk\/cms\/wp-content\/uploads\/2017\/10\/fotka_poslanca.jpg\" \/><\/div>\n<div class=\"meno\">ROMAN Milan<\/div>\n<div class=\"odpoved\">\u00c1NO | NIE | NEVIEM<\/div>\n<\/div>\n<div class=\"poslanec\">\n<div class=\"foto\"><img decoding=\"async\" src=\"http:\/\/skalickyobzor.sk\/cms\/wp-content\/uploads\/2017\/10\/fotka_poslanca.jpg\" \/><\/div>\n<div class=\"meno\">\u0160ANTAV\u00dd Rudolf<\/div>\n<div class=\"odpoved\">\u00c1NO | NIE | NEVIEM<\/div>\n<\/div>\n<div class=\"poslanec\">\n<div class=\"foto\"><img decoding=\"async\" src=\"http:\/\/skalickyobzor.sk\/cms\/wp-content\/uploads\/2017\/10\/michal_srholec.jpg\" \/><\/div>\n<div class=\"meno\">SRHOLEC Michal<\/div>\n<div class=\"odpoved\">\u00c1NO | NIE | NEVIEM<\/div>\n<\/div>\n<div class=\"poslanec\">\n<div class=\"foto\"><img decoding=\"async\" src=\"http:\/\/skalickyobzor.sk\/cms\/wp-content\/uploads\/2017\/10\/fotka_poslanca.jpg\" \/><\/div>\n<div class=\"meno\">\u0160TEFANEC Franti\u0161ek<\/div>\n<div class=\"odpoved\">\u00c1NO | NIE | NEVIEM<\/div>\n<\/div>\n<div class=\"poslanec\">\n<div class=\"foto\"><img decoding=\"async\" src=\"http:\/\/skalickyobzor.sk\/cms\/wp-content\/uploads\/2017\/10\/lukas_tison.jpg\" \/><\/div>\n<div class=\"meno\">TISO\u0147 Luk\u00e1\u0161<\/div>\n<div class=\"odpoved\">\u00c1NO | NIE | NEVIEM<\/div>\n<\/div>\n<div class=\"poslanec\">\n<div class=\"foto\"><img decoding=\"async\" src=\"http:\/\/skalickyobzor.sk\/cms\/wp-content\/uploads\/2017\/10\/fotka_poslanca.jpg\" \/><\/div>\n<div class=\"meno\">T\u00d3TH Alexander<\/div>\n<div class=\"odpoved\">\u00c1NO | NIE | NEVIEM<\/div>\n<\/div>\n<div class=\"poslanec\">\n<div class=\"foto\"><img decoding=\"async\" src=\"http:\/\/skalickyobzor.sk\/cms\/wp-content\/uploads\/2017\/10\/fotka_poslanca.jpg\" \/><\/div>\n<div class=\"meno\">VIDOVI\u010c Daniel<\/div>\n<div class=\"odpoved\">\u00c1NO | NIE | NEVIEM<\/div>\n<\/div>\n<\/div>\n<p>&nbsp;<\/p>\n<p>&nbsp;<\/p>\n<p><em>Mil\u00ed Skali\u010dania, zauj\u00edma v\u00e1s dajak\u00e1 t\u00e9ma alebo m\u00e1te ot\u00e1zku na poslancov? Podnety m\u00f4\u017eete zasiela\u0165 na adresu redakcie skalickyobzor@skalickyobzor.sk. \u010eakujeme!<\/em><\/p>\n","protected":false},"excerpt":{"rendered":"<div class=\"mh-excerpt\"><p>Rubrika V\u00c1\u017dEN\u00cd POSLANCI! je priestorom, ktor\u00fd v\u00e1m, \u010ditate\u013eom, prinesie jasno do postojov a n\u00e1zorov poslancov Mestsk\u00e9ho zastupite\u013estva k najz\u00e1va\u017enej\u0161\u00edm t\u00e9mam, ktor\u00e9 v\u00e1s zauj\u00edmaj\u00fa a ktor\u00e9 mus\u00ed mesto pre blaho svojich ob\u010danov rie\u0161i\u0165.<\/p>\n<\/div>","protected":false},"author":1,"featured_media":239,"comment_status":"closed","ping_status":"closed","sticky":false,"template":"","format":"standard","meta":{"footnotes":""},"categories":[9],"tags":[],"class_list":{"0":"post-208","1":"post","2":"type-post","3":"status-publish","4":"format-standard","5":"has-post-thumbnail","7":"category-vazeni-poslanci"},"_links":{"self":[{"href":"http:\/\/skalickyobzor.sk\/cms\/wp-json\/wp\/v2\/posts\/208","targetHints":{"allow":["GET"]}}],"collection":[{"href":"http:\/\/skalickyobzor.sk\/cms\/wp-json\/wp\/v2\/posts"}],"about":[{"href":"http:\/\/skalickyobzor.sk\/cms\/wp-json\/wp\/v2\/types\/post"}],"author":[{"embeddable":true,"href":"http:\/\/skalickyobzor.sk\/cms\/wp-json\/wp\/v2\/users\/1"}],"replies":[{"embeddable":true,"href":"http:\/\/skalickyobzor.sk\/cms\/wp-json\/wp\/v2\/comments?post=208"}],"version-history":[{"count":2,"href":"http:\/\/skalickyobzor.sk\/cms\/wp-json\/wp\/v2\/posts\/208\/revisions"}],"predecessor-version":[{"id":213,"href":"http:\/\/skalickyobzor.sk\/cms\/wp-json\/wp\/v2\/posts\/208\/revisions\/213"}],"wp:featuredmedia":[{"embeddable":true,"href":"http:\/\/skalickyobzor.sk\/cms\/wp-json\/wp\/v2\/media\/239"}],"wp:attachment":[{"href":"http:\/\/skalickyobzor.sk\/cms\/wp-json\/wp\/v2\/media?parent=208"}],"wp:term":[{"taxonomy":"category","embeddable":true,"href":"http:\/\/skalickyobzor.sk\/cms\/wp-json\/wp\/v2\/categories?post=208"},{"taxonomy":"post_tag","embeddable":true,"href":"http:\/\/skalickyobzor.sk\/cms\/wp-json\/wp\/v2\/tags?post=208"}],"curies":[{"name":"wp","href":"https:\/\/api.w.org\/{rel}","templated":true}]}}