{"id":2090,"date":"2019-03-08T04:08:35","date_gmt":"2019-03-08T03:08:35","guid":{"rendered":"http:\/\/skalickyobzor.sk\/cms\/?p=2090"},"modified":"2020-11-24T16:27:19","modified_gmt":"2020-11-24T15:27:19","slug":"skalicke-ulice-hviezdoslavova","status":"publish","type":"post","link":"http:\/\/skalickyobzor.sk\/cms\/skalicke-ulice-hviezdoslavova\/","title":{"rendered":"Skalick\u00e9 ulice &#8211; Hviezdoslavova"},"content":{"rendered":"<p>B\u00e1snika Pavla Orsz\u00e1gha Hviezdoslava (2. 2. 1849, Vy\u0161n\u00fd Kub\u00edn \u2013\u00a08.\u00a011. 1921, Doln\u00fd Kub\u00edn), ktor\u00e9ho 170. v\u00fdro\u010die narodenia si pripom\u00edname, netreba nejako zvl\u00e1\u0161\u0165 predstavova\u0165. Sk\u00f4r si povieme o\u00a0jeho vz\u0165ahu ku Skalici a\u00a0Z\u00e1horiu. Napr\u00edklad v\u00a0skalickej \u0160karniclovskej tla\u010diarni vy\u0161iel roku 1868 Hviezdoslavov debut B\u00e1snick\u00e9 prviesenky Jozefa Zbransk\u00e9ho. Cestu do kn\u00edhtla\u010diarne prekliesnil P.\u00a0Orsz\u00e1ghovi, neskor\u0161iemu Hviezdoslavovi, Viliam Paul\u00edny-T\u00f3th.<\/p>\n<p>O\u00a0tri roky nesk\u00f4r putovali Hviezdoslavove ver\u0161e znovu do Skalice. Vy\u0161li v\u00a0roku 1871 v\u00a0almanachu Napred. K\u00fdm so Skalicou udr\u017eiaval Hviezdoslav len p\u00edsomn\u00e9 kontakty, Senica sa stala pre neho nezabudnute\u013en\u00fdm meste\u010dkom, kde str\u00e1vil dva plodn\u00e9 roky svojho \u017eivota, v\u00a0\u010dase pr\u00edprav na advok\u00e1tsku sk\u00fa\u0161ku, u\u00a0advok\u00e1ta \u0160tefana Fajnora. Zo Senice p\u00edsal b\u00e1snik listy a\u00a0ver\u0161e svojej sn\u00fabenici Ilonke, celkovo to bolo 25 b\u00e1sn\u00ed, zachovali sa len dve \u2013 Ty a\u00a0Tvoje o\u010di. Ke\u010f Hviezdoslav zomrel, vlo\u017eila mu ich jeho pani do rakve. Senick\u00e9mu prostrediu je v\u0161ak v\u010fakou zaviazan\u00e1 i\u00a0na\u0161a liter\u00e1rna hist\u00f3ria, preto\u017ee je sp\u00e4t\u00e1 s\u00a0b\u00e1s\u0148ou osvet\u013euj\u00facou vznik jeho b\u00e1snick\u00e9ho mena Hviezdoslav.<\/p>\n<p>B\u00e1se\u0148 sa kon\u010d\u00ed t\u00fdmito ver\u0161ami:<\/p>\n<p><em>Vy, nad\u0161ene nado mnou pl\u00e1polaj\u00face hviezdy, <\/em><br \/>\n<em>v\u00e1\u0161 poh\u013ead noc tak ute\u0161en\u00fa rob\u00ed. <\/em><br \/>\n<em>Ach, v\u00e1s ja v\u00eddam, v\u00eddam v\u017edycky r\u00e1d, <\/em><br \/>\n<em>vo v\u00e1s od mladi zvyknem sa kocha\u0165. <\/em><br \/>\n<em>Od v\u00e1s si meno sl\u00e1vne po\u017ei\u010dav, <\/em><br \/>\n<em>vedzte, \u017ee zvem sa Pavol Hviezdoslav!<\/em><\/p>\n<p>Koncom 19. storo\u010dia si za\u010dal s Hviezdoslavom dopisova\u0165 aj Skali\u010dan, hlasista Dr. Pavel Blaho. Po n\u00e1vrate z prvej americkej cesty mu doru\u010dil zlat\u00fd odznak \u010destn\u00e9ho \u010dlenstva N\u00e1rodn\u00e9ho slovensk\u00e9ho spolku od americk\u00fdch Slov\u00e1kov. V sprievodnom liste mu tlmo\u010dil, \u017ee posielan\u00fd odznak je prejavom v\u010faky americk\u00fdch Slov\u00e1kov \u201eza pr\u00e1ce a z\u00e1sluhy vyz\u00edskan\u00e9 na poli slobody a osvety n\u00e1roda slovensk\u00e9ho\u201c i za ve\u013ek\u00fa podporu mlad\u00fdm \u013eu\u010fom v b\u00e1sni \u00d3, ml\u00e1de\u017e na\u0161a&#8230; Najkraj\u0161\u00edm prejavom v\u010fa\u010dnosti mlad\u00fdch za Hviezdoslavovu mor\u00e1lnu podporu hlasistick\u00e9ho hnutia bolo Blahom zredigovan\u00e9 apr\u00edlov\u00e9 \u010d\u00edslo prv\u00e9ho ro\u010dn\u00edka Hlasu. Poslal ho na jar 1899 zo Skalice do \u0161\u00edreho sveta, ako pozdrav hlasistov k\u00a0abrah\u00e1movin\u00e1m oravsk\u00e9ho pevca. S\u00e1m sa potom ako lek\u00e1r obetavo staral o\u00a0Hviezdoslava po\u010das jeho lie\u010debn\u00e9ho pobytu v\u00a0Luha\u010doviciach.<\/p>\n","protected":false},"excerpt":{"rendered":"<div class=\"mh-excerpt\"><p>B\u00e1snika Pavla Orsz\u00e1gha Hviezdoslava (2. 2. 1849, Vy\u0161n\u00fd Kub\u00edn \u2013\u00a08.\u00a011. 1921, Doln\u00fd Kub\u00edn), ktor\u00e9ho 170. v\u00fdro\u010die narodenia si pripom\u00edname, netreba nejako zvl\u00e1\u0161\u0165 predstavova\u0165. Sk\u00f4r si povieme o\u00a0jeho vz\u0165ahu ku Skalici a\u00a0Z\u00e1horiu. Napr\u00edklad v\u00a0skalickej \u0160karniclovskej tla\u010diarni <a class=\"mh-excerpt-more\" href=\"http:\/\/skalickyobzor.sk\/cms\/skalicke-ulice-hviezdoslavova\/\" title=\"Skalick\u00e9 ulice &#8211; Hviezdoslavova\">[&#8230;]<\/a><\/p>\n<\/div>","protected":false},"author":16,"featured_media":17,"comment_status":"closed","ping_status":"closed","sticky":false,"template":"","format":"standard","meta":{"footnotes":""},"categories":[24],"tags":[],"class_list":{"0":"post-2090","1":"post","2":"type-post","3":"status-publish","4":"format-standard","5":"has-post-thumbnail","7":"category-skalicke-ulice"},"_links":{"self":[{"href":"http:\/\/skalickyobzor.sk\/cms\/wp-json\/wp\/v2\/posts\/2090","targetHints":{"allow":["GET"]}}],"collection":[{"href":"http:\/\/skalickyobzor.sk\/cms\/wp-json\/wp\/v2\/posts"}],"about":[{"href":"http:\/\/skalickyobzor.sk\/cms\/wp-json\/wp\/v2\/types\/post"}],"author":[{"embeddable":true,"href":"http:\/\/skalickyobzor.sk\/cms\/wp-json\/wp\/v2\/users\/16"}],"replies":[{"embeddable":true,"href":"http:\/\/skalickyobzor.sk\/cms\/wp-json\/wp\/v2\/comments?post=2090"}],"version-history":[{"count":2,"href":"http:\/\/skalickyobzor.sk\/cms\/wp-json\/wp\/v2\/posts\/2090\/revisions"}],"predecessor-version":[{"id":2092,"href":"http:\/\/skalickyobzor.sk\/cms\/wp-json\/wp\/v2\/posts\/2090\/revisions\/2092"}],"wp:featuredmedia":[{"embeddable":true,"href":"http:\/\/skalickyobzor.sk\/cms\/wp-json\/wp\/v2\/media\/17"}],"wp:attachment":[{"href":"http:\/\/skalickyobzor.sk\/cms\/wp-json\/wp\/v2\/media?parent=2090"}],"wp:term":[{"taxonomy":"category","embeddable":true,"href":"http:\/\/skalickyobzor.sk\/cms\/wp-json\/wp\/v2\/categories?post=2090"},{"taxonomy":"post_tag","embeddable":true,"href":"http:\/\/skalickyobzor.sk\/cms\/wp-json\/wp\/v2\/tags?post=2090"}],"curies":[{"name":"wp","href":"https:\/\/api.w.org\/{rel}","templated":true}]}}