{"id":2121,"date":"2019-04-07T21:00:40","date_gmt":"2019-04-07T19:00:40","guid":{"rendered":"http:\/\/skalickyobzor.sk\/cms\/?p=2121"},"modified":"2019-04-07T21:32:52","modified_gmt":"2019-04-07T19:32:52","slug":"obzor-zo-dna-5-apr-1864","status":"publish","type":"post","link":"http:\/\/skalickyobzor.sk\/cms\/obzor-zo-dna-5-apr-1864\/","title":{"rendered":"Obzor zo d\u0148a 5. apr. 1864"},"content":{"rendered":"<p>Apr\u00edl 1864 bol svedkom nieko\u013ek\u00fdch udalost\u00ed. ktor\u00e9 s\u00edce neurobili ve\u013ek\u00fa br\u00e1zdu v dejin\u00e1ch, ale z\u010faleka neboli bezv\u00fdznamn\u00e9. Pre n\u00e1s je najd\u00f4le\u017eitej\u0161ie, \u017ee 6. apr\u00edla bol polo\u017een\u00fd z\u00e1kladn\u00fd kame\u0148 Matice slovenskej. Historick\u00e1 budova bola postaven\u00e1 pod\u013ea n\u00e1vrhu architekta Karola Horera. Dva dni predt\u00fdm sa v\u00a0New Yorku konal najv\u00e4\u010d\u0161\u00ed sanit\u00e1rny ve\u013etrh v\u00a0hist\u00f3rii, z\u00a0ktor\u00e9ho v\u00fdnos viac ako mili\u00f3n dol\u00e1rov i\u0161iel na ranen\u00fdch vojakov \u00danie, preto\u017ee e\u0161te st\u00e1le trvala ob\u010dianska vojna. 10.\u00a04. sa stal rak\u00fasky vojvoda Maximili\u00e1n mexick\u00fdm cis\u00e1rom, \u010do ho nesk\u00f4r st\u00e1lo \u017eivot a\u00a029. apr\u00edla na druhom konci sveta, na Novom Z\u00e9lande utrpelo 1700 britsk\u00fdch vojakov por\u00e1\u017eku od 230 maorsk\u00fdch bojovn\u00edkov!<\/p>\n<hr \/>\n<p><img loading=\"lazy\" decoding=\"async\" class=\"aligncenter size-full wp-image-2122\" src=\"http:\/\/skalickyobzor.sk\/cms\/wp-content\/uploads\/2019\/04\/stary_4-20191.jpg\" alt=\"\" width=\"615\" height=\"514\" srcset=\"http:\/\/skalickyobzor.sk\/cms\/wp-content\/uploads\/2019\/04\/stary_4-20191.jpg 615w, http:\/\/skalickyobzor.sk\/cms\/wp-content\/uploads\/2019\/04\/stary_4-20191-300x251.jpg 300w\" sizes=\"auto, (max-width: 615px) 100vw, 615px\" \/><\/p>\n<hr \/>\n<p><img loading=\"lazy\" decoding=\"async\" class=\"aligncenter size-full wp-image-2123\" src=\"http:\/\/skalickyobzor.sk\/cms\/wp-content\/uploads\/2019\/04\/stary_4-20192.jpg\" alt=\"\" width=\"618\" height=\"621\" srcset=\"http:\/\/skalickyobzor.sk\/cms\/wp-content\/uploads\/2019\/04\/stary_4-20192.jpg 618w, http:\/\/skalickyobzor.sk\/cms\/wp-content\/uploads\/2019\/04\/stary_4-20192-150x150.jpg 150w, http:\/\/skalickyobzor.sk\/cms\/wp-content\/uploads\/2019\/04\/stary_4-20192-300x300.jpg 300w\" sizes=\"auto, (max-width: 618px) 100vw, 618px\" \/><\/p>\n<p>Z\u00e1bavnica.<br \/>\nJako jeden \u201espisovatel\u201c pochodil. Teraj\u0161\u00ed kr\u00e1l \u0161w\u00e9dsky, Karol 15-ty, wydal pred kr\u00e1tkym \u010dasom sbierku podaren\u00fdch b\u00e1sn\u00ed swojich tiskom, \u010do k nasleduj\u00facej udalosti pr\u00ed\u010dinu zawdalo. Kr\u00e1l toti\u017e ned\u00e1wno naw\u0161t\u00edvil, iba jedn\u00fdm pobo\u010dn\u00edkom \u010di adjunktom sprew\u00e1dzan\u00fd, mesto Falun a zasadnul w hostinci, kde si dobr\u00fd obed pristrojiti dali; rozumie sa, \u017ee p\u00e1n hostinsk\u00fd we\u013emi radostne obsluhoval pocestn\u00fdch. ktor\u00ed swojim obedom z\u00e1mo\u017enos\u0165 prezradzowali. Po obede hostinsk\u00fd predlo\u017eil \u201eknihu pocestn\u00fdch\u201c a \u017eiadal, aby sa do nej wo smysle krajinsk\u00fdch poriadkow zap\u00edsali, \u010do kr\u00e1\u013e urobil a\u00a0podp\u00edsal sa: \u201eKarol, liter\u00e1t\u201c (spisowatel); pobo\u010dn\u00edk zap\u00edsal swoje meno a\u00a0obydlie w Stokholme. Pri we\u010deri po\u010d\u00ednal si hostinsk\u00fd s\u00a0na\u0161imi pocestn\u00fdmi welmi diwne, jakoby pred ostatn\u00fdmi hostmi chcel da\u0165 najawo, \u017ee mu na tom \u201espisowatelowi\u201c m\u00e1lo z\u00e1le\u017e\u00ed, bo bezpochyby myslel, \u017ee i\u00a0pe\u0148a\u017eit\u00e9 wrecko kr\u00e1tko bude. Na druh\u00fd de\u0148 \u017eiadal Karol \u00fa\u010dty na pr\u00edjme, ktor\u00e9 ked hostinsk\u00fd doru\u010dil, kr\u00e1l na cedulu wlastnoru\u010dne pozna\u010dil: \u201ewidel a\u00a0wyplatil Karol p\u00e4tn\u00e1cty\u201c. Teraz prawda switlo hostinsk\u00e9mu w ro\u017eku, ale u\u017e bolo pozde; kr\u00e1l sa \u00factiwe odobral a\u00a0prestra\u0161en\u00fd hostinsk\u00fd wywalil o\u010di \u201eako pl\u00e1nky\u201c za odch\u00e1dzaj\u00facim liter\u00e1tom.<\/p>\n<hr \/>\n<p><img loading=\"lazy\" decoding=\"async\" class=\"aligncenter size-full wp-image-2124\" src=\"http:\/\/skalickyobzor.sk\/cms\/wp-content\/uploads\/2019\/04\/stary_4-20193.jpg\" alt=\"\" width=\"612\" height=\"559\" srcset=\"http:\/\/skalickyobzor.sk\/cms\/wp-content\/uploads\/2019\/04\/stary_4-20193.jpg 612w, http:\/\/skalickyobzor.sk\/cms\/wp-content\/uploads\/2019\/04\/stary_4-20193-300x274.jpg 300w\" sizes=\"auto, (max-width: 612px) 100vw, 612px\" \/><\/p>\n<hr \/>\n<p><img loading=\"lazy\" decoding=\"async\" class=\"aligncenter size-mhmagazinecontent wp-image-2125\" src=\"http:\/\/skalickyobzor.sk\/cms\/wp-content\/uploads\/2019\/04\/stary_4-20194.jpg\" alt=\"\" width=\"615\" height=\"232\" srcset=\"http:\/\/skalickyobzor.sk\/cms\/wp-content\/uploads\/2019\/04\/stary_4-20194.jpg 615w, http:\/\/skalickyobzor.sk\/cms\/wp-content\/uploads\/2019\/04\/stary_4-20194-300x113.jpg 300w\" sizes=\"auto, (max-width: 615px) 100vw, 615px\" \/><\/p>\n<hr \/>\n<p><img loading=\"lazy\" decoding=\"async\" class=\"aligncenter size-mhmagazinecontent wp-image-2126\" src=\"http:\/\/skalickyobzor.sk\/cms\/wp-content\/uploads\/2019\/04\/staryobzor_4-1864.jpg\" alt=\"\" width=\"589\" height=\"761\" srcset=\"http:\/\/skalickyobzor.sk\/cms\/wp-content\/uploads\/2019\/04\/staryobzor_4-1864.jpg 589w, http:\/\/skalickyobzor.sk\/cms\/wp-content\/uploads\/2019\/04\/staryobzor_4-1864-232x300.jpg 232w\" sizes=\"auto, (max-width: 589px) 100vw, 589px\" \/><\/p>\n","protected":false},"excerpt":{"rendered":"<div class=\"mh-excerpt\"><p>Apr\u00edl 1864 bol svedkom nieko\u013ek\u00fdch udalost\u00ed. ktor\u00e9 s\u00edce neurobili ve\u013ek\u00fa br\u00e1zdu v dejin\u00e1ch, ale z\u010faleka neboli bezv\u00fdznamn\u00e9. Pre n\u00e1s je najd\u00f4le\u017eitej\u0161ie, \u017ee 6. apr\u00edla bol polo\u017een\u00fd z\u00e1kladn\u00fd kame\u0148 Matice slovenskej. Historick\u00e1 budova bola postaven\u00e1 pod\u013ea <a class=\"mh-excerpt-more\" href=\"http:\/\/skalickyobzor.sk\/cms\/obzor-zo-dna-5-apr-1864\/\" title=\"Obzor zo d\u0148a 5. apr. 1864\">[&#8230;]<\/a><\/p>\n<\/div>","protected":false},"author":1,"featured_media":17,"comment_status":"closed","ping_status":"closed","sticky":false,"template":"","format":"standard","meta":{"footnotes":""},"categories":[17],"tags":[],"class_list":{"0":"post-2121","1":"post","2":"type-post","3":"status-publish","4":"format-standard","5":"has-post-thumbnail","7":"category-zo-starych-obzorov"},"_links":{"self":[{"href":"http:\/\/skalickyobzor.sk\/cms\/wp-json\/wp\/v2\/posts\/2121","targetHints":{"allow":["GET"]}}],"collection":[{"href":"http:\/\/skalickyobzor.sk\/cms\/wp-json\/wp\/v2\/posts"}],"about":[{"href":"http:\/\/skalickyobzor.sk\/cms\/wp-json\/wp\/v2\/types\/post"}],"author":[{"embeddable":true,"href":"http:\/\/skalickyobzor.sk\/cms\/wp-json\/wp\/v2\/users\/1"}],"replies":[{"embeddable":true,"href":"http:\/\/skalickyobzor.sk\/cms\/wp-json\/wp\/v2\/comments?post=2121"}],"version-history":[{"count":1,"href":"http:\/\/skalickyobzor.sk\/cms\/wp-json\/wp\/v2\/posts\/2121\/revisions"}],"predecessor-version":[{"id":2127,"href":"http:\/\/skalickyobzor.sk\/cms\/wp-json\/wp\/v2\/posts\/2121\/revisions\/2127"}],"wp:featuredmedia":[{"embeddable":true,"href":"http:\/\/skalickyobzor.sk\/cms\/wp-json\/wp\/v2\/media\/17"}],"wp:attachment":[{"href":"http:\/\/skalickyobzor.sk\/cms\/wp-json\/wp\/v2\/media?parent=2121"}],"wp:term":[{"taxonomy":"category","embeddable":true,"href":"http:\/\/skalickyobzor.sk\/cms\/wp-json\/wp\/v2\/categories?post=2121"},{"taxonomy":"post_tag","embeddable":true,"href":"http:\/\/skalickyobzor.sk\/cms\/wp-json\/wp\/v2\/tags?post=2121"}],"curies":[{"name":"wp","href":"https:\/\/api.w.org\/{rel}","templated":true}]}}