{"id":2138,"date":"2019-04-07T21:07:50","date_gmt":"2019-04-07T19:07:50","guid":{"rendered":"http:\/\/skalickyobzor.sk\/cms\/?p=2138"},"modified":"2019-04-07T21:34:13","modified_gmt":"2019-04-07T19:34:13","slug":"osobne-priznania-a-vyznania","status":"publish","type":"post","link":"http:\/\/skalickyobzor.sk\/cms\/osobne-priznania-a-vyznania\/","title":{"rendered":"Osobn\u00e9 priznania a vyznania"},"content":{"rendered":"<p><strong>Prv\u00e9 priznanie:<\/strong> Znepokojilo ma, ba priam zarazilo, \u010do odkryla anketa <em>Najv\u00e4\u010d\u0161\u00ed Slov\u00e1k.<\/em> Uvedomenie si, ako n\u00e1m ch\u00fdba poznanie na\u0161ej dejinnosti a\u00a0kult\u00farnych s\u00favislost\u00ed v\u00a0nej.<br \/>\nPote\u0161ila ma nomin\u00e1cia Antona Bernol\u00e1ka \u2013 o \u013dudov\u00edtovi \u0160t\u00farovi som nepochybovala. Ale \u010do ma najv\u00e4\u010d\u0161mi zarazilo \u2013 absencia mu\u017ea, ktor\u00e9ho pr\u00e1ve \u013dudov\u00edt \u0160t\u00far ozna\u010dil za<strong> Otca Slov\u00e1kov<\/strong> a\u00a0bez ktor\u00e9ho diela by sa aj Anton Bernol\u00e1k v\u00a0s\u00fa\u010dasnosti stal iba predmetom z\u00e1ujmu jazykovedcov: Nepochopite\u013ene v\u00a0zozname ch\u00fdba <strong>J\u00e1n Holl\u00fd.<\/strong><\/p>\n<p>St\u00e1le si nechceme uvedomi\u0165 fakt, \u017ee v\u00a0\u010dase najvy\u0161\u0161ieho n\u00e1rodn\u00e9ho ohrozenia zo s\u00fastavne prib\u00fadaj\u00facich ma\u010fariza\u010dn\u00fdch z\u00e1konov, bez n\u00e1rodn\u00e9ho centra, pretrv\u00e1vaj\u00faceho konfesion\u00e1lneho rozdelenia slovenskej inteligencie, ke\u010f \u201ez\u00a0ka\u017edej ve\u017ei\u010dky odzv\u00e1\u0148ali Slov\u00e1kom\u201c (S. H. Vajansk\u00fd) \u2013 na n\u00e1rodn\u00fa sc\u00e9nu vst\u00fapil roku 1833 epos Svatopluk. R\u00e1zne, kr\u00e1sne, a\u00a0jednozna\u010dne, strhuj\u00faco:<\/p>\n<p style=\"padding-left: 40px;\"><em>Ve\u010d\u0148e-\u013ei ods\u00fa\u010fen k\u00a0tomu je tu na sve\u0165e n\u00e1rod,<\/em><br \/>\n<em>Pod cudz\u00edm abi \u013een sme zaprah\u013e\u00ed d\u00edcha\u013ei j\u00e1rmom<\/em><br \/>\n<em>A\u00a0vlastn\u00fa slobodu, vlastn\u00fa \u0148eu\u017e\u00edva\u013ei volnos\u0165?<\/em><br \/>\n<em>\u010co\u017e na to utla\u010den\u00ed pove\u010f\u00e1 n\u00e1m \u0148ekdi potomci?<\/em><br \/>\n<em>Dajme sa roz\u0165a\u0165 a\u00a0krv do pos\u013eedn\u00e9j kapki vi\u013eejme,<\/em><br \/>\n<em>K\u013eesl\u00fa ne\u017e slobod\u00fa v\u00a0otrock\u00e9m j\u00e1rme nar\u00edka\u0165.<\/em><br \/>\n<strong><em>(5. spev)<\/em><\/strong><\/p>\n<p>\u201e\u010co\u017e na to utla\u010den\u00ed pove\u010f\u00e1 n\u00e1m \u0148ekdi potomci!\u201c Zodpovednos\u0165 za bud\u00facnos\u0165. A\u00a0ml\u00e1denci z\u00a0bratislavsk\u00e9ho evanjelick\u00e9ho l\u00fdcea za\u010dali kona\u0165 \u201ep\u00fate do Madun\u00edc\u201c (J. M. Hurban) na katol\u00edcku faru, a\u00a0ke\u010f na pam\u00e4tnej dev\u00ednskej vych\u00e1dzke prij\u00edmali na novom, n\u00e1rodnom krste \u201eslovansk\u00e9\u201c pr\u00edmen\u00e1, v\u0161etky boli prevzat\u00e9 pod\u013ea hrdinov z\u00a0eposu Svatopluk. A\u00a0zab\u00fadame s\u00a0k\u00fdm sa i\u0161la z\u00a0Hlbok\u00e9ho \u201ekodifika\u010dn\u00e1 trojica\u201c poradi\u0165 na Dobr\u00fa Vodu, komu v\u00a0\u00faplnosti d\u00f4verovala. K\u00a0Holl\u00e9mu pristupovali slovensk\u00ed b\u00e1snici, kritici a\u00a0liter\u00e1rni historici ako k\u00a0pevnej istote v\u017edy v\u00a0najkritickej\u0161\u00edch \u010dasoch n\u00e1rodnej existencie, stal sa \u201enadliter\u00e1rnym\u201c symbolom slovenskosti. Ke\u010f si v\u00a0tomto roku pripom\u00edname 170. v\u00fdro\u010die \u00famrtia, jeho absencia v\u00a0ankete je trpk\u00fd paradox. Ch\u00fdba v\u00a0nej mu\u017e, na pleciach ktor\u00e9ho stoj\u00edme.<\/p>\n<p><strong>Druh\u00e9 priznanie:<\/strong> Aj moja vlastn\u00e1 cesta k \u201epoznaniu\u201c nebola hne\u010f priamo\u010diara, dos\u0165 dlho som si nebola vedom\u00e1 jej smerovania. A to aj napriek \u201esmerovk\u00e1m\u201c, ktor\u00fdm som nepripisovala skuto\u010dn\u00fd zmysel. \u00c1no, narodila som sa oproti jeho rodn\u00e9mu domu, \u00e1no, denne som v\u00eddala jeho sochu, \u00e1no, ako deti sme sa okolo jeho pomn\u00edka nah\u00e1\u0148ali. Nikto n\u00e1m nebr\u00e1nil: cel\u00fd are\u00e1l bol opusten\u00fd pre Holl\u00e9ho \u201ezl\u00fd k\u00e1drov\u00fd posudok\u201c, katol\u00edckeho k\u0148aza, a\u017e k\u00fdm sa ho neujal spr\u00e1vca miestneho kina, zn\u00e1my k\u00fazeln\u00edk Chung Julis \u2013 Eduard Cup\u00e1k, a niektor\u00ed n\u00e1rodne c\u00edtiaci vzdelan\u00ed komunisti ho za\u010dali chr\u00e1ni\u0165 cez Selanky ako zobrazovate\u013ea \u017eivota pracuj\u00faceho \u013eudu, \u010do pomohlo liter\u00e1rnym vedcom \u201eodch\u00fdli\u0165 dvierka\u201c do seri\u00f3zneho v\u00fdskumu a\u00a0zachr\u00e1ni\u0165 Holl\u00e9ho v\u00a0u\u010debn\u00fdch osnov\u00e1ch. \u00c1no, postupne som z\u00edskavala vzdelanie v\u00a0jeho stop\u00e1ch \u2013 Borsk\u00fd Mikul\u00e1\u0161, Skalica, Trnava, Bratislava. \u00c1no, c\u00edtila som v\u00a0Skalici hrdos\u0165 pred pam\u00e4tnou tabu\u013eou aj s\u00a0jeho menom a\u00a0\u017ee kr\u00e1\u010dam chodbami, ktor\u00fdmi dva roky chodil aj on. \u00c1no, ako sloven\u010din\u00e1rka som rada o\u00a0\u0148om u\u010dila \u2013 a\u00a0prizn\u00e1vam sa, \u017ee vtedy som v\u0161ak e\u0161te st\u00e1le netu\u0161ila, \u010do v\u0161etko som o\u00a0\u0148om nevedela. A\u00a0\u017ee ma to ani neznepokojovalo, lebo som mala dojem, \u017ee u\u017e o\u00a0\u0148om bolo nap\u00edsan\u00e9 v\u0161etko. Trpk\u00fd omyl.<\/p>\n<p><strong>Tretie priznanie:<\/strong> V Biblii n\u00e1jdeme cit\u00e1t: \u201eV\u0161etko m\u00e1 svoj \u010das \u2013 a ka\u017ed\u00fd \u00famysel pod nebesami m\u00e1 svoju chv\u00ed\u013eu.\u201c Jeho pravdivos\u0165 som spoznala na sebe pribli\u017ene po tridsiatke za zvl\u00e1\u0161tnych okolnost\u00ed, na skalickej stanici. Ke\u010f som cestovala do Bratislavy, natrafila som na svojho b\u00fdval\u00e9ho \u017eiaka e\u0161te zo \u201ez\u00e1kladky\u201c v Borskom Mikul\u00e1\u0161i (pri\u017eenil sa do Skalice). Poznala som ho ako v\u00fdborn\u00e9ho, mysliaceho, tvoriv\u00e9ho (a sebavedom\u00e9ho) jedinca \u2013 a teda bolo samozrejm\u00e9, \u017ee sa na\u0161a \u201e\u017eelezni\u010dn\u00e1\u201c debata hne\u010f rozvinula na t\u00e9mu \u010do rob\u00edme, na \u010dom pracujeme, &#8230; Pre m\u0148a sa v\u0161ak stala priam osudovou jeho veta: \u201eNap\u00ed\u0161em knihu o Hollom.\u201c To hrd\u00e9 vyhl\u00e1senie ma zarazilo, ke\u010f\u017ee, ako som u\u017e nazna\u010dila, som sa domnievala, \u017ee u\u017e asi niet \u010do nov\u00e9 k\u00a0tejto t\u00e9me prida\u0165. Alebo \u017ee by \u00e1no?<\/p>\n<p><strong>Pochopenie:<\/strong> Prv\u00e9, \u010do som po n\u00e1vrate z Bratislavy spravila, i\u0161la som do svojej kni\u017enice, v ktorej som mala tri knihy z desa\u0165zv\u00e4zkov\u00e9ho vydania <em>Diela J\u00e1na Holl\u00e9ho<\/em>. N\u00e1hodne som siahla po epose <em>Sl\u00e1v<\/em>. H\u00e1dam preto, \u017ee bol tenk\u00fd, a z\u00e1rove\u0148 som vedela, \u017ee sa o \u0148om v liter\u00e1rnej hist\u00f3rii najmenej p\u00edsalo. A ne\u010dakane ma zasiahla t\u00e1 \u201echv\u00ed\u013ea pod nebesami\u201c. Z\u00e1rove\u0148 som pochopila v\u0161etky s\u00favislosti \u2013 a\u00a0predov\u0161etk\u00fdm pre\u010do pr\u00e1ve teraz t\u00e1 \u201echv\u00ed\u013ea\u201c nastala. A\u017e ke\u010f som bola pripraven\u00e1 \u0161t\u00fadiom n\u00e1rodn\u00fdch dej\u00edn a\u00a0dej\u00edn slovenskej literat\u00fary spozna\u0165 ich dvojjedinos\u0165. A\u00a0spozna\u0165 ich filozofiu. Spozna\u0165, o\u00a0\u010dom vlastne epos Sl\u00e1v <em>alegoricky hovor\u00ed<\/em>, \u010do n\u00edm J\u00e1n Holl\u00fd sledoval. Ve\u013emi stru\u010dne: Ide o\u00a0zr\u00e1\u017eku Tatrancov \u2013 Slov\u00e1kov s\u00a0l\u00fape\u017en\u00fdm vojskom \u010cudov. V\u00a0podstate ide o\u00a0aleg\u00f3riu zr\u00e1\u017eky dvoch kult\u00far: kon\u0161trukt\u00edvnej, tvorivej, duchovnej a\u00a0\u010dudskej \u2013 de\u0161trukt\u00edvnej, ni\u010diacej, \u017eij\u00facej z\u00a0l\u00fape\u017ee. (\u010cudi = Ma\u010fari. Pozri aj heslo \u010cud v\u00a0Slovn\u00edku cudz\u00edch slov. Bratislava, 1979.) V\u00a0zr\u00e1\u017eke alegoricky v\u00ed\u0165azia Tatranci \u2013 \u010di\u017ee slovensk\u00e1 tvoriv\u00e1, duchovn\u00e1 kult\u00fara, na z\u00e1kladoch ktorej vznikol a\u00a0kon\u0161tituoval sa Uhorsk\u00fd \u0161t\u00e1t. A\u00a0na tomto z\u00e1klade vznikla aj moja prv\u00e1 vedeck\u00e1 \u0161t\u00fadia <em>Holl\u00e9ho epos Sl\u00e1v<\/em> z aspektu n\u00e1rodnej ideol\u00f3gie. A\u017e potom som siahla po ohromuj\u00facom Svatoplukovi a v\u0161etk\u00fdch \u010fal\u0161\u00edch Holl\u00e9ho dielach a\u00a0literat\u00fary o\u00a0\u0148om, aby som mohla prinies\u0165 nie\u010do nov\u00e9.<\/p>\n<p>U\u017e som bola \u201echyten\u00e1\u201c. Ako spr\u00e1vna Eva som sa naplno zahryzla do \u201ejablka poznania\u201c cez \u010dl\u00e1nky, \u0161t\u00fadie, prvou knihou Ak\u00fd si, J\u00e1n Holl\u00fd?, a\u00a0nasledovali \u010fal\u0161ie dve monografie \u2013 a\u017e nato\u013eko, \u017ee ma n\u00e1\u0161 skuto\u010dne najv\u00fdznamnej\u0161\u00ed hollol\u00f3g Viliam Tur\u010d\u00e1ny vo svojej \u017ei\u010dlivosti v\u00a0gratula\u010dnej b\u00e1sni k\u00a0mojim u\u017e pokro\u010dil\u00fdm \u201eokr\u00fahlin\u00e1m\u201c priam s\u00a0Holl\u00fdm \u201ezosob\u00e1\u0161il\u201c: \u201eMeno J\u00e1n Holl\u00fd u\u017e nav\u017edy bude sp\u00e4t\u00e9 s\u00a0Evou.\u201c Ako by sa ma nemohla nedotkn\u00fa\u0165 jeho absencia v\u00a0slovenskej \u201estovke\u201c, ke\u010f viem, \u017ee stoj\u00edme na jeho mocn\u00fdch pleciach?<\/p>\n<p>A <strong>vyznanie<\/strong>? Tu sa mus\u00edm (a chcem) hlboko skloni\u0165 pred Hviezdoslavom, ktor\u00fd si bol vedom\u00fd, \u017ee sa narodil v roku Holl\u00e9ho \u00famrtia (1849), \u017ee preber\u00e1 jeho \u0161tafetu v na\u0161om n\u00e1rodnom \u017eivote, a jeho \u201eve\u013eb\u00e1s\u0148ou\u201c J\u00e1n Holl\u00fd. Jej z\u00e1vere\u010dn\u00e1 strofa je aj moj\u00edm z\u00e1vere\u010dn\u00fdm vyznan\u00edm:<\/p>\n<p style=\"padding-left: 40px;\"><em>\u00d3, sloven\u010dina, \u013e\u00fabozvu\u010dn\u00e1 rieka!<\/em><br \/>\n<em>Ty, B\u00e1sniku, si upravil jej chod,<\/em><br \/>\n<em>\u017ee mierne, b\u00farne, v\u017edy v\u0161ak rytmom stek\u00e1<\/em><br \/>\n<em>a\u00a0mel\u00f3diou zur\u010d\u00ed ka\u017ed\u00fd mal\u00fd brod,<\/em><br \/>\n<em>\u017ee t\u00fdm n\u00e1m je, \u010d\u00edm \u017eivot pre \u010dloveka,<\/em><br \/>\n<em>ba cen\u00edme ju vy\u0161\u0161ie nad \u017eivot<\/em><br \/>\n<em>a\u00a0vzn\u00e1\u0161ame hor\u00b4 k\u00a0nebu na ochranu,<\/em><br \/>\n<em>kdes\u00b4 i\u00a0Ty str\u00e1\u017ecom, \u017ee ju vrazi nedostan\u00fa!<\/em><\/p>\n","protected":false},"excerpt":{"rendered":"<div class=\"mh-excerpt\"><p>Prv\u00e9 priznanie: Znepokojilo ma, ba priam zarazilo, \u010do odkryla anketa Najv\u00e4\u010d\u0161\u00ed Slov\u00e1k. Uvedomenie si, ako n\u00e1m ch\u00fdba poznanie na\u0161ej dejinnosti a\u00a0kult\u00farnych s\u00favislost\u00ed v\u00a0nej. Pote\u0161ila ma nomin\u00e1cia Antona Bernol\u00e1ka \u2013 o \u013dudov\u00edtovi \u0160t\u00farovi som nepochybovala. Ale <a class=\"mh-excerpt-more\" href=\"http:\/\/skalickyobzor.sk\/cms\/osobne-priznania-a-vyznania\/\" title=\"Osobn\u00e9 priznania a vyznania\">[&#8230;]<\/a><\/p>\n<\/div>","protected":false},"author":10,"featured_media":916,"comment_status":"closed","ping_status":"closed","sticky":false,"template":"","format":"standard","meta":{"footnotes":""},"categories":[8],"tags":[],"class_list":{"0":"post-2138","1":"post","2":"type-post","3":"status-publish","4":"format-standard","5":"has-post-thumbnail","7":"category-obzor-seniorov"},"_links":{"self":[{"href":"http:\/\/skalickyobzor.sk\/cms\/wp-json\/wp\/v2\/posts\/2138","targetHints":{"allow":["GET"]}}],"collection":[{"href":"http:\/\/skalickyobzor.sk\/cms\/wp-json\/wp\/v2\/posts"}],"about":[{"href":"http:\/\/skalickyobzor.sk\/cms\/wp-json\/wp\/v2\/types\/post"}],"author":[{"embeddable":true,"href":"http:\/\/skalickyobzor.sk\/cms\/wp-json\/wp\/v2\/users\/10"}],"replies":[{"embeddable":true,"href":"http:\/\/skalickyobzor.sk\/cms\/wp-json\/wp\/v2\/comments?post=2138"}],"version-history":[{"count":5,"href":"http:\/\/skalickyobzor.sk\/cms\/wp-json\/wp\/v2\/posts\/2138\/revisions"}],"predecessor-version":[{"id":2226,"href":"http:\/\/skalickyobzor.sk\/cms\/wp-json\/wp\/v2\/posts\/2138\/revisions\/2226"}],"wp:featuredmedia":[{"embeddable":true,"href":"http:\/\/skalickyobzor.sk\/cms\/wp-json\/wp\/v2\/media\/916"}],"wp:attachment":[{"href":"http:\/\/skalickyobzor.sk\/cms\/wp-json\/wp\/v2\/media?parent=2138"}],"wp:term":[{"taxonomy":"category","embeddable":true,"href":"http:\/\/skalickyobzor.sk\/cms\/wp-json\/wp\/v2\/categories?post=2138"},{"taxonomy":"post_tag","embeddable":true,"href":"http:\/\/skalickyobzor.sk\/cms\/wp-json\/wp\/v2\/tags?post=2138"}],"curies":[{"name":"wp","href":"https:\/\/api.w.org\/{rel}","templated":true}]}}