{"id":2197,"date":"2019-04-07T21:11:35","date_gmt":"2019-04-07T19:11:35","guid":{"rendered":"http:\/\/skalickyobzor.sk\/cms\/?p=2197"},"modified":"2025-01-30T23:58:17","modified_gmt":"2025-01-30T22:58:17","slug":"mesiac-plny-dni","status":"publish","type":"post","link":"http:\/\/skalickyobzor.sk\/cms\/mesiac-plny-dni\/","title":{"rendered":"Mesiac pln\u00fd dn\u00ed"},"content":{"rendered":"<p>Ke\u010f sa to tak zoberie doslova, ka\u017ed\u00fd mesiac je pln\u00fd dn\u00ed. Od za\u010diatku do konca. \u0164a\u017eko si vieme predstavi\u0165, \u017ee by nejak\u00fd de\u0148 ch\u00fdbal. Ak, o jednom pr\u00edpade ste sa do\u010d\u00edtali v prvom \u010d\u00edsle tohtoro\u010dn\u00e9ho Obzoru, kde sme sa zaoberali kalend\u00e1rmi. No a tam sa stal tak\u00fd pr\u00edpad, \u017ee nezmizol len jeden de\u0148, ale rovno desa\u0165, ke\u010f pri n\u00e1prave chyby merania \u010dasu nasledoval po 4. okt\u00f3bri hne\u010f p\u00e4tn\u00e1sty. Av\u0161ak odvtedy n\u00e1m len raz za \u0161tyri roky naopak pribudne 29. febru\u00e1r. To sme odbo\u010dili, teda na za\u010diatok \u2013 ka\u017ed\u00fd mesiac je pln\u00fd dn\u00ed, ale apr\u00edl je pln\u00fd dn\u00ed medzin\u00e1rodn\u00fdch. V\u00a0tomto smere sa \u013eudstvo vybl\u00e1znilo dos\u0165. Ke\u010f sme pri tom, ka\u017ed\u00e9ho napadne ako prv\u00e9 spojenie bl\u00e1zniv\u00fd mesiac s\u00a0rovnako nevyspytate\u013en\u00fdm po\u010das\u00edm a\u00a0prv\u00fd de\u0148 ako de\u0148 bl\u00e1znov. Evidentne do toho sa nijakej v\u00e1\u017eenej organiz\u00e1cii nechcelo, i\u00a0ke\u010f Svetov\u00e1 psychiatrick\u00e1 asoci\u00e1cia (WPA) do toho pokojne \u00eds\u0165 mohla. Rovnako sa t\u00e1to v\u00e1\u017een\u00e1 organiz\u00e1cia mohla zamera\u0165 na pohn\u00fatky a\u00a0navrhovate\u013eov niektor\u00fdch medzin\u00e1rodn\u00fdch dn\u00ed, ktor\u00e9 skuto\u010dne \u201eoslavujeme\u201c. V\u0161etko si v\u0161ak treba vydebatova\u0165 (sme v\u00a0<strong><em>Mesiaci multikult\u00farnej komunik\u00e1cie<\/em><\/strong>), ale pokojne (apr\u00edl je aj <em><strong>Mesiacom uvedomovania si stresu<\/strong><\/em>) a\u00a0ak v\u00e1s to prestane bavi\u0165, ute\u010dte do lesa, preto\u017ee apr\u00edl je aj <em><strong>Mesiac lesov<\/strong><\/em> &#8230;<\/p>\n<p>&nbsp;<\/p>\n<p><strong>1. apr\u00edl<\/strong><br \/>\nKe\u010f\u017ee sa, teda, ku d\u0148u bl\u00e1znov nikto nemal, stalo sa napokon, \u017ee sa d\u0148a pln\u00e9ho vt\u00e1kov\u00edn ujali ornitol\u00f3govia. Ak si v\u0161ak mysl\u00edte, \u017ee je to s\u00fa\u010dasn\u00e1 environment\u00e1lna z\u00e1le\u017eitos\u0165, tak to by bol omyl. Po prv\u00fdkr\u00e1t s\u00a0t\u00fdm pri\u0161iel rak\u00fasko-uhorsk\u00fd slovensk\u00fd pr\u00edrodovedec Oto Herman v\u00a0roku 1900 v\u00a0tomto \u010dase, ke\u010f sa vracia najviac s\u0165ahovav\u00fdch vt\u00e1kov. Ke\u010f\u017ee to samotn\u00e9 tak vtipn\u00e9 nie je, vznikol v\u00a0roku 1996 z\u00a0podnetu americkej organiz\u00e1cie Playfair <em><strong>Medzin\u00e1rodn\u00fd de\u0148 z\u00e1bavy v\u00a0pr\u00e1ci.<\/strong><\/em> M\u00e1 zv\u00fd\u0161i\u0165 povedomie o\u00a0hravom pr\u00edstupe a\u00a0jeho vplyve na zdravie, produktivitu a\u00a0tvorivos\u0165. S\u00fa v\u0161akpracovisk\u00e1, ako kremat\u00f3ri\u00e1, arm\u00e1da, \u010di uho\u013en\u00e9 bane, kam tento sviatok prenik\u00e1 len pomaly.<\/p>\n<p><strong>2. apr\u00edl<\/strong><br \/>\nV\u00a0roku 1805 sa narodil Hans Christian Andersen a\u00a0tak je logicky druh\u00fd apr\u00edlov\u00fd de\u0148 <em><strong>Medzin\u00e1rodn\u00fdm d\u0148om detskej knihy<\/strong><\/em>. Eur\u00f3pa prenechala tento <em><strong>de\u0148 akci\u00e1m za pr\u00e1va migrantov<\/strong><\/em>. Pr\u00e1ve detsk\u00e9 knihy s\u00fa v\u0161ak pln\u00e9 svetov, kam by mali deti uteka\u0165 tak \u010dasto, ako sa len d\u00e1. Treba v\u0161ak by\u0165 pozorn\u00ed a\u00a0oh\u013eadupln\u00ed aj k\u00a0t\u00fdm, ktor\u00ed nedobrovo\u013ene utiekli z\u00a0n\u00e1\u0161ho sveta do svojho vlastn\u00e9ho a\u00a0tak nezabudnite \u2013 je aj <em><strong>Svetov\u00fd de\u0148 povedomia o\u00a0autizme.<\/strong><\/em><\/p>\n<p><strong>3. apr\u00edl<\/strong><br \/>\nPrep\u00e1\u010dte, ale je to tak \u2013 tretieho je <em><strong>Medzin\u00e1rodn\u00fd de\u0148 spodnej bielizne<\/strong><\/em>. Sp\u00f4sob oslavy je na ka\u017edom, ako uv\u00e1\u017ei. Len dovo\u013ete jednu zauj\u00edmav\u00fa pozn\u00e1mku: Do v\u00fdvoja tak\u00fdch nohavi\u010diek prevratne zasiahla madam Lucy Duff-Gordonov\u00e1, ktor\u00e1 ich skr\u00e1tila od kolien na s\u00fa\u010dasn\u00fa d\u013a\u017eku. Okrem in\u00e9ho i\u00a0v\u010faka tomu, \u017ee sa jej podarilo pre\u017ei\u0165 stroskotanie Titanicu.<\/p>\n<p><strong>4. apr\u00edl<\/strong><br \/>\n\u0160tvrt\u00fd de\u0148 v\u00a0mesiaci je <em><strong>Medzin\u00e1rodn\u00fdm d\u0148om proti n\u00e1\u0161\u013eapn\u00fdm m\u00ednam<\/strong> <\/em>a\u00a0na podporu akci\u00ed proti n\u00e1\u0161\u013eapn\u00fdm m\u00ednam a\u00a0Medzin\u00e1rodn\u00fdm d\u0148om bez n\u00e1silia. Mali by sme sa te\u0161i\u0165 na de\u0148, kedy podobn\u00e9 dni zmizn\u00fa z\u00a0kalend\u00e1ra, preto\u017ee nebud\u00fa potrebn\u00e9.<\/p>\n<p><strong>5. apr\u00edl<\/strong><br \/>\n<em><strong>De\u0148 zdrav\u00e9ho sexu &#8230;<\/strong> <\/em>V\u00a0tejto s\u00favislosti zvy\u0161ok roka nevych\u00e1dza pr\u00edli\u0161 v\u00a0dobrom svetle. Vo svete existuje e\u0161te asi desa\u0165 medzin\u00e1rodn\u00fdch dn\u00ed, t\u00fdkaj\u00facich sa sexu, ale tie s\u00fa, teda, dos\u0165 chor\u00e9. Ani nechcite vedie\u0165.<\/p>\n<p><strong>7. apr\u00edl<\/strong><br \/>\n<em><strong>Svetov\u00fd de\u0148 zdravia<\/strong><\/em> je pripomienkou zalo\u017eenia Svetovej zdravotn\u00edckej organiz\u00e1cie v\u00a0roku 1948. S\u00edce st\u00e1le plat\u00ed, \u017ee zdravie sa k\u00fapi\u0165 ned\u00e1, ale trocha to na\u0161trbuje vedomie, \u017ee v\u00fdroba liekov je pre biznis rovnako zauj\u00edmav\u00e1 ako obchod so zbra\u0148ami.<\/p>\n<p><strong>8. apr\u00edl<\/strong><br \/>\nV roku 1971 vyhl\u00e1sili R\u00f3movia na svojom 1. medzin\u00e1rodnom kongrese <em><strong>Medzin\u00e1rodn\u00fd de\u0148 R\u00f3mov.<\/strong><\/em> Najpo\u010detnej\u0161ie etnikum bez vlastn\u00e9ho \u00fazemia v\u00a0Eur\u00f3pe m\u00e1 v\u00a0s\u00fa\u010dasnosti odhadom od 7 do 14 mili\u00f3nov pr\u00edslu\u0161n\u00edkov.<\/p>\n<p><strong>11. apr\u00edl<\/strong><br \/>\nAsi je m\u00e1lo dn\u00ed v\u00a0roku, ktor\u00e9 by mohli na n\u00e1s viac do\u013eahn\u00fa\u0165 ako tento. Cie\u013eom v\u0161etk\u00fdch t\u00fdch \u201esviatkov\u201c v\u0161ak nie je vystra\u0161i\u0165 n\u00e1s, ale nezabudn\u00fa\u0165. V\u00a0ten ist\u00fd de\u0148, ke\u010f bola osloboden\u00e1 Skalica, oslobodili aj v\u00e4z\u0148ov koncentra\u010dn\u00e9ho t\u00e1bora v\u00a0Buchenwalde. Pripom\u00edna to <em><strong>Medzin\u00e1rodn\u00fd de\u0148 solidarity osloboden\u00fdch politick\u00fdch v\u00e4z\u0148ov a\u00a0bojovn\u00edkov proti fa\u0161izmu.<\/strong><\/em> E\u0161te st\u00e1le je k\u00a0tomu ve\u013emi dobr\u00fd d\u00f4vod pripom\u00edna\u0165 si tento de\u0148 po celom svete. Okrem pr\u00e1v v\u0161ak nesieme v\u00a0sebe i\u00a0povinnosti, a\u00a0to, \u010do z\u00a0n\u00e1s rob\u00ed z\u00a0\u013eudsk\u00fdch bytost\u00ed \u013eud\u00ed, je oh\u013eaduplnos\u0165 a\u00a0pomoc. Tento de\u0148 je <em><strong>Svetov\u00fdm d\u0148om Parkinsonovej choroby aj D\u0148om narcisov a,\u00a0teda, D\u0148om boja proti rakovine.<\/strong><\/em><\/p>\n<p><strong>12. apr\u00edl<\/strong><br \/>\n<em><strong>Svetov\u00fd de\u0148 letectva a\u00a0kozmonautiky<\/strong><\/em>\u00a0pripom\u00edna prv\u00fd let \u010dloveka do vesm\u00edru v\u00a0roku 1961. Z\u00e1hor\u00e1k a\u00a0rod\u00e1k z\u00a0Ve\u013ek\u00fdch Lev\u00e1r, \u0161\u00e9f vlastno-menn\u00e9ho orchestra Gustav Brom nahral u\u017e o\u00a0tri dni piese\u0148 Dobr\u00fd den, majore Gagarine. Pravdepodobne je trocha aj o\u00a0Skalici, preto\u017ee v\u00a0texte n\u00e1jdeme: \u201eDobr\u00fd den, majore Gagarine, &#8230; cel\u00fd sv\u011bt p\u0159ipil V\u00e1m rud\u00fdm v\u00ednem.\u201c Mysl\u00edm, \u017ee to je jasn\u00e9.<\/p>\n<p><strong>13. apr\u00edl<\/strong><br \/>\n<em><strong>De\u0148 nespravodlivo st\u00edhan\u00fdch<\/strong><\/em> je v\u00e1\u017ena vec, kedyko\u013evek a\u00a0kdeko\u013evek. Tento pripom\u00edna noc v\u00a0roku 1950, kedy \u0160TB obsadila kl\u00e1\u0161tory a\u00a0za\u010dali sa \u010distky. Kto unikol pred nieko\u013ek\u00fdmi rokmi \u013eud\u00e1ckemu re\u017eimu, gardistom a\u00a0okupa\u010dn\u00fdm fa\u0161istick\u00fdm jednotk\u00e1m, neunikol komunistom z\u00a0vlastnej ulice.<\/p>\n<p><strong>15. apr\u00edl<\/strong><br \/>\n<em><strong>Svetov\u00fd de\u0148 umenia.<\/strong><\/em> Ak odr\u00e1tame zo \u017eivota \u013eudstva v\u0161etko na\u0161e \u00fasilie o\u00a0pre\u017eitie, teda, aby bolo \u010do jes\u0165, nebolo n\u00e1m zima a\u00a0bolo n\u00e1s viac, neostane mnoho vec\u00ed a\u00a0z\u00a0tohto poh\u013eadu vlastne v\u0161etky neu\u017eito\u010dn\u00e9, ako \u0161port, filozofia, \u010di umenie. Ot\u00e1zkou je, \u010di vlastne pr\u00e1ve tieto \u010dinnosti nie s\u00fa zmyslom toho, \u017ee sa sna\u017e\u00edme pre\u017ei\u0165. \u0160portovci v\u0161ak starn\u00fa, filozofie str\u00e1caj\u00fa platnos\u0165, a\u00a0je-<br \/>\ndin\u00e9 umenie n\u00e1s te\u0161\u00ed na veky. Ak ho zo \u0161portu nezni\u010d\u00ed nejak\u00fd<br \/>\n\u201efilozof\u201c.<\/p>\n<p><strong>16. apr\u00edl<\/strong><br \/>\n<em><strong>Svetov\u00fd de\u0148 hlasu<\/strong><\/em> presadili v\u00a0roku 1999 braz\u00edlski otorinolaryngol\u00f3govia a\u00a0m\u00e1 by\u0165 oslavou vyjadrovania my\u0161lienok, n\u00e1padov a\u00a0em\u00f3ci\u00ed. M\u00e1 pripom\u00edna\u0165 ako d\u00f4le\u017eit\u00e9 je stara\u0165 sa o\u00a0hlas, ke\u010f u\u017e n\u00e1m bol dan\u00fd. O\u00a0ni\u010d menej d\u00f4le\u017eit\u00e9 v\u0161ak nie je v\u00e1\u017ei\u0165 si hlas volebn\u00fd a\u00a0stara\u0165 sa o\u0148 (ke\u010f u\u017e n\u00e1m bol tie\u017e dan\u00fd). Ak by sme po vo\u013eb\u00e1ch chripeli a\u00a0bolelo n\u00e1s jeho pou\u017eitie, mo\u017eno by sme si viac v\u00e1\u017eili, \u017ee n\u00edm m\u00f4\u017eeme vyjadrova\u0165 mnoh\u00e9 z\u00a0toho, \u010do si mysl\u00edme.<\/p>\n<p><strong>17. apr\u00edl<\/strong><br \/>\n<em><strong>Svetov\u00fd de\u0148 hemof\u00edlie<\/strong><\/em> bol vyhl\u00e1sen\u00fd v\u00a0roku 1989 Svetovou feder\u00e1ciou hemof\u00edlie (WHF) na po\u010des\u0165 jej zakladate\u013ea Franka Schnabela, ktor\u00fd sa narodil v\u00a0tento de\u0148 a\u00a0po\u010das svojho \u017eivota sa venoval zlep\u0161eniu starostlivosti o\u00a0osoby s\u00a0hemof\u00edliou. Tu nie je o\u00a0\u010dom mudrova\u0165.<\/p>\n<p><strong>18. apr\u00edl<\/strong><br \/>\nA m\u00e1me tu jeden z najhustej\u0161\u00edch dn\u00ed v roku \u2013 je to <em><strong>Svetov\u00fd de\u0148 kult\u00farneho dedi\u010dstva<\/strong><\/em> alebo tie\u017e <em><strong>Medzin\u00e1rodn\u00fd de\u0148 pamiatok a\u00a0s\u00eddiel<\/strong><\/em>, ktor\u00fdm za\u010d\u00edna <em><strong>Mesiac kult\u00farneho dedi\u010dstva.<\/strong><\/em> Haleluja! Kto nie\u010do vytv\u00e1ra, zlep\u0161uje svet. \u010ealej je to <em><strong>Svetov\u00fd de\u0148 r\u00e1dioamat\u00e9rov<\/strong><\/em>, ktor\u00fdch si pam\u00e4t\u00e1m z detstva a ktor\u00ed sn\u00e1\u010f vyhynuli pri zrode satelitov, mobilov a GPS, ale sviatok trv\u00e1. <em><strong>Eur\u00f3psky de\u0148 za pr\u00e1va pacientov<\/strong><\/em> a\u00a0<em><strong>Medzin\u00e1rodn\u00fd de\u0148 \u017eonglovania<\/strong><\/em> by sa dali pri bli\u017e\u0161om poh\u013eade spoji\u0165 do jedn\u00e9ho. Na a\u00a0k\u00a0tomu v\u0161etk\u00e9mu je <em><strong>Medzin\u00e1rodn\u00fd de\u0148 boja proti hluku.<\/strong><\/em> Ticho toti\u017e lie\u010di. Najm\u00e4, ak vypnete ve\u010dern\u00e9 spr\u00e1vy.<\/p>\n<p><strong>21. apr\u00edl<\/strong><br \/>\n<em><strong>Svetov\u00fd de\u0148 modlitieb za k\u0148azsk\u00e9 a\u00a0reho\u013en\u00e9 povolania<\/strong><\/em> je oslavou povolania a\u00a0poslania k\u0148azov a\u00a0zasv\u00e4ten\u00fdch os\u00f4b, ktor\u00ed svoj \u017eivot zasv\u00e4tili viere v\u00a0Je\u017ei\u0161a Krista a\u00a0slu\u017ebe bl\u00ed\u017enym. Toto ma zarazilo. \u010clovek si ani neuvedomuje, \u017ee aj t\u00ed, \u010do sa za n\u00e1s modlia, potrebuj\u00fa, aby sa za nich niekto modlil, rovnako ako potrebuj\u00fa pom\u00f4c\u0165 t\u00ed, \u010do n\u00e1m pom\u00e1haj\u00fa, alebo mo\u017eno zaplati\u0165 nie\u010do t\u00fdm, ktor\u00ed za n\u00e1s platia &#8230;<\/p>\n<p><strong>22. apr\u00edl<\/strong><br \/>\n<em><strong>De\u0148 Zeme<\/strong><\/em>, s\u00a0ve\u013ek\u00fdm zet. Znie to ako sviatok \u00faplne v\u0161etk\u00e9ho a\u00a0treba si k\u00a0jeho ve\u013ekosti trocha poodst\u00fapi\u0165. Nesta\u010d\u00ed vyst\u00fapi\u0165 na orbitu, odkia\u013e vyzer\u00e1 ako obrovsk\u00fd gl\u00f3bus, ani na Mesiac, odkia\u013e je e\u0161te st\u00e1le jasn\u00fdm miestom, kam sa vr\u00e1time. Pozrite si posledn\u00e9 z\u00e1bery na\u0161ej plan\u00e9ty napr\u00edklad zo sondy, mieriacej k\u00a0Venu\u0161i. Sme mal\u00e1 modr\u00e1 bodka v\u00a0\u010diernom mori pr\u00e1zdna, temnej hmoty a\u00a0temnej energie. T\u00e1 bodka je v\u0161etko, \u010do m\u00e1me a\u00a0mus\u00edme s\u00a0t\u00fdm vyjs\u0165. Aj so sebou navz\u00e1jom.<\/p>\n<p><strong>23. apr\u00edl<\/strong><br \/>\nZa <em><strong>Svetov\u00fd de\u0148 kn\u00edh a\u00a0autorsk\u00fdch pr\u00e1v<\/strong><\/em> bol tento de\u0148 zvolen\u00fd preto, \u017ee v\u00a0roku 1616 s\u00fa\u010dasne zomreli na r\u00f4znych koncoch Eur\u00f3py autor Dona Quijota Miguel de Cervantes y Saavedra a\u00a0autor mnoh\u00fdch hier William Shakespeare. V\u0161ade s\u00edce n\u00e1jdete, \u017ee Cervantes zomrel o\u00a0de\u0148 sk\u00f4r, ale v\u00a0literat\u00fare je mo\u017en\u00e9 v\u0161etko. Ich knihy vych\u00e1dzaj\u00fa dodnes a\u00a0boli zdrojom n\u00e1metov pre to\u013ek\u00fdch \u010fal\u0161\u00edch spisovate\u013eov, \u017ee p\u00e1ni vedia o\u00a0autorsk\u00fdch pr\u00e1vach svoje.<\/p>\n<p><strong>24. apr\u00edl<\/strong><br \/>\nTento de\u0148 by sa mohol naz\u00fdva\u0165 aj d\u0148om t\u00fa\u017eby po slobode. <em><strong>Svoje dni maj\u00fa skauti, laborat\u00f3rne zvierat\u00e1 a\u00a0vodiaci psi.<\/strong><\/em> Tak silne ju deklarujeme, no sme zviazan\u00ed \u2013 pravidlami, priestorom a\u00a0osudom, \u010di \u00falohou sl\u00fa\u017ei\u0165. Znie to mo\u017eno podivne, ale v\u00a0tejto s\u00fa\u0165a\u017ei najviac slobody z\u00edskava ten, kto je zviazan\u00fd s\u00a0niek\u00fdm, \u010do pom\u00e1ha.<\/p>\n<p><strong>25. apr\u00edl<\/strong><br \/>\n<em><strong>Svetov\u00fd de\u0148 tu\u010dniakov<\/strong> <\/em>a <em><strong>Svetov\u00fd de\u0148 boja proti mal\u00e1rii.<\/strong><\/em> \u010co u\u017e my k tomuto, priatelia, v na\u0161ich zemepisn\u00fdch \u0161\u00edrkach? Tak len v\u0161etko najlep\u0161ie, ve\u013ea r\u00fdb a m\u00e1lo kom\u00e1rov!<\/p>\n<p><strong>26. apr\u00edl<\/strong><br \/>\n<em><strong>Svetov\u00fd de\u0148 du\u0161evn\u00e9ho vlastn\u00edctva<\/strong> <\/em>m\u00e1 za cie\u013e \u201ezvy\u0161ova\u0165 verejn\u00e9 povedomie o \u00falohe du\u0161evn\u00e9ho vlastn\u00edctva v ka\u017edodennom \u017eivote a oslavova\u0165 kreativitu a pr\u00ednos nov\u00e1torov\u201c. Najv\u00e4\u010d\u0161\u00edm probl\u00e9mom v\u0161ak je, aby du\u0161evn\u00e9 vlastn\u00edctvo zobrali \u013eudia v\u00f4bec na vedomie. Teda, vo v\u0161eobecnosti. S\u00fa jednotlivci, ktor\u00ed to ch\u00e1pu, ale s\u00fa to v\u00e4\u010d\u0161inou autori. E\u0161te st\u00e1le pre\u017e\u00edva socialistick\u00fd postoj ukradn\u00fa\u0165 \u010do nie je zabet\u00f3novan\u00e9 alebo privaren\u00e9 a \u010do len tak le\u017e\u00ed, je vlastne v\u0161etk\u00fdch. A videli ste u\u017e niekedy priviaza\u0165 re\u0165azou my\u0161lienku? Ak \u00e1no, tak nie za \u00fa\u010delom ochrany my\u0161lienky samotnej, ale ochrany pred \u0148ou, to sme v\u0161ak u\u017e v\u00a0inej oblasti.<\/p>\n<p><strong>27. apr\u00edl<\/strong><br \/>\n<em><strong>Svetov\u00fd de\u0148 dizajnu<\/strong><\/em> je n\u00e1hodou ve\u013emi u\u017eito\u010dn\u00e1 vec. Nielen ako uznanie dizajn\u00e9rom, av\u0161ak, aby sme my ostatn\u00ed aspo\u0148 raz do roka skuto\u010dne vn\u00edmali svet, prizreli sa lep\u0161ie veciam, uvideli ak\u00e9 n\u00e1dhern\u00e9 detaily m\u00f4\u017eu ma\u0165 predmety, ktor\u00e9 berieme denne do r\u00fak, ale aj ako nevkusn\u00e9 a\u00a0obludn\u00e9 m\u00f4\u017eu by\u0165 tie drah\u00e9 a\u00a0trendy. Nech je to akoko\u013evek \u2013 v\u0161etko, kam pozrieme, je dizajn.<\/p>\n<p><strong>28. apr\u00edl<\/strong><br \/>\nO<em><strong>\u00a0Svetovom dni bezpe\u010dnosti a\u00a0zdravia pri pr\u00e1ci<\/strong><\/em> sa hovor\u00ed ve\u013ea, do roku 2001 sa volal <em><strong>Medzin\u00e1rodn\u00fd de\u0148 sm\u00fatku.<\/strong><\/em> To spojenie je viac ako smutn\u00e9.<\/p>\n<p><strong>29. apr\u00edl<\/strong><br \/>\nTento d\u00e1tum v\u00a0mesiaci so svojimi v\u00fdznamn\u00fdmi d\u0148ami vyzer\u00e1 ako dobre zostaven\u00fd program na dnes. R\u00e1no idete zasadi\u0165 strom, preto\u017ee od roku 1872 je 29. apr\u00edl <em><strong>D\u0148om stromov<\/strong><\/em> a\u00a0sad\u00ed sa osto\u0161es\u0165. Komu to nevyjde, pozrite si aspo\u0148 animovan\u00fd film Mu\u017e, ktor\u00fd sadil stromy. Ur\u010dite budete bohat\u0161\u00ed na du\u0161i. Cez de\u0148 podebatujete so star\u00fdmi \u013eu\u010fmi (je <em><strong>Eur\u00f3psky de\u0148 medzigenera\u010dnej solidarity a\u00a0spolupr\u00e1ce<\/strong><\/em>), aby ste vedeli, \u010do m\u00f4\u017eete pre nich urobi\u0165, ale aj, aby ste zistili, \u017ee je kr\u00e1sne im len tak na\u010d\u00fava\u0165. Jedn\u00e9ho d\u0148a toti\u017e zist\u00edte, \u010do v\u0161etko by ste sa sp\u00fdtali, ale\u00a0u\u017e nie je koho. A\u00a0na z\u00e1ver je <em><strong>De\u0148 tanca!<\/strong><\/em> Medzin\u00e1rodn\u00e1 tane\u010dn\u00e1 rada UNESCO (netu\u0161il som, \u017ee aj toto ako \u013eudstvo m\u00e1me) mu zasv\u00e4tila tento de\u0148 na de\u0148 naroden\u00edn (1727) franc\u00fazskeho tane\u010dn\u00edka, choreografa a\u00a0tvorcu modern\u00e9ho tanca Jeana Georgesa Noverrea.<\/p>\n<p><strong>30. apr\u00edl<\/strong><br \/>\n<em><strong>Svetov\u00fd veterin\u00e1rny de\u0148<\/strong><\/em> by mal upozor\u0148ova\u0165 na choroby prenosn\u00e9 zo zvierat na \u010dloveka, na kontrolu t\u00fdchto ochoren\u00ed a\u00a0prevenciu. Kto v\u0161ak nechal vyrasta\u0165 deti so zvieratami a\u00a0videl ako si navz\u00e1jom kradn\u00fa jedlo z\u00a0\u00fast, vie, \u017ee m\u00e1me k\u00a0sebe e\u0161te bli\u017e\u0161ie ako sa tu p\u00ed\u0161e a\u00a0\u017ee niektor\u00e9 zvyky naopak posil\u0148uj\u00fa imunitu. E\u0161te je <em><strong>Medzin\u00e1rodn\u00fd de\u0148 d\u017eezu.<\/strong><\/em> Niekde sa ud\u00e1va aj d\u00e1tum 28. 4., ale d\u017eezmenom je to jedno, t\u00ed maj\u00fa sviatok ka\u017ed\u00fd de\u0148. A\u00a0e\u0161te je, s\u00a0odpusten\u00edm, aj <em><strong>De\u0148 pracoviska.<\/strong><\/em> Mohol by by\u0165 pokojne spojen\u00fd so Sviatkom pr\u00e1ce, ale pravdou je, \u017ee v\u00a0ten de\u0148 s\u00fa v\u0161etci namiesto na pracovisku v\u00a0st\u00e1nkoch &#8230;<\/p>\n<p><strong>31. apr\u00edl<\/strong><br \/>\nA\u00a0to je v\u0161etko. Pardon, e\u0161te <em><strong>Svetov\u00fd de\u0148 dierkovej fotografie,<\/strong> <\/em>teda, fotenia bez objekt\u00edvu. Tak tomu u\u017e poviem, \u017ee je siln\u00fd lobing. Nechcete nejak\u00fd svetov\u00fd de\u0148 aj vy?<\/p>\n","protected":false},"excerpt":{"rendered":"<div class=\"mh-excerpt\"><p>Ke\u010f sa to tak zoberie doslova, ka\u017ed\u00fd mesiac je pln\u00fd dn\u00ed. Od za\u010diatku do konca. \u0164a\u017eko si vieme predstavi\u0165, \u017ee by nejak\u00fd de\u0148 ch\u00fdbal. Ak, o jednom pr\u00edpade ste sa do\u010d\u00edtali v prvom \u010d\u00edsle tohtoro\u010dn\u00e9ho <a class=\"mh-excerpt-more\" href=\"http:\/\/skalickyobzor.sk\/cms\/mesiac-plny-dni\/\" title=\"Mesiac pln\u00fd dn\u00ed\">[&#8230;]<\/a><\/p>\n<\/div>","protected":false},"author":15,"featured_media":17,"comment_status":"closed","ping_status":"closed","sticky":false,"template":"","format":"standard","meta":{"footnotes":""},"categories":[2],"tags":[],"class_list":{"0":"post-2197","1":"post","2":"type-post","3":"status-publish","4":"format-standard","5":"has-post-thumbnail","7":"category-hlavna-tema"},"_links":{"self":[{"href":"http:\/\/skalickyobzor.sk\/cms\/wp-json\/wp\/v2\/posts\/2197","targetHints":{"allow":["GET"]}}],"collection":[{"href":"http:\/\/skalickyobzor.sk\/cms\/wp-json\/wp\/v2\/posts"}],"about":[{"href":"http:\/\/skalickyobzor.sk\/cms\/wp-json\/wp\/v2\/types\/post"}],"author":[{"embeddable":true,"href":"http:\/\/skalickyobzor.sk\/cms\/wp-json\/wp\/v2\/users\/15"}],"replies":[{"embeddable":true,"href":"http:\/\/skalickyobzor.sk\/cms\/wp-json\/wp\/v2\/comments?post=2197"}],"version-history":[{"count":3,"href":"http:\/\/skalickyobzor.sk\/cms\/wp-json\/wp\/v2\/posts\/2197\/revisions"}],"predecessor-version":[{"id":2201,"href":"http:\/\/skalickyobzor.sk\/cms\/wp-json\/wp\/v2\/posts\/2197\/revisions\/2201"}],"wp:featuredmedia":[{"embeddable":true,"href":"http:\/\/skalickyobzor.sk\/cms\/wp-json\/wp\/v2\/media\/17"}],"wp:attachment":[{"href":"http:\/\/skalickyobzor.sk\/cms\/wp-json\/wp\/v2\/media?parent=2197"}],"wp:term":[{"taxonomy":"category","embeddable":true,"href":"http:\/\/skalickyobzor.sk\/cms\/wp-json\/wp\/v2\/categories?post=2197"},{"taxonomy":"post_tag","embeddable":true,"href":"http:\/\/skalickyobzor.sk\/cms\/wp-json\/wp\/v2\/tags?post=2197"}],"curies":[{"name":"wp","href":"https:\/\/api.w.org\/{rel}","templated":true}]}}