{"id":2252,"date":"2019-05-06T04:01:36","date_gmt":"2019-05-06T02:01:36","guid":{"rendered":"http:\/\/skalickyobzor.sk\/cms\/?p=2252"},"modified":"2019-05-06T04:51:46","modified_gmt":"2019-05-06T02:51:46","slug":"obzor-zo-dna-15-maja-1864","status":"publish","type":"post","link":"http:\/\/skalickyobzor.sk\/cms\/obzor-zo-dna-15-maja-1864\/","title":{"rendered":"Obzor zo d\u0148a 15. m\u00e1ja 1864"},"content":{"rendered":"<p>V m\u00e1ji 1864 sa pod\u013ea kalend\u00e1rov v\u00fdro\u010d\u00ed nenarodil, ani nezomrel nikto, o kom by ste notoricky vedeli zo \u0161koly. To v\u0161ak neznamen\u00e1, \u017ee \u017eivot nenapredoval. Louis-\u00c9mile Durandelle pr\u00e1ve odfotil rozbehnut\u00fa stavbu par\u00ed\u017eskej opery, D\u00e1nsko ukon\u010dilo blok\u00e1du severonemeck\u00fdch pr\u00edstavov, na Vala\u0161sku a v Moldavsku pri\u0161lo k prv\u00e9mu z nasleduj\u00facich 14 prevratov v dejin\u00e1ch Rumunska a\u00a0zad\u013a\u017een\u00fd Richard Wagner musel utiec\u0165 pred v\u00e4zen\u00edm do Mn\u00edchova.<\/p>\n<hr \/>\n<p><img loading=\"lazy\" decoding=\"async\" class=\"aligncenter size-full wp-image-2253\" src=\"http:\/\/skalickyobzor.sk\/cms\/wp-content\/uploads\/2019\/05\/obzor15-5-1864-1.jpg\" alt=\"\" width=\"546\" height=\"496\" srcset=\"http:\/\/skalickyobzor.sk\/cms\/wp-content\/uploads\/2019\/05\/obzor15-5-1864-1.jpg 546w, http:\/\/skalickyobzor.sk\/cms\/wp-content\/uploads\/2019\/05\/obzor15-5-1864-1-300x273.jpg 300w\" sizes=\"auto, (max-width: 546px) 100vw, 546px\" \/><\/p>\n<hr \/>\n<p><img loading=\"lazy\" decoding=\"async\" class=\"aligncenter size-mhmagazinecontent wp-image-2254\" src=\"http:\/\/skalickyobzor.sk\/cms\/wp-content\/uploads\/2019\/05\/obzor15-5-1864-2.jpg\" alt=\"\" width=\"853\" height=\"160\" srcset=\"http:\/\/skalickyobzor.sk\/cms\/wp-content\/uploads\/2019\/05\/obzor15-5-1864-2.jpg 853w, http:\/\/skalickyobzor.sk\/cms\/wp-content\/uploads\/2019\/05\/obzor15-5-1864-2-300x56.jpg 300w, http:\/\/skalickyobzor.sk\/cms\/wp-content\/uploads\/2019\/05\/obzor15-5-1864-2-768x144.jpg 768w\" sizes=\"auto, (max-width: 853px) 100vw, 853px\" \/><\/p>\n<p>C.kr. wojansk\u00fd \u00fastaw geografick\u00fd wo Wiedni zapo\u010dal pr\u00e1ce k\u00a0wydaniu now\u00e9ho zemewidu (mappy) Uhorska, jeho\u017e dokonalos\u0165 a\u00a0welikos\u0165 w\u0161etky podobn\u00e9 diela prewy\u0161owat bude; potrebn\u00e9 k\u00a0tomu pr\u00e1ce 30 rokow trwa\u0165 maj\u00fa.<\/p>\n<hr \/>\n<p><img loading=\"lazy\" decoding=\"async\" class=\"aligncenter size-mhmagazinecontent wp-image-2255\" src=\"http:\/\/skalickyobzor.sk\/cms\/wp-content\/uploads\/2019\/05\/obzor15-5-1864-3.jpg\" alt=\"\" width=\"656\" height=\"348\" srcset=\"http:\/\/skalickyobzor.sk\/cms\/wp-content\/uploads\/2019\/05\/obzor15-5-1864-3.jpg 656w, http:\/\/skalickyobzor.sk\/cms\/wp-content\/uploads\/2019\/05\/obzor15-5-1864-3-300x159.jpg 300w\" sizes=\"auto, (max-width: 656px) 100vw, 656px\" \/><\/p>\n<p>Z\u00e1hubn\u00e9 mrazy tohtoro\u010dn\u00e9ho m\u00e1ja. Zo w\u0161etk\u00fdch str\u00e1n dr\u017eawy rak\u00faskej doch\u00e1dzaj\u00fa welmi smutn\u00e9 spr\u00e1wy o\u00a0\u0161kod\u00e1ch, ktor\u00e9 ktor\u00e9 tohtoro\u010dn\u00e9 mrazy m\u00e1jow\u00e9, 4.5 a\u00a06-ho m\u00e1ja natropily. T\u00e1to nehoda i\u00a0okolie mesta Skalice zachw\u00e1tila. Od nepam\u00e4ti ludskej daktor\u00e9 owocn\u00e9 stromy, menowite \u010derw\u0161ne a\u00a0hru\u0161ky, tak nekwitly, jako teraz a\u00a0zima jich zastihla w kwete. Morulky, broskyne, \u010dere\u0161ne, orechy, w\u010dasnej\u0161ie hru\u0161ky a\u00a0jablk\u00e1 s\u00fa na prach zni\u010den\u00e9; iba nie\u010do sliw\u00e1k a\u00a0pozdej\u0161ie kwitn\u00facich jab\u013ak zostalo. Zle citlivej\u0161ia \u0161koda je na winohradoch. Slab\u0161ie z\u00a0jari \u017een\u00face n\u00e1sady docela zmrzly; star\u0161ie winohrady, ponew\u00e1\u010d pozdej\u0161ie \u017een\u00fa, preca nie\u010do \u010derstw\u00fdch o\u010diek zachowaly.<\/p>\n<hr \/>\n<p><img loading=\"lazy\" decoding=\"async\" class=\"aligncenter size-mhmagazinecontent wp-image-2256\" src=\"http:\/\/skalickyobzor.sk\/cms\/wp-content\/uploads\/2019\/05\/obzor15-5-1864-4.jpg\" alt=\"\" width=\"784\" height=\"149\" srcset=\"http:\/\/skalickyobzor.sk\/cms\/wp-content\/uploads\/2019\/05\/obzor15-5-1864-4.jpg 784w, http:\/\/skalickyobzor.sk\/cms\/wp-content\/uploads\/2019\/05\/obzor15-5-1864-4-300x57.jpg 300w, http:\/\/skalickyobzor.sk\/cms\/wp-content\/uploads\/2019\/05\/obzor15-5-1864-4-768x146.jpg 768w\" sizes=\"auto, (max-width: 784px) 100vw, 784px\" \/><\/p>\n<p>\u010caste spom\u00ednan\u00fd franc\u00fazsky wetroplawec Nadar oznamuje, \u017ee s\u00a0oprawen\u00fdm ball\u00f3nom swoj\u00edm e\u0161te w\u00a0m\u00e1ji nowu powetrn\u00fa plawbu podnikne a\u00a0\u017ee menowite po nad stredozemn\u00e9 more do Afryky prelet\u00ed. Uwid\u00edme.<\/p>\n","protected":false},"excerpt":{"rendered":"<div class=\"mh-excerpt\"><p>V m\u00e1ji 1864 sa pod\u013ea kalend\u00e1rov v\u00fdro\u010d\u00ed nenarodil, ani nezomrel nikto, o kom by ste notoricky vedeli zo \u0161koly. To v\u0161ak neznamen\u00e1, \u017ee \u017eivot nenapredoval. Louis-\u00c9mile Durandelle pr\u00e1ve odfotil rozbehnut\u00fa stavbu par\u00ed\u017eskej opery, D\u00e1nsko ukon\u010dilo <a class=\"mh-excerpt-more\" href=\"http:\/\/skalickyobzor.sk\/cms\/obzor-zo-dna-15-maja-1864\/\" title=\"Obzor zo d\u0148a 15. m\u00e1ja 1864\">[&#8230;]<\/a><\/p>\n<\/div>","protected":false},"author":1,"featured_media":17,"comment_status":"closed","ping_status":"closed","sticky":false,"template":"","format":"standard","meta":{"footnotes":""},"categories":[17],"tags":[],"class_list":{"0":"post-2252","1":"post","2":"type-post","3":"status-publish","4":"format-standard","5":"has-post-thumbnail","7":"category-zo-starych-obzorov"},"_links":{"self":[{"href":"http:\/\/skalickyobzor.sk\/cms\/wp-json\/wp\/v2\/posts\/2252","targetHints":{"allow":["GET"]}}],"collection":[{"href":"http:\/\/skalickyobzor.sk\/cms\/wp-json\/wp\/v2\/posts"}],"about":[{"href":"http:\/\/skalickyobzor.sk\/cms\/wp-json\/wp\/v2\/types\/post"}],"author":[{"embeddable":true,"href":"http:\/\/skalickyobzor.sk\/cms\/wp-json\/wp\/v2\/users\/1"}],"replies":[{"embeddable":true,"href":"http:\/\/skalickyobzor.sk\/cms\/wp-json\/wp\/v2\/comments?post=2252"}],"version-history":[{"count":1,"href":"http:\/\/skalickyobzor.sk\/cms\/wp-json\/wp\/v2\/posts\/2252\/revisions"}],"predecessor-version":[{"id":2257,"href":"http:\/\/skalickyobzor.sk\/cms\/wp-json\/wp\/v2\/posts\/2252\/revisions\/2257"}],"wp:featuredmedia":[{"embeddable":true,"href":"http:\/\/skalickyobzor.sk\/cms\/wp-json\/wp\/v2\/media\/17"}],"wp:attachment":[{"href":"http:\/\/skalickyobzor.sk\/cms\/wp-json\/wp\/v2\/media?parent=2252"}],"wp:term":[{"taxonomy":"category","embeddable":true,"href":"http:\/\/skalickyobzor.sk\/cms\/wp-json\/wp\/v2\/categories?post=2252"},{"taxonomy":"post_tag","embeddable":true,"href":"http:\/\/skalickyobzor.sk\/cms\/wp-json\/wp\/v2\/tags?post=2252"}],"curies":[{"name":"wp","href":"https:\/\/api.w.org\/{rel}","templated":true}]}}