{"id":2260,"date":"2019-05-06T04:02:27","date_gmt":"2019-05-06T02:02:27","guid":{"rendered":"http:\/\/skalickyobzor.sk\/cms\/?p=2260"},"modified":"2019-05-06T04:51:53","modified_gmt":"2019-05-06T02:51:53","slug":"a-fcil-zaspivaju-starsi-spjevule","status":"publish","type":"post","link":"http:\/\/skalickyobzor.sk\/cms\/a-fcil-zaspivaju-starsi-spjevule\/","title":{"rendered":"&#8230; A f\u010dil zasp\u00edvaj\u00fa star\u0161\u00ed spjevule!"},"content":{"rendered":"<p>Takto n\u00e1s uviedol prim\u00e1\u0161 \u013eudovej hudby Skali\u010dan Peter Michalovi\u010d na poslednom poseden\u00ed pri cimbale. Bolo to mimoriadne kr\u00e1sne stretnutie \u013eud\u00ed, ktor\u00ed miluj\u00fa folkl\u00f3r, hl\u00e1sia sa k nemu a prispievaj\u00fa k nemu svojim postojom. Nie\u010do tak kr\u00e1sne sa m\u00f4\u017ee udia\u0165 len v Skalici. A tie \u201estar\u0161ie spjevule\u201c s\u00fa v skuto\u010dnosti spev\u00e1cka skupina Harm\u00f3nia.<\/p>\n<p>V programe k 50. v\u00fdro\u010diu s\u00faboru Skali\u010dan, na konci roku 2004, sme ako jeho b\u00fdval\u00e9 spev\u00e1\u010dky, spievali nieko\u013eko piesn\u00ed. Opr\u00e1\u0161ili sme spomienky a povedali sme si, \u017ee na\u010do \u010daka\u0165 zase p\u00e4\u0165 rokov na \u010fal\u0161ie v\u00fdro\u010die? Pokra\u010dujme v tom hne\u010f. Na sv. Valent\u00edna roku 2005 sa n\u00e1s zi\u0161lo sedem spev\u00e1\u010dok a zalo\u017eili sme d\u00e1msky klub \u2013 spev\u00e1cku skupinu s n\u00e1zvom HARM\u00d3NIA. Od tohto obdobia sme sa dostali do povedomia \u013eud\u00ed v Skalici aj \u0161irokom okol\u00ed. Ide o netradi\u010dn\u00fa javiskov\u00fa formu, kde sa prezentuj\u00fa piesne, hovoren\u00e9 slovo a zvyky. Na\u0161imi vyst\u00fapeniami sme sa prihov\u00e1rali v\u0161etk\u00fdm, ktor\u00ed vedia oceni\u0165 autentick\u00e9 prejavy \u013eudovej piesne, ktor\u00e1 i napriek n\u00e1strah\u00e1m modernej doby st\u00e1le \u017eije a prin\u00e1\u0161a v\u0161etk\u00fdm pote\u0161enie a rados\u0165. \u013dudov\u00e1 m\u00fadros\u0165 hovor\u00ed, \u017ee spievanie je dar od Boha. A my sme mali to \u0161\u0165astie, \u017ee sudi\u010dky n\u00e1m tak nalo\u017eili a dostali sme do vienka to, \u010do sa ned\u00e1 k\u00fapi\u0165 ani ukradn\u00fa\u0165.<\/p>\n<figure id=\"attachment_2265\" aria-describedby=\"caption-attachment-2265\" style=\"width: 806px\" class=\"wp-caption aligncenter\"><img loading=\"lazy\" decoding=\"async\" class=\"size-full wp-image-2265\" src=\"http:\/\/skalickyobzor.sk\/cms\/wp-content\/uploads\/2019\/05\/3-IMG_2940.jpg\" alt=\"\" width=\"806\" height=\"605\" srcset=\"http:\/\/skalickyobzor.sk\/cms\/wp-content\/uploads\/2019\/05\/3-IMG_2940.jpg 806w, http:\/\/skalickyobzor.sk\/cms\/wp-content\/uploads\/2019\/05\/3-IMG_2940-300x225.jpg 300w, http:\/\/skalickyobzor.sk\/cms\/wp-content\/uploads\/2019\/05\/3-IMG_2940-768x576.jpg 768w, http:\/\/skalickyobzor.sk\/cms\/wp-content\/uploads\/2019\/05\/3-IMG_2940-678x509.jpg 678w, http:\/\/skalickyobzor.sk\/cms\/wp-content\/uploads\/2019\/05\/3-IMG_2940-326x245.jpg 326w, http:\/\/skalickyobzor.sk\/cms\/wp-content\/uploads\/2019\/05\/3-IMG_2940-80x60.jpg 80w\" sizes=\"auto, (max-width: 806px) 100vw, 806px\" \/><figcaption id=\"caption-attachment-2265\" class=\"wp-caption-text\">Arch\u00edv: D\u00e1msky klub Harm\u00f3nia<\/figcaption><\/figure>\n<p>Spo\u010diatku sme chceli spieva\u0165 len pre vlastn\u00e9 pote\u0161enie, ale bol to u\u017e ne\u017eij\u00faci Fero Zem\u00e1nek, ktor\u00fd n\u00e1s oslovil, aby sme nieko\u013ek\u00fdmi pies\u0148ami prispeli do programu vtedy ve\u013emi popul\u00e1rneho Univerz\u00e1lneho skalick\u00e9ho orchestra. A\u00a0tam sme sa zvidite\u013enili. Bolo to na\u0161e prv\u00e9 verejn\u00e9 vyst\u00fapenie. Rozosmialo n\u00e1s, ke\u010f sa potom po Skalici rozpr\u00e1valo, \u017ee najviac sa p\u00e1\u010dili tie \u201ebabi\u010dky\u201c. Tak na\u0161e spievanie neostalo len v\u00a0Skalici. Hos\u0165ovali sme v\u00a0\u010cesku, Rak\u00fasku, Nemecku aj Belgicku. Pripravovali sme vyst\u00fapenia tematicky pod\u013ea po\u017eiadaviek &#8211; fa\u0161ank, krst v\u00edna, pasovanie rytierov v\u00edna, programy s\u00a0de\u0165mi matersk\u00fdch \u0161k\u00f4l, folkl\u00f3rne Vianoce, uk\u00e1\u017eky zo skalickej svadby a\u00a0in\u00e9. Pre pestros\u0165 programov sme priz\u00fdvali aj host\u00ed: Petra Michalovi\u010da a\u00a0\u013eudov\u00fa hudbu Skali\u010dan, Vieru Pr\u00edkazsk\u00fa (b\u00fdval\u00fa s\u00f3listku Brolnu), \u010di vynikaj\u00facich muzikantov &#8211; Ale\u0161a Smutn\u00e9ho zo Str\u00e1\u017enice, Tonka Dinku ml., Stana Kosa, Stana Okenicu a\u00a0Miroslava Buzrlu ml. Dodnes m\u00e1me akt\u00edvne vz\u0165ahy so skupinou folkloristov, ktor\u00e1 nesie n\u00e1zov Slov\u00e1ck\u00fd kr\u00fa\u017eek a\u00a0Skali\u010dan\u00e9 v\u00a0Bratislave.<\/p>\n<p>Po\u010das n\u00e1\u0161ho p\u00f4sobenia sme mali aj ve\u013ea pr\u00edhod a\u00a0zauj\u00edmav\u00fdch z\u00e1\u017eitkov. Spolupracoval s\u00a0nami moder\u00e1tor Anton Dinka star\u0161\u00ed. S\u00a0ob\u013eubou predstavoval posluch\u00e1\u010dom spev\u00e1\u010dky, ktor\u00e9 maj\u00fa spolu 420 rokov. \u010casto spom\u00edname na pobyt v\u00a0nemeckom Elsdorfe, kde sme prezentovali uk\u00e1\u017eku skalick\u00fdch dn\u00ed, na spievanie po\u010das bohoslu\u017eby v\u00a0kostole v\u00a0Aachene, v\u00a0Kol\u00edne nad R\u00fdnom v\u00a0katedr\u00e1le sv. Petra, kde sme zaspievali piese\u0148 \u201eStella Maria\u201c. Ke\u010f na cintor\u00edne americk\u00fdch vojakov v\u00a0Belgicku pr\u00edtomn\u00fdm turistom po zaspievan\u00ed piesne \u201eB\u00edl\u00e1 holubienko\u201c tlmo\u010dn\u00ed\u010dka prekladala text \u201elud\u00e9 vojnu nechc\u00fa, zab\u00edjat nebud\u00fa, chc\u00fa sa r\u00e1di mjet&#8230;\u201c, ani jedno oko neostalo such\u00e9. To s\u00fa z\u00e1\u017eitky, na ktor\u00e9 sa nezab\u00fada.<\/p>\n<figure id=\"attachment_2266\" aria-describedby=\"caption-attachment-2266\" style=\"width: 774px\" class=\"wp-caption aligncenter\"><img loading=\"lazy\" decoding=\"async\" class=\"size-full wp-image-2266\" src=\"http:\/\/skalickyobzor.sk\/cms\/wp-content\/uploads\/2019\/05\/IMG_2932.jpg\" alt=\"\" width=\"774\" height=\"581\" srcset=\"http:\/\/skalickyobzor.sk\/cms\/wp-content\/uploads\/2019\/05\/IMG_2932.jpg 774w, http:\/\/skalickyobzor.sk\/cms\/wp-content\/uploads\/2019\/05\/IMG_2932-300x225.jpg 300w, http:\/\/skalickyobzor.sk\/cms\/wp-content\/uploads\/2019\/05\/IMG_2932-768x576.jpg 768w, http:\/\/skalickyobzor.sk\/cms\/wp-content\/uploads\/2019\/05\/IMG_2932-678x509.jpg 678w, http:\/\/skalickyobzor.sk\/cms\/wp-content\/uploads\/2019\/05\/IMG_2932-326x245.jpg 326w, http:\/\/skalickyobzor.sk\/cms\/wp-content\/uploads\/2019\/05\/IMG_2932-80x60.jpg 80w\" sizes=\"auto, (max-width: 774px) 100vw, 774px\" \/><figcaption id=\"caption-attachment-2266\" class=\"wp-caption-text\">Arch\u00edv: D\u00e1msky klub Harm\u00f3nia<\/figcaption><\/figure>\n<p>K tomuto v\u0161etk\u00e9mu v\u0161ak bola potrebn\u00e1 aj podpora, predov\u0161etk\u00fdm z radov na\u0161ich rod\u00edn, partnerov, det\u00ed, a ve\u013ek\u00e1 pomoc od oddelenia kult\u00fary mesta Skalica. Na\u0161e spievanie na\u0161lo odozvu a vzor u mlad\u00fdch, a tak nebolo zbyto\u010dn\u00e9. Fand\u00edme mlad\u00fdm spjevul\u00e1m, ktor\u00e9 n\u00e1s nahradili a \u017eel\u00e1me si, aby spievali tak dlho ako my, babi\u010dky.\u00a0 A\u017e oni bud\u00fa na \u201eposeden\u00ed\u201c spieva\u0165, Pe\u0165a pov\u00ed: <em>&#8230;a\u00a0f\u010d\u00edl zasp\u00edvaj\u00fa mlad\u00e9 spjevule &#8230;<\/em><\/p>\n","protected":false},"excerpt":{"rendered":"<div class=\"mh-excerpt\"><p>Takto n\u00e1s uviedol prim\u00e1\u0161 \u013eudovej hudby Skali\u010dan Peter Michalovi\u010d na poslednom poseden\u00ed pri cimbale. Bolo to mimoriadne kr\u00e1sne stretnutie \u013eud\u00ed, ktor\u00ed miluj\u00fa folkl\u00f3r, hl\u00e1sia sa k nemu a prispievaj\u00fa k nemu svojim postojom. Nie\u010do tak <a class=\"mh-excerpt-more\" href=\"http:\/\/skalickyobzor.sk\/cms\/a-fcil-zaspivaju-starsi-spjevule\/\" title=\"&#8230; A f\u010dil zasp\u00edvaj\u00fa star\u0161\u00ed spjevule!\">[&#8230;]<\/a><\/p>\n<\/div>","protected":false},"author":40,"featured_media":2261,"comment_status":"closed","ping_status":"closed","sticky":false,"template":"","format":"standard","meta":{"footnotes":""},"categories":[10],"tags":[],"class_list":{"0":"post-2260","1":"post","2":"type-post","3":"status-publish","4":"format-standard","5":"has-post-thumbnail","7":"category-zaujalo-nas"},"_links":{"self":[{"href":"http:\/\/skalickyobzor.sk\/cms\/wp-json\/wp\/v2\/posts\/2260","targetHints":{"allow":["GET"]}}],"collection":[{"href":"http:\/\/skalickyobzor.sk\/cms\/wp-json\/wp\/v2\/posts"}],"about":[{"href":"http:\/\/skalickyobzor.sk\/cms\/wp-json\/wp\/v2\/types\/post"}],"author":[{"embeddable":true,"href":"http:\/\/skalickyobzor.sk\/cms\/wp-json\/wp\/v2\/users\/40"}],"replies":[{"embeddable":true,"href":"http:\/\/skalickyobzor.sk\/cms\/wp-json\/wp\/v2\/comments?post=2260"}],"version-history":[{"count":5,"href":"http:\/\/skalickyobzor.sk\/cms\/wp-json\/wp\/v2\/posts\/2260\/revisions"}],"predecessor-version":[{"id":2268,"href":"http:\/\/skalickyobzor.sk\/cms\/wp-json\/wp\/v2\/posts\/2260\/revisions\/2268"}],"wp:featuredmedia":[{"embeddable":true,"href":"http:\/\/skalickyobzor.sk\/cms\/wp-json\/wp\/v2\/media\/2261"}],"wp:attachment":[{"href":"http:\/\/skalickyobzor.sk\/cms\/wp-json\/wp\/v2\/media?parent=2260"}],"wp:term":[{"taxonomy":"category","embeddable":true,"href":"http:\/\/skalickyobzor.sk\/cms\/wp-json\/wp\/v2\/categories?post=2260"},{"taxonomy":"post_tag","embeddable":true,"href":"http:\/\/skalickyobzor.sk\/cms\/wp-json\/wp\/v2\/tags?post=2260"}],"curies":[{"name":"wp","href":"https:\/\/api.w.org\/{rel}","templated":true}]}}