{"id":2269,"date":"2019-05-06T04:14:52","date_gmt":"2019-05-06T02:14:52","guid":{"rendered":"http:\/\/skalickyobzor.sk\/cms\/?p=2269"},"modified":"2019-05-06T04:53:09","modified_gmt":"2019-05-06T02:53:09","slug":"vazena-pani-primatorka-vazeni-poslanci-6","status":"publish","type":"post","link":"http:\/\/skalickyobzor.sk\/cms\/vazena-pani-primatorka-vazeni-poslanci-6\/","title":{"rendered":"V\u00e1\u017een\u00e1 pani prim\u00e1torka, v\u00e1\u017een\u00ed poslanci!"},"content":{"rendered":"<p>V ostatnom \u010d\u00edsle Obzoru sme sa venovali Z\u00e1konu o hazardn\u00fdch hr\u00e1ch. Tento z\u00e1kon sa t\u00fdka nielen verejn\u00fdch hern\u00ed, kas\u00edn a st\u00e1vkov\u00fdch kancel\u00e1rii, ale aj hier na internete. V\u00fdvoj techniky v\u00fdrazne pokro\u010dil a tak, okrem kamenn\u00fdch prev\u00e1dzok s hazardn\u00fdmi hrami, na na\u0161u spolo\u010dnos\u0165 v\u00fdrazne vpl\u00fdvaj\u00fa hry, ktor\u00e9 s\u00fa v\u010faka internetu dostupnej\u0161ie. Svojou v\u0161adepr\u00edtomnos\u0165ou azda e\u0161te vo v\u00e4\u010d\u0161ej miere ovplyv\u0148uj\u00fa nielen dospel\u00fdch, ale aj deti. I\u00a0ke\u010f sa t\u00e1to t\u00e9ma nedot\u00fdka priamo riadenia mesta, je ve\u013emi d\u00f4le\u017eitou s\u00fa\u010das\u0165ou celospolo\u010densk\u00e9ho \u017eivota. Pr\u00e1ve preto k\u00a0nej smeruj\u00fa dne\u0161n\u00e9 ot\u00e1zky.<\/p>\n<p><strong>OT\u00c1ZKY:<\/strong><br \/>\n<strong>1.<\/strong> Mysl\u00edte si, \u017ee je d\u00f4le\u017eit\u00e9, aby rodi\u010dia regulovali de\u0165om pr\u00edstup na internet cez v\u0161etky technick\u00e9 zariadenia ako po\u010d\u00edta\u010d, tablet, smartf\u00f3n a\u00a0podobne?<br \/>\n<strong>2.<\/strong> Uv\u00edtali by ste v\u00a0Skalici mo\u017enos\u0165 \u0161kolen\u00ed s\u00a0obsahom &#8211; Ako si technicky zabezpe\u010di\u0165 kontrolu nad pr\u00edstupom det\u00ed k\u00a0internetu cez v\u0161etky technick\u00e9 zariadenia?<br \/>\n<strong>Odpove\u010f: \u00c1NO \/ NIE \/ NEVIEM<\/strong><\/p>\n<p><strong>Jednozna\u010dn\u00e9 odpovede (\u00c1NO \/ NIE \/ NEVIEM)<\/strong>, pros\u00edme, za\u0161lite najnesk\u00f4r<strong> do 18.\u00a04. 2019<\/strong> na na\u0161u mailov\u00fa adresu: <strong>skalickyobzor@skalickyobzor.sk<\/strong><\/p>\n<p>Budeme radi, ke\u010f okrem zaslania odpoved\u00ed, za\u0161lete aj va\u0161e n\u00e1zory a\u00a0podel\u00edte sa s\u00a0nami o\u00a0ne. Pripravujeme k\u00a0tejto t\u00e9me aj \u010dl\u00e1nok a\u00a0podnety od v\u00e1s bud\u00fa pre n\u00e1s ve\u013emi u\u017eito\u010dn\u00e9.<\/p>\n<p><strong>VYSVETLIVKY:<\/strong><\/p>\n<p><strong>0 neodpovedal<\/strong><br \/>\n<strong>? nedal jednozna\u010dn\u00fa odpove\u010f<\/strong><\/p>\n<p>&nbsp;<\/p>\n<div id=\"poslanci\">\n<div class=\"poslanec\">\n<div class=\"foto\"><img decoding=\"async\" src=\"http:\/\/skalickyobzor.sk\/cms\/wp-content\/uploads\/2019\/01\/anna_mierna.jpg\" \/><\/div>\n<div class=\"meno\">MIERNA Anna<\/div>\n<div class=\"odpoved\">\u00c1NO \/ \u00c1NO<\/div>\n<\/div>\n<div class=\"poslanec\">\n<div class=\"foto\"><img decoding=\"async\" src=\"http:\/\/skalickyobzor.sk\/cms\/wp-content\/uploads\/2017\/10\/fotka_poslanca.jpg\" \/><\/div>\n<div class=\"meno\">BAR\u00c1T \u013dudov\u00edt<\/div>\n<div class=\"odpoved\">0<\/div>\n<\/div>\n<div class=\"poslanec\">\n<div class=\"foto\"><img decoding=\"async\" src=\"http:\/\/skalickyobzor.sk\/cms\/wp-content\/uploads\/2019\/01\/lubica_buckova.jpg\" \/><\/div>\n<div class=\"meno\">BU\u010cKOV\u00c1 \u013dubica<\/div>\n<div class=\"odpoved\">\u00c1NO \/ NEVIEM<\/div>\n<\/div>\n<div class=\"poslanec\">\n<div class=\"foto\"><img decoding=\"async\" src=\"http:\/\/skalickyobzor.sk\/cms\/wp-content\/uploads\/2019\/01\/veronika_hanzalikova.jpg\" \/><\/div>\n<div class=\"meno\">HANZAL\u00cdKOV\u00c1 Veronika<\/div>\n<div class=\"odpoved\">\u00c1NO \/ \u00c1NO<\/div>\n<\/div>\n<div class=\"poslanec\">\n<div class=\"foto\"><img decoding=\"async\" src=\"http:\/\/skalickyobzor.sk\/cms\/wp-content\/uploads\/2019\/01\/adrian_hertl.jpg\" \/><\/div>\n<div class=\"meno\">HERTL Adri\u00e1n<\/div>\n<div class=\"odpoved\">\u00c1NO \/ \u00c1NO<\/div>\n<\/div>\n<div class=\"poslanec\">\n<div class=\"foto\"><img decoding=\"async\" src=\"http:\/\/skalickyobzor.sk\/cms\/wp-content\/uploads\/2019\/01\/miroslav_hornak.jpg\" \/><\/div>\n<div class=\"meno\">HOR\u0147\u00c1K Miroslav<\/div>\n<div class=\"odpoved\">0<\/div>\n<\/div>\n<div class=\"poslanec\">\n<div class=\"foto\"><img decoding=\"async\" src=\"http:\/\/skalickyobzor.sk\/cms\/wp-content\/uploads\/2019\/02\/vladislav_hornak.jpg\" \/><\/div>\n<div class=\"meno\">HOR\u0147\u00c1K Vladislav<\/div>\n<div class=\"odpoved\">\u00c1NO \/ NEVIEM<\/div>\n<\/div>\n<div class=\"poslanec\">\n<div class=\"foto\"><img decoding=\"async\" src=\"http:\/\/skalickyobzor.sk\/cms\/wp-content\/uploads\/2019\/01\/katarina_chovancova.jpg\" \/><\/div>\n<div class=\"meno\">CHOVANCOV\u00c1 Katar\u00edna<\/div>\n<div class=\"odpoved\">\u00c1NO \/ \u00c1NO<\/div>\n<\/div>\n<div class=\"poslanec\">\n<div class=\"foto\"><img decoding=\"async\" src=\"http:\/\/skalickyobzor.sk\/cms\/wp-content\/uploads\/2019\/01\/frantisek_kadlecik.jpg\" \/><\/div>\n<div class=\"meno\">KADLE\u010c\u00cdK Franti\u0161ek<\/div>\n<div class=\"odpoved\">0<\/div>\n<\/div>\n<div class=\"poslanec\">\n<div class=\"foto\"><img decoding=\"async\" src=\"http:\/\/skalickyobzor.sk\/cms\/wp-content\/uploads\/2017\/10\/martin_kojs.jpg\" \/><\/div>\n<div class=\"meno\">KOJ\u0160 Martin<\/div>\n<div class=\"odpoved\">\u00c1NO \/ \u00c1NO<\/div>\n<\/div>\n<div class=\"poslanec\">\n<div class=\"foto\"><img decoding=\"async\" src=\"http:\/\/skalickyobzor.sk\/cms\/wp-content\/uploads\/2017\/10\/fotka_poslanca.jpg\" \/><\/div>\n<div class=\"meno\">KO\u0160\u00cdK Peter<\/div>\n<div class=\"odpoved\">0<\/div>\n<\/div>\n<div class=\"poslanec\">\n<div class=\"foto\"><img decoding=\"async\" src=\"http:\/\/skalickyobzor.sk\/cms\/wp-content\/uploads\/2019\/01\/miroslav_lipovsky.jpg\" \/><\/div>\n<div class=\"meno\">LIPOVSK\u00dd Miroslav<\/div>\n<div class=\"odpoved\">? \/ NIE<\/div>\n<\/div>\n<div class=\"poslanec\">\n<div class=\"foto\"><img decoding=\"async\" src=\"http:\/\/skalickyobzor.sk\/cms\/wp-content\/uploads\/2017\/10\/anna_ozabalova.jpg\" \/><\/div>\n<div class=\"meno\">OZ\u00c1BALOV\u00c1 Anna<\/div>\n<div class=\"odpoved\">\u00c1NO \/ \u00c1NO<\/div>\n<\/div>\n<div class=\"poslanec\">\n<div class=\"foto\"><img decoding=\"async\" src=\"http:\/\/skalickyobzor.sk\/cms\/wp-content\/uploads\/2017\/12\/peter_pagac.jpg\" \/><\/div>\n<div class=\"meno\">PAG\u00c1\u010c Peter<\/div>\n<div class=\"odpoved\">0<\/div>\n<\/div>\n<div class=\"poslanec\">\n<div class=\"foto\"><img decoding=\"async\" src=\"http:\/\/skalickyobzor.sk\/cms\/wp-content\/uploads\/2019\/01\/zigmund_palffy.jpg\" \/><\/div>\n<div class=\"meno\">P\u00c1LFFY \u017digmund<\/div>\n<div class=\"odpoved\">\u00c1NO \/ NEVIEM<\/div>\n<\/div>\n<div class=\"poslanec\">\n<div class=\"foto\"><img decoding=\"async\" src=\"http:\/\/skalickyobzor.sk\/cms\/wp-content\/uploads\/2019\/01\/erik_rangl.jpg\" \/><\/div>\n<div class=\"meno\">RANGL Erik<\/div>\n<div class=\"odpoved\">\u00c1NO \/ \u00c1NO<\/div>\n<\/div>\n<div class=\"poslanec\">\n<div class=\"foto\"><img decoding=\"async\" src=\"http:\/\/skalickyobzor.sk\/cms\/wp-content\/uploads\/2017\/10\/jana_rekosova.jpg\" \/><\/div>\n<div class=\"meno\">REKO\u0160OV\u00c1 Jana<\/div>\n<div class=\"odpoved\">\u00c1NO \/ \u00c1NO<\/div>\n<\/div>\n<div class=\"poslanec\">\n<div class=\"foto\"><img decoding=\"async\" src=\"http:\/\/skalickyobzor.sk\/cms\/wp-content\/uploads\/2017\/10\/fotka_poslanca.jpg\" \/><\/div>\n<div class=\"meno\">ROMAN Milan<\/div>\n<div class=\"odpoved\">0<\/div>\n<\/div>\n<div class=\"poslanec\">\n<div class=\"foto\"><img decoding=\"async\" src=\"http:\/\/skalickyobzor.sk\/cms\/wp-content\/uploads\/2019\/01\/jozef_skala.jpg\" \/><\/div>\n<div class=\"meno\">SK\u00c1LA Jozef<\/div>\n<div class=\"odpoved\">\u00c1NO \/ \u00c1NO<\/div>\n<\/div>\n<div class=\"poslanec\">\n<div class=\"foto\"><img decoding=\"async\" src=\"http:\/\/skalickyobzor.sk\/cms\/wp-content\/uploads\/2017\/10\/fotka_poslanca.jpg\" \/><\/div>\n<div class=\"meno\">\u0160ANTAV\u00dd Rudolf<\/div>\n<div class=\"odpoved\">0<\/div>\n<\/div>\n<\/div>\n","protected":false},"excerpt":{"rendered":"<div class=\"mh-excerpt\"><p>V ostatnom \u010d\u00edsle Obzoru sme sa venovali Z\u00e1konu o hazardn\u00fdch hr\u00e1ch. Tento z\u00e1kon sa t\u00fdka nielen verejn\u00fdch hern\u00ed, kas\u00edn a st\u00e1vkov\u00fdch kancel\u00e1rii, ale aj hier na internete. V\u00fdvoj techniky v\u00fdrazne pokro\u010dil a tak, okrem kamenn\u00fdch <a class=\"mh-excerpt-more\" href=\"http:\/\/skalickyobzor.sk\/cms\/vazena-pani-primatorka-vazeni-poslanci-6\/\" title=\"V\u00e1\u017een\u00e1 pani prim\u00e1torka, v\u00e1\u017een\u00ed poslanci!\">[&#8230;]<\/a><\/p>\n<\/div>","protected":false},"author":1,"featured_media":239,"comment_status":"closed","ping_status":"closed","sticky":false,"template":"","format":"standard","meta":{"footnotes":""},"categories":[9],"tags":[],"class_list":{"0":"post-2269","1":"post","2":"type-post","3":"status-publish","4":"format-standard","5":"has-post-thumbnail","7":"category-vazeni-poslanci"},"_links":{"self":[{"href":"http:\/\/skalickyobzor.sk\/cms\/wp-json\/wp\/v2\/posts\/2269","targetHints":{"allow":["GET"]}}],"collection":[{"href":"http:\/\/skalickyobzor.sk\/cms\/wp-json\/wp\/v2\/posts"}],"about":[{"href":"http:\/\/skalickyobzor.sk\/cms\/wp-json\/wp\/v2\/types\/post"}],"author":[{"embeddable":true,"href":"http:\/\/skalickyobzor.sk\/cms\/wp-json\/wp\/v2\/users\/1"}],"replies":[{"embeddable":true,"href":"http:\/\/skalickyobzor.sk\/cms\/wp-json\/wp\/v2\/comments?post=2269"}],"version-history":[{"count":2,"href":"http:\/\/skalickyobzor.sk\/cms\/wp-json\/wp\/v2\/posts\/2269\/revisions"}],"predecessor-version":[{"id":2271,"href":"http:\/\/skalickyobzor.sk\/cms\/wp-json\/wp\/v2\/posts\/2269\/revisions\/2271"}],"wp:featuredmedia":[{"embeddable":true,"href":"http:\/\/skalickyobzor.sk\/cms\/wp-json\/wp\/v2\/media\/239"}],"wp:attachment":[{"href":"http:\/\/skalickyobzor.sk\/cms\/wp-json\/wp\/v2\/media?parent=2269"}],"wp:term":[{"taxonomy":"category","embeddable":true,"href":"http:\/\/skalickyobzor.sk\/cms\/wp-json\/wp\/v2\/categories?post=2269"},{"taxonomy":"post_tag","embeddable":true,"href":"http:\/\/skalickyobzor.sk\/cms\/wp-json\/wp\/v2\/tags?post=2269"}],"curies":[{"name":"wp","href":"https:\/\/api.w.org\/{rel}","templated":true}]}}