{"id":2321,"date":"2019-05-06T04:11:58","date_gmt":"2019-05-06T02:11:58","guid":{"rendered":"http:\/\/skalickyobzor.sk\/cms\/?p=2321"},"modified":"2019-05-06T04:52:53","modified_gmt":"2019-05-06T02:52:53","slug":"sup-a-us-bil-v-mjechu","status":"publish","type":"post","link":"http:\/\/skalickyobzor.sk\/cms\/sup-a-us-bil-v-mjechu\/","title":{"rendered":"\u0160up a u\u0161 bil v mjechu"},"content":{"rendered":"<p>Kalvarka patr\u00ed ke Skalici stej\u0148e jak vinohradi. Hod\u0148e gener\u00e1cij\u00ed tam pro\u017eilo kus \u010fectva a mimo rados\u0165i obch\u00e1zala Kalvarku aj smr\u0165. N\u00e9 enom proto, \u017ee hore na kr\u00ed\u017ei um\u00edral sin Bo\u017e\u00ed.\u00a0 V\u00a0augus\u0165e 1953 sa tam stala smutn\u00e1 trag\u00e9dia. V\u00a0bunkri pot vrch\u0148i\u010dk\u00fa (k\u00fasek nalevo ot Svat\u00e9ho hrobu) sa hr\u00e1li \u010fecka, negdo sk\u00e1kal nad bunkrem, hlina sa uv\u00e9zla a\u00a0\u010fecka zasipala. Dvoch chalan\u00fa zachr\u00e1\u0148ili, no \u010fef\u010dica ze zlomen\u00edm vazem tam umrela.<\/p>\n<p>Svahi okolo celej Kalvarki bili simbolicki obrostl\u00e9 t\u0155\u0148ovit\u00edma kr\u00ed\u010dkama. Pot t\u00edma kr\u00ed\u010dkama \u017eili v nor\u00e1ch \u010fivok\u00ed kr\u00e1lici a paprik\u00e1\u0161 s tehoto no\u010d\u0148\u00edho hlodafca bila vz\u00e1cna poch\u00fa\u0165ka. No chi\u0165it ho nebilo jednoduch\u00e9, lebo fri\u0161ko utekal a uskakoval do stran. J\u00e1 sem op\u010das cho\u010fil na kr\u00e1lik\u00fa s p\u00e1nem Feren\u010d\u00e1kem a jeho sinem, moj\u00edm kamar\u00e1dem. On na vih\u00e1\u0148a\u0148\u00ed kr\u00e1lik\u00fa z \u010f\u00fare pou\u017e\u00edval fretku, co je takov\u00ed ocho\u010den\u00ed tchor. Ket sa zve\u010derilo do\u0161li sme g nori, pus\u0165ili fretku a \u0161up, u\u0161 bil kr\u00e1lik v mjechu, ale aj \u0161krabance na ruk\u00e1ch.<\/p>\n<p>A zostala mi aj jedna srandov\u0148\u00ed spom\u00ednka. R\u00e1s sme chi\u0165ili mal\u00e9ho kr\u00e1li\u010dka, ker\u00ed sa mi moc zal\u00fabil a tak sem si ho viptal dom. Mamka mi rekla, \u017ee to ne\u0148i \u017e\u00e1dn\u00e1 ko\u010dka a\u0148i pes na hr\u00e1\u0165\u00ed, \u017ee mi aj tak ute\u010de. Doma sem ho pus\u0165il v izbje, gde mi vbjehel pot skri\u0148u. Ot\u00e1t sem ho vih\u00e1\u0148al kut\u00e1\u010dem, zachv\u00edlu vibjehel pres chodbu na dv\u00far a\u00a0u\u0161 ho nebilo. Mamka jak \u010ficki mjela pravdu. Ur\u010di\u0165e ut\u00e9kel na Kalvarku a\u00a0mje po \u0148em ostali enom bopki pot skri\u0148\u00fa.<\/p>\n<p>Kr\u00e1lik\u00fa \u010fivok\u00edch bilo v\u00a0minulos\u0165i hod\u0148e v\u0161eligde okolo Skalice, u\u00a0pile za n\u00e1dra\u017e\u00edm, no najv\u00edcej ve vinohradoch. Tam sem na \u0148ich cho\u010fil polovat aj j\u00e1 s\u00a0dobr\u00edm strelcem p\u00e1nem Vlad\u00fa Dink\u00fa aj s\u00a0honcem p\u00e1nem \u0160ohajd\u00fa. Ko\u0161ki z\u00a0\u0148ich vikupoval p\u00e1n Kadle\u010d\u00edk a\u00a0za pe\u0148\u00edski sme si k\u00fapili nov\u00e9 patr\u00f3ni. Aj to bil jeden z\u00a0po\u010fivn\u00edch kolobjeh\u00fa svjeta.<\/p>\n<p>P\u00ed\u0161u enom to, co sem v\u00a0mojem \u017eivo\u0165e vi\u010fel, \u010dul a\u00a0za\u017eil.<\/p>\n<p><em>Miloslav Tom\u0161ej st.,<\/em><br \/>\n<em>Skali\u010dan \u0165elem aj du\u0161\u00fa<\/em><\/p>\n","protected":false},"excerpt":{"rendered":"<div class=\"mh-excerpt\"><p>Kalvarka patr\u00ed ke Skalici stej\u0148e jak vinohradi. Hod\u0148e gener\u00e1cij\u00ed tam pro\u017eilo kus \u010fectva a mimo rados\u0165i obch\u00e1zala Kalvarku aj smr\u0165. N\u00e9 enom proto, \u017ee hore na kr\u00ed\u017ei um\u00edral sin Bo\u017e\u00ed.\u00a0 V\u00a0augus\u0165e 1953 sa tam stala <a class=\"mh-excerpt-more\" href=\"http:\/\/skalickyobzor.sk\/cms\/sup-a-us-bil-v-mjechu\/\" title=\"\u0160up a u\u0161 bil v mjechu\">[&#8230;]<\/a><\/p>\n<\/div>","protected":false},"author":17,"featured_media":17,"comment_status":"closed","ping_status":"closed","sticky":false,"template":"","format":"standard","meta":{"footnotes":""},"categories":[4],"tags":[],"class_list":{"0":"post-2321","1":"post","2":"type-post","3":"status-publish","4":"format-standard","5":"has-post-thumbnail","7":"category-ja-su-ze-skalice"},"_links":{"self":[{"href":"http:\/\/skalickyobzor.sk\/cms\/wp-json\/wp\/v2\/posts\/2321","targetHints":{"allow":["GET"]}}],"collection":[{"href":"http:\/\/skalickyobzor.sk\/cms\/wp-json\/wp\/v2\/posts"}],"about":[{"href":"http:\/\/skalickyobzor.sk\/cms\/wp-json\/wp\/v2\/types\/post"}],"author":[{"embeddable":true,"href":"http:\/\/skalickyobzor.sk\/cms\/wp-json\/wp\/v2\/users\/17"}],"replies":[{"embeddable":true,"href":"http:\/\/skalickyobzor.sk\/cms\/wp-json\/wp\/v2\/comments?post=2321"}],"version-history":[{"count":1,"href":"http:\/\/skalickyobzor.sk\/cms\/wp-json\/wp\/v2\/posts\/2321\/revisions"}],"predecessor-version":[{"id":2322,"href":"http:\/\/skalickyobzor.sk\/cms\/wp-json\/wp\/v2\/posts\/2321\/revisions\/2322"}],"wp:featuredmedia":[{"embeddable":true,"href":"http:\/\/skalickyobzor.sk\/cms\/wp-json\/wp\/v2\/media\/17"}],"wp:attachment":[{"href":"http:\/\/skalickyobzor.sk\/cms\/wp-json\/wp\/v2\/media?parent=2321"}],"wp:term":[{"taxonomy":"category","embeddable":true,"href":"http:\/\/skalickyobzor.sk\/cms\/wp-json\/wp\/v2\/categories?post=2321"},{"taxonomy":"post_tag","embeddable":true,"href":"http:\/\/skalickyobzor.sk\/cms\/wp-json\/wp\/v2\/tags?post=2321"}],"curies":[{"name":"wp","href":"https:\/\/api.w.org\/{rel}","templated":true}]}}