{"id":2349,"date":"2019-05-06T04:18:26","date_gmt":"2019-05-06T02:18:26","guid":{"rendered":"http:\/\/skalickyobzor.sk\/cms\/?p=2349"},"modified":"2019-05-06T04:53:33","modified_gmt":"2019-05-06T02:53:33","slug":"sviatok-obetavosti","status":"publish","type":"post","link":"http:\/\/skalickyobzor.sk\/cms\/sviatok-obetavosti\/","title":{"rendered":"Sviatok obetavosti"},"content":{"rendered":"<p><em><strong>V minulom \u010d\u00edsle sme na tomto mieste kr\u00fatili hlavou nad v\u0161emo\u017en\u00fdmi a takmer nemo\u017en\u00fdmi medzin\u00e1rodn\u00fdmi a svetov\u00fdmi d\u0148ami. 12. m\u00e1ja je v\u0161ak sviatok, ktor\u00fd by sme mali oslavova\u0165 v\u0161etci, aby sme si uvedomili pr\u00e1cu, ktor\u00fa pre n\u00e1s osl\u00e1venkyne vykon\u00e1vaj\u00fa \u2013 je Svetov\u00fd de\u0148 o\u0161etrovateliek (zdravotn\u00fdch sestier). Vyhl\u00e1sila ho v roku 1965 Medzin\u00e1rodn\u00e1 rada zdravotn\u00fdch sestier (ICN) a na tento d\u00e1tum si zvolila narodeniny anglickej o\u0161etrovate\u013eky Florence Nightingalovej, ktor\u00e1 zalo\u017eila prv\u00fa \u0161kolu pre o\u0161etrovate\u013eky na svete. K d\u00e1tumu jej narodenia sa vz\u0165ahuje aj Medzin\u00e1rodn\u00fd de\u0148 podpory chor\u00fdch s chronick\u00fdm \u00fanavov\u00fdm syndr\u00f3mom, preto\u017ee sa predpoklad\u00e1, \u017ee aj ona trpela touto chorobou.<\/strong><\/em><\/p>\n<p>Florence Nightingale patrila k snobskej vrstve bohat\u00fdch Lond\u00fdn\u010danov. Meno dostala pod\u013ea talianskeho mesta, kde sa 12. m\u00e1ja 1820 narodila. Bola ve\u013emi inteligentn\u00e1 a rodina jej poskytla mimoriadne vzdelanie. V sedemn\u00e1stich rokoch ohromila rodi\u010dov rozhodnut\u00edm sta\u0165 sa o\u0161etrovate\u013ekou s t\u00fdm, \u017ee vraj ju k tomu povolal Boh. Obavy a nes\u00fahlas rodiny prin\u00e1\u0161al v prvom rade stav tohto povolania, kedy ho vykon\u00e1vali spravidla mn\u00ed\u0161ky, \u010di nevzdelan\u00e9 diev\u010dat\u00e1 a cie\u013eom bolo chor\u00fdch len opatrova\u0165. Cie\u013eom Florence v\u0161ak bola reorganiz\u00e1cia britsk\u00e9ho zdravotn\u00edctva. Vyu\u017eila svoje postavenie a kontakty na n\u00e1v\u0161tevu radu nemocn\u00edc, kde zbierala postrehy a sk\u00fasenosti. Absolvovala \u0161tvormesa\u010dn\u00fd kurz lek\u00e1rskej odbornej pr\u00edpravy v nemeckom Keiserwerthe, kde miestny \u00fastav spravovala cirkev. Po n\u00e1vrate do Lond\u00fdna prevzala dozor nad \u00fastavom pre star\u00e9 a chor\u00e9 \u0161\u013eachti\u010dn\u00e9.<\/p>\n<p>Okrem mnoh\u00fdch zmien a noviniek vymyslela zvon\u010dek pri posteli pacienta. Po roku v\u0161ak odi\u0161la na front Krymskej vojny. Sformovala a vytr\u00e9novala \u0161\u00edk dobrovo\u013en\u00ed\u010dok, v nemocniciach zorganizovala pr\u00e1cu, zaviedla hygienu, kanaliz\u00e1ciu, vetranie, dobr\u00fa stravu, um\u00fdvanie r\u00fak nieko\u013ekokr\u00e1t denne &#8230; Legend\u00e1rne sa stali jej no\u010dn\u00e9 in\u0161pekcie a a\u017e do smrti ju svet poznal ako \u201ed\u00e1mu s lampou\u201c. Vojaci ju milovali a za nieko\u013eko mesiacov po tom, \u010do zaviedla svoje opatrenia, klesla ich \u00famrtnos\u0165 z p\u00e4\u0165desiat na dve percent\u00e1. Stala sa legendou, skladali o nej piesne, \u00factu jej prejavovala i kr\u00e1\u013eovn\u00e1 Vikt\u00f3ria a v m\u00fazeu voskov\u00fdch figur\u00edn st\u00e1la e\u0161te za \u017eivota jej socha. Medzin\u00e1rodn\u00fd \u010cerven\u00fd kr\u00ed\u017e ude\u013euje ako najvy\u0161\u0161ie vyznamenanie na poli o\u0161etrovate\u013estva medailu s\u00a0jej menom.<\/p>\n<h3>SESTRY N\u00c1S V\u0160ETK\u00ddCH<\/h3>\n<p>U\u017e po deviaty rok usporad\u00fava 28. m\u00e1ja skalick\u00e1 nemocnica Skalick\u00fd de\u0148 sestier. Organizuj\u00fa ho sestry, je to v\u0161ak oslava v\u0161etk\u00fdch zdravotn\u00edckych pracovn\u00edkov \u2013 praktick\u00fdch sestier, z\u00e1chran\u00e1rov, p\u00f4rodn\u00fdch asistentiek, laborantov, rehabilita\u010dn\u00fdch pracovn\u00edkov, at\u010f. Teda, v\u0161etk\u00fdch, ktor\u00ed sa staraj\u00fa o\u00a0pacientov. Na medzin\u00e1rodn\u00fd de\u0148 o\u0161etrovateliek organizuj\u00fa nemocnice semin\u00e1re a\u00a0kongresy. Napriek n\u00e1zvu si tento sviatok privlast\u0148uj\u00fa sestry ako pokra\u010dovate\u013eky tej p\u00f4vodnej profesie. O\u00a0\u00faloh\u00e1ch, pr\u00e1ci a\u00a0d\u00f4le\u017eitosti zdravotn\u00fdch sestier sme sa rozpr\u00e1vali s\u00a0riadite\u013ekou Fakultnej nemocnice s\u00a0poliklinikou Skalica, a.s., Ren\u00e1tou Kormanovou a\u00a0jej n\u00e1mestn\u00ed\u010dkou pre o\u0161etrovate\u013esk\u00fa starostlivos\u0165 Katar\u00ednou Fil\u00edpkovou.<\/p>\n<p><strong>M\u00f4\u017eete n\u00e1m, pros\u00edm, na \u00favod urobi\u0165 jasno v\u00a0tom, ak\u00fd je dnes rozdiel medzi o\u0161etrovate\u013ekou a\u00a0zdravotnou sestrou?<\/strong><br \/>\n<strong>KF:<\/strong> To je e\u0161te zlo\u017eitej\u0161ie, ako to na prv\u00fd poh\u013ead vyzer\u00e1 &#8211; je o\u0161etrovate\u013eka, zdravotn\u00e1 sestra, sanit\u00e1rka, opatrovate\u013eka, aj pomocn\u00fd pracovn\u00edk v\u00a0zdravotn\u00edctve. Hlavn\u00fdm rozdielom medzi sestrou a\u00a0o\u0161etrovate\u013ekou je dosiahnut\u00e9 vzdelanie. V\u00a0s\u00fa\u010dasnosti mus\u00ed ma\u0165 sestra minim\u00e1lne bakal\u00e1rsky stupe\u0148 vysokej \u0161koly, ale m\u00f4\u017ee pokra\u010dova\u0165 magistersk\u00fdm \u0161t\u00fadiom a\u00a0n\u00e1sledne si urobi\u0165 \u0161pecializ\u00e1ciu.<br \/>\n<strong>RK:<\/strong> \u010ci u\u017e m\u00e1te stredo\u0161kolsk\u00e9 alebo bakal\u00e1rske vzdelanie, v\u00a0princ\u00edpe je to st\u00e1le jeden v\u00fdkonn\u00fd person\u00e1l, a\u00a0ke\u010f je treba pom\u00f4c\u0165, nikto sa na vzdelanie nep\u00fdta. V\u0161etci musia by\u0165 t\u00edmov\u00ed hr\u00e1\u010di, jeden bez druh\u00e9ho nefunguje. Magistersk\u00fd titul v\u0161ak u\u017e otv\u00e1ra mo\u017enosti na mana\u017e\u00e9rsku pr\u00e1cu a\u00a0s\u00a0t\u00fdm aj na podie\u013eanie sa napr\u00edklad na zav\u00e1dzan\u00ed nov\u00fdch met\u00f3d, technol\u00f3gi\u00ed, \u010di postupov. Vysok\u00e1 \u0161kola je v\u00a0prvom rade d\u00f4kazom, \u017ee sestra je ochotn\u00e1 a\u00a0schopn\u00e1 sa rozv\u00edja\u0165.<\/p>\n<p><strong>Vzdelanie v\u0161ak prin\u00e1\u0161a i\u00a0kompetencie pre odborn\u00fa pr\u00e1cu.<\/strong><br \/>\n<strong>KF:<\/strong> O\u0161etrovate\u013eky sa stali vlastne pomocn\u00fdmi silami. To nie je degrad\u00e1cia, preto\u017ee pr\u00e1ve ony s\u00fa najviac v kontakte s pacientmi a maj\u00fa k nim najbli\u017e\u0161ie. Maj\u00fa najv\u00e4\u010d\u0161\u00ed vplyv na fyzick\u00fa a psychick\u00fa pohodu pacientov. Na druhej strane sestry maj\u00fa v\u00a0n\u00e1plni pr\u00e1ce zodpovednej\u0161ie a\u00a0odbornej\u0161ie v\u00fdkony. Do ich \u010dinnosti spad\u00e1 pod\u00e1vanie inf\u00fazi\u00ed, intraven\u00f3znych injekci\u00ed, mana\u017ement pacientskych vy\u0161etren\u00ed, pr\u00edprava pacientov na z\u00e1kroky, odborn\u00e1 spolupr\u00e1ca s\u00a0lek\u00e1rom, &#8230; Odli\u0161uje n\u00e1s zodpovednos\u0165 a\u00a0\u00falohy, ale v\u00a0kone\u010dnom d\u00f4sledku sme v\u0161etci jeden t\u00edm, preto\u017ee ka\u017ed\u00fd v\u00a0\u0148om m\u00e1 jednozna\u010dn\u00e9 a\u00a0nezastupite\u013en\u00e9 miesto.<\/p>\n<p><strong>Trad\u00edciu zdravotnej \u0161koly m\u00e1 aj na\u0161e mesto. Poci\u0165ujete to v\u00a0praxi?<\/strong><br \/>\n<strong>KF:<\/strong> V Skalici na strednej zdravotn\u00edckej \u0161kole (SZ\u0160) \u0161tuduj\u00fa praktick\u00e9 sestry. Ich kompetencie s\u00fa obmedzen\u00e9, no sme v\u010fa\u010dn\u00ed, \u017ee tu tak\u00fato odborn\u00fa \u0161kolu m\u00e1me, preto\u017ee okrem in\u00e9ho k n\u00e1m chodia \u0161tudenti vykon\u00e1va\u0165 prax. \u0160tuduj\u00fa tu okrem praktick\u00fdch sestier aj sanit\u00e1ri a mas\u00e9ri.<\/p>\n<p><strong>Men\u00ed sa s\u00a0\u010dasom postavenie zdravotn\u00fdch sestier a\u00a0o\u0161etrovateliek?<\/strong><br \/>\n<strong>RK:<\/strong> Pacienti bud\u00fa v\u017edy potrebova\u0165 o\u0161etrovate\u013esk\u00fa starostlivos\u0165, preto si povolanie zdravotnej sestry a o\u0161etrovate\u013eky zachov\u00e1va svoj \u0161tat\u00fat d\u00f4le\u017eitosti. Z h\u013eadiska o\u0161etrovania sa ve\u013emi nemenia ani potreby pacientov, pri\u0161lo v\u0161ak k ve\u013ek\u00e9mu rozvoju podporn\u00fdch prostriedkov. Pri \u0161pecializovan\u00fdch postoch je pr\u00e1ca st\u00e1le viac n\u00e1ro\u010dn\u00e1 na obsluhu pr\u00edstrojov a technick\u00fdch zariaden\u00ed. To vyvol\u00e1va t\u00fa potrebu vzdelania, o ktorej sme hovorili. Da\u0165 na oddelenie intenz\u00edvnej starostlivosti pacienta na monitoring vit\u00e1lnych funkci\u00ed znamen\u00e1 dokonal\u00e9 zvl\u00e1dnutie tridsiatich pr\u00edstrojov.<\/p>\n<p><strong>Ak\u00e1 by mala by\u0165 ide\u00e1lna zdravotn\u00e1 sestra?<\/strong><br \/>\n<strong>RK:<\/strong> Nikto nie je ide\u00e1lny. Odbornos\u0165 je jedna str\u00e1nka, ale pacienti s\u00fa t\u00ed, ktor\u00ed n\u00e1s potrebuj\u00fa. Niekedy sta\u010d\u00ed, aby si sestra, ktor\u00e1 pristupuje k\u00a0pacientovi, predstavila, \u017ee tam le\u017e\u00ed ona a\u00a0\u010do by ona na jeho mieste od sestri\u010dky o\u010dak\u00e1vala. Ale plat\u00ed to i\u00a0opa\u010dne.<\/p>\n<p><strong>A\u00a0\u010do pacienti o\u010dak\u00e1vaj\u00fa v\u00a0skuto\u010dnosti?<\/strong><br \/>\n<strong>RK:<\/strong> Pacienti \u010dasto prich\u00e1dzaj\u00fa \u201evy\u0161kolen\u00ed\u201c internetom a\u00a0maj\u00fa u\u017e predstavy o\u00a0tom, \u010do by bolo pre nich najlep\u0161ie. K\u00a0tomu je u\u017e v\u00a0mnohom \u010d\u00edm \u010falej viac uprednost\u0148ovan\u00fd pobytov\u00fd komfort. Samotn\u00e1 lie\u010debn\u00e1 str\u00e1nka je niekde v\u00a0\u00fazad\u00ed. Je treba si uvedomi\u0165, \u017ee na jednu sestru be\u017ene pripad\u00e1 a\u017e dvadsa\u0165 pacientov.<\/p>\n<p><strong>Je v\u00fdnimo\u010dn\u00e1 pr\u00e1ca sestier a\u00a0person\u00e1lu oce\u0148ovan\u00e1 nejak\u00fdm vyznamenan\u00edm?<\/strong><br \/>\n<strong>KF:<\/strong> Ocenenia existuj\u00fa na \u00farovni Slovenskej republiky i\u00a0na \u00farovni samospr\u00e1vneho kraja. Najvy\u0161\u0161\u00edm vyznamenan\u00edm je Biele srdce. Ude\u013euje ho Slovensk\u00e1 komora sestier a\u00a0p\u00f4rodn\u00fdch asistentiek. U\u00a0n\u00e1s bola ocenen\u00e1 b\u00fdval\u00e1 ved\u00faca sestra z\u00a0urol\u00f3gie Franti\u0161ka Ru\u017ei\u010dkov\u00e1 a\u00a0moja predchodky\u0148a na poste n\u00e1mestn\u00ed\u010dky Sylvia Kova\u0159\u00ed\u010dkov\u00e1. Okrem toho v\u00a0minulom roku dostala sestra \u0161pecialistka Renata Chorv\u00e1tov\u00e1 od \u017eupana Trnavsk\u00e9ho samospr\u00e1vneho kraja ocenenie Zdravotn\u00edk roka. Ocenenie by si zasl\u00fa\u017eila ka\u017ed\u00e1 z\u00a0t\u00fdch, s\u00a0ktor\u00fdmi pracujem.<\/p>\n<hr \/>\n<h2>ROZHOVOR s\u00a0Mgr. Silviou Kova\u0159\u00ed\u010dkovou,<br \/>\ndr\u017eite\u013ekou celoslovensk\u00e9ho ocenenia Biele srdce<\/h2>\n<figure id=\"attachment_2354\" aria-describedby=\"caption-attachment-2354\" style=\"width: 949px\" class=\"wp-caption aligncenter\"><img loading=\"lazy\" decoding=\"async\" class=\"size-full wp-image-2354\" src=\"http:\/\/skalickyobzor.sk\/cms\/wp-content\/uploads\/2019\/05\/PRA_2285.jpg\" alt=\"\" width=\"949\" height=\"629\" srcset=\"http:\/\/skalickyobzor.sk\/cms\/wp-content\/uploads\/2019\/05\/PRA_2285.jpg 949w, http:\/\/skalickyobzor.sk\/cms\/wp-content\/uploads\/2019\/05\/PRA_2285-300x199.jpg 300w, http:\/\/skalickyobzor.sk\/cms\/wp-content\/uploads\/2019\/05\/PRA_2285-768x509.jpg 768w\" sizes=\"auto, (max-width: 949px) 100vw, 949px\" \/><figcaption id=\"caption-attachment-2354\" class=\"wp-caption-text\">Mgr. Silvia Kova\u0159\u00ed\u010dkov\u00e1<br \/>Arch\u00edv: FNsP Skalica<\/figcaption><\/figure>\n<p><em><strong>Biele srdce je ocenenie, vyjadruj\u00face charakter starostlivosti, vedomosti a\u00a0humanitu, ktor\u00e1 nap\u013a\u0148a pr\u00e1cu a\u00a0ducha o\u0161etrovate\u013estva. Toto ocenenie na celo\u0161t\u00e1tnej \u00farovni v\u00a0kateg\u00f3rii sestra-mana\u017e\u00e9rka udelila Slovensk\u00e1 komora sestier a\u00a0zdravotn\u00edckych pracovn\u00edkov aj Silvii Kova\u0159\u00ed\u010dkovej z\u00a0FNsP Skalica. V\u00a0tom \u010dase sa anga\u017eovala v\u00a0tvorbe o\u0161etrovate\u013esk\u00fdch \u0161tandardov, no jej profesion\u00e1lny \u017eivot je ove\u013ea pestrej\u0161\u00ed.<\/strong> <\/em><\/p>\n<figure id=\"attachment_2355\" aria-describedby=\"caption-attachment-2355\" style=\"width: 846px\" class=\"wp-caption aligncenter\"><img loading=\"lazy\" decoding=\"async\" class=\"size-full wp-image-2355\" src=\"http:\/\/skalickyobzor.sk\/cms\/wp-content\/uploads\/2019\/05\/Ocenenie-Biele-srdce-Arch\u00edv-Silvia-Kovarickova-kopie.jpg\" alt=\"\" width=\"846\" height=\"768\" srcset=\"http:\/\/skalickyobzor.sk\/cms\/wp-content\/uploads\/2019\/05\/Ocenenie-Biele-srdce-Arch\u00edv-Silvia-Kovarickova-kopie.jpg 846w, http:\/\/skalickyobzor.sk\/cms\/wp-content\/uploads\/2019\/05\/Ocenenie-Biele-srdce-Arch\u00edv-Silvia-Kovarickova-kopie-300x272.jpg 300w, http:\/\/skalickyobzor.sk\/cms\/wp-content\/uploads\/2019\/05\/Ocenenie-Biele-srdce-Arch\u00edv-Silvia-Kovarickova-kopie-768x697.jpg 768w\" sizes=\"auto, (max-width: 846px) 100vw, 846px\" \/><figcaption id=\"caption-attachment-2355\" class=\"wp-caption-text\">Ocenenie Biele srdce<br \/>Arch\u00edv: Silvia Kova\u0159\u00ed\u010dkov\u00e1<\/figcaption><\/figure>\n<p><strong>Ak\u00e1 bola va\u0161a cesta povolan\u00edm zdravotnej sestry?<\/strong><br \/>\nV na\u0161ej nemocnici som nepretr\u017eite zamestnan\u00e1 od roku 1995. Ako mlad\u00e1 sestri\u010dka som nast\u00fapila na ARO, kde som po\u010das trojzmennej prev\u00e1dzky stihla absolvova\u0165 dvakr\u00e1t matersk\u00fa dovolenku a vy\u0161tudova\u0165 vysok\u00fa \u0161kolu. Pred druhou materskou som sa na chv\u00ed\u013eu stala na ARO vrchnou sestrou a po nej som nast\u00fapila na poz\u00edciu n\u00e1mestn\u00ed\u010dky pre o\u0161etrovate\u013esk\u00fa starostlivos\u0165, kde som p\u00f4sobila takmer desa\u0165 rokov. Popri tom som si re\u00e1lne siahla na pr\u00e1cu in\u00fdch sestier, aby som mala dostatok inform\u00e1ci\u00ed pre riadenie ich pr\u00e1ce. Pre\u0161la som hematologickou ambulanciou, transf\u00faznou stanicou, pracovala som na infek\u010dnej ambulancii, z\u00fa\u010dast\u0148ovala som sa viz\u00edt na internom, chirurgii, &#8230; No, nesk\u00f4r to bola hlavne pr\u00e1ca v\u00a0kancel\u00e1rii, ale som odporcom rozhodovania \u201eod stola\u201c bez skuto\u010dnej sk\u00fasenosti s\u00a0pr\u00e1cou, ktor\u00fa m\u00e1m riadi\u0165, preto som na za\u010diatku pracovala aj v\u00a0\u201eter\u00e9ne\u201c.<\/p>\n<p><strong>Ma\u0165 na starosti 260 \u013eud\u00ed je asi ve\u013emi n\u00e1ro\u010dn\u00e9 na \u010das i\u00a0na psychiku.<\/strong><br \/>\nSamozrejme. Postupne som si siahla na dno a\u00a0v\u00a0tom tlaku \u00faplne zo v\u0161etk\u00fdch str\u00e1n som si pre\u0161la dokonca psychick\u00fdm vyhoren\u00edm. \u010clovek sa sna\u017e\u00ed s\u00fa\u010dasne vyhovie\u0165 pacientom, nadriaden\u00fdm, podriaden\u00fdm a\u00a0ak nem\u00e1 nastaven\u00e9 svoje mantinely, tak jednoducho pr\u00edde o\u00a0v\u0161etku energiu a\u00a0\u010falej to nejde. D\u00e1vala som sa do poriadku sedem mesiacov. Ned\u00e1vala som to v\u0161ak za vinu samotn\u00e9mu zdravotn\u00edctvu a\u00a0vr\u00e1tila som sa k\u00a0nemu, no do laborat\u00f3ria, kde to bol pre m\u0148a jasn\u00fd a\u00a0k\u013eudn\u00fd re\u017eim. Napokon som za ten zlom v\u010fa\u010dn\u00e1, preto\u017ee s\u00fa\u010dasn\u00fd m\u00f4j \u017eivot vyzer\u00e1 z\u00e1sadne inak. Dnes pracujem ako ved\u00faca sestra pediatrick\u00e9ho oddelenia, a\u00a0z\u00e1rove\u0148 aj ako ambulantn\u00e1 sestra na detskej odbornej ambulancii.<\/p>\n<p><strong>Kedy vo v\u00e1s skrslo presved\u010denie, \u017ee budete zdravotnou sestrou?<\/strong><br \/>\nNa z\u00e1kladnej \u0161kole sa n\u00e1s m\u00f4j ob\u013e\u00faben\u00fd u\u010dite\u013e Budinsk\u00fd ka\u017ed\u00fd \u0161kolsk\u00fd rok p\u00fdtal, \u010d\u00edm by sme chceli by\u0165. Najprv som chcela by\u0165 voja\u010dkou, potom archeologi\u010dkou, aran\u017e\u00e9rkou a\u00a0od siedmej triedy u\u017e som mierila na zdravotn\u00fa. Bola to dos\u0165 prest\u00ed\u017ena \u0161kola a\u00a0navy\u0161e ma podporovala maminka, ktor\u00e1 t\u00fa\u017eila by\u0165 sestri\u010dkou a\u00a0nesplnilo sa jej to. Rozhodla som sa v\u0161ak za seba a\u00a0nemenila by som. Dokonca m\u00e1m aj pedagogick\u00e9 minimum a\u00a0zva\u017eovala som mo\u017enos\u0165 sama na zdravotnej \u0161kole u\u010di\u0165. \u017divot v\u0161ak i\u0161iel inokadia\u013e a\u00a0zv\u00ed\u0165azila praktick\u00e1 medic\u00edna.<\/p>\n<hr \/>\n<h2>ROZHOVOR s\u00a0Renatou Chorv\u00e1tovou,<br \/>\ndr\u017eite\u013ekou ocenenia Zdravotn\u00edk roka<\/h2>\n<figure id=\"attachment_2356\" aria-describedby=\"caption-attachment-2356\" style=\"width: 986px\" class=\"wp-caption aligncenter\"><img loading=\"lazy\" decoding=\"async\" class=\"size-full wp-image-2356\" src=\"http:\/\/skalickyobzor.sk\/cms\/wp-content\/uploads\/2019\/05\/PRA_2303.jpg\" alt=\"\" width=\"986\" height=\"653\" srcset=\"http:\/\/skalickyobzor.sk\/cms\/wp-content\/uploads\/2019\/05\/PRA_2303.jpg 986w, http:\/\/skalickyobzor.sk\/cms\/wp-content\/uploads\/2019\/05\/PRA_2303-300x199.jpg 300w, http:\/\/skalickyobzor.sk\/cms\/wp-content\/uploads\/2019\/05\/PRA_2303-768x509.jpg 768w\" sizes=\"auto, (max-width: 986px) 100vw, 986px\" \/><figcaption id=\"caption-attachment-2356\" class=\"wp-caption-text\">Renata Chorv\u00e1tov\u00e1<br \/>Arch\u00edv: FNsP Skalica<\/figcaption><\/figure>\n<p><strong>Kde ste v\u00a0nemocnici doma?<\/strong><br \/>\nSom sestra \u0161pecialistka, vy\u0161tudovan\u00e1 v\u00a0odbore in\u0161trumentovania v\u00a0opera\u010dnej s\u00e1le. Tam som aj ako ved\u00faca sestra centr\u00e1lnych opera\u010dn\u00fdch s\u00e1l, teda, \u201edoma\u201c.<\/p>\n<p><strong>Ko\u013eko rokov ste u\u017e v\u00a0zdravotn\u00edctve?<\/strong><br \/>\nAk dobre po\u010d\u00edtam, tak tridsa\u0165\u0161tyri. Po strednej \u0161kole som nast\u00fapila na neurochirurgick\u00fa kliniku v Bratislave, po materskej dovolenke som pracovala v\u00a0jasli\u010dk\u00e1ch, po ich zru\u0161en\u00ed ako zdravotn\u00e1 sestra v\u00a0\u00dastave soci\u00e1lnej starostlivosti v\u00a0Hodon\u00edne a\u00a0po druhej materskej dovolenke som u\u017e vedela, \u017ee mojou cestou je in\u0161trumentovanie, v\u00a0ktorom som u\u017e mala aj prax. S\u00a0t\u00fdm som si d\u00e1vala \u017eiados\u0165 o\u00a0zamestnanie tu, v\u00a0Skalici a\u00a0zhodou okolnost\u00ed bolo vo\u013en\u00e9 miesto na opera\u010dn\u00fdch s\u00e1lach.<\/p>\n<p><strong>\u010co pokr\u00fdva va\u0161a pr\u00e1ca dnes?<\/strong><br \/>\nN\u00e1pl\u0148ou mojej pr\u00e1ce je in\u0161trumentovanie vo v\u0161etk\u00fdch opera\u010dn\u00fdch v\u00fdkonoch a\u00a0ako ved\u00faci pracovn\u00edk rob\u00edm kompletn\u00e9 zabezpe\u010dovanie technick\u00e9ho materi\u00e1lu a\u00a0cel\u00e9ho vybavenia na opera\u010dn\u00fdch s\u00e1lach so \u0161peci\u00e1lnym zdravotn\u00edckym materi\u00e1lom. In\u0161trument\u00e1rka je s\u00fa\u010das\u0165ou opera\u010dn\u00e9ho t\u00edmu, ktor\u00e1 mus\u00ed dr\u017ea\u0165 krok so v\u0161etk\u00fdmi novinkami.<\/p>\n<p><strong>Tak\u017ee vzdel\u00e1vanie sa \u0161kolou neskon\u010dilo &#8230;<\/strong><br \/>\nPr\u00e1ve naopak. Neust\u00e1le prich\u00e1dzaj\u00fa nov\u00e9 a\u00a0nov\u00e9 veci a\u00a0s\u00fastavne sa dovzdel\u00e1vame na kreditovan\u00fdch akci\u00e1ch, ktor\u00e9 s\u00fa k\u00a0tomu pre zdravotn\u00edkov organizovan\u00e9. Av\u0161ak mnoho je na individu\u00e1lnom vzdel\u00e1van\u00ed. S\u00a0ka\u017edou novou endoprot\u00e9zou si mus\u00edme na\u0161tudova\u0165 postupy, aby sme boli pri oper\u00e1cii neust\u00e1le v\u00a0obraze. Nie je to len v\u00a0pr\u00e1ci, ale mnoho vo svojom vo\u013ene.<\/p>\n<p><strong>Ste in\u0161trument\u00e1rkou ako pre ortop\u00e9da aj pre chirurga, pre v\u0161etk\u00fdch?<\/strong><br \/>\n\u00c1no. M\u00e1me centr\u00e1lne opera\u010dn\u00e9 s\u00e1ly a\u00a0okrem gynekol\u00f3gie, ktor\u00e1 je samostatn\u00e1, sa u\u00a0n\u00e1s operuje z\u00a0odborov chirurgie, urol\u00f3gie, kr\u010dn\u00e9ho lek\u00e1rstva a\u00a0ortop\u00e9die. Vy\u017eaduje si to znalosti zo v\u0161etk\u00fdch t\u00fdchto odborov, centralizovanie opera\u010dn\u00fdch s\u00e1l je trendom aj vo svete.<\/p>\n<p><strong>Sn\u00edvali ste od mali\u010dka, \u017ee budete zdravotnou sestrou?<\/strong><br \/>\nA\u017e od nejak\u00fdch 10 a\u017e 12 rokov. Mala som starenku, ktor\u00e1 trpela na srdcov\u00e9 choroby a\u00a0ja som ju mala ve\u013emi rada. \u010casto ju vozili sem do nemocnice na \u201emodr\u00fa izbu\u201c, \u010do bola jednotka intenz\u00edvnej starostlivosti. T\u00fa izbu vid\u00edm dodnes a\u00a0v\u017edy, ke\u010f n\u00e1m starenku vr\u00e1tili domov, tak som si hovorila, \u017ee budem sestri\u010dka. A\u00a0tak som.<\/p>\n<p><strong>Naplnili sa va\u0161e o\u010dak\u00e1vania, ktor\u00e9 ste pri predstav\u00e1ch o\u00a0tejto pr\u00e1ci mali?<\/strong><br \/>\nOd mojich za\u010diatkov sa v\u0161etko dos\u0165 zmenilo. Niekedy je toho vy\u0161e hlavy, predov\u0161etk\u00fdm person\u00e1lnych probl\u00e9mov, ako v\u0161ade. Mo\u017eno d\u00f4le\u017eitej\u0161ia ako inde je t\u00edmov\u00e1 spolupr\u00e1ca, \u013eudia sa musia na seba maxim\u00e1lne spo\u013eahn\u00fa\u0165. Je treba rovnako myslie\u0165 a\u00a0vidie\u0165 dopredu. A\u00a0toto \u010dlovek v\u00a0predstav\u00e1ch nem\u00e1, k\u00fdm toho nie je s\u00fa\u010das\u0165ou.<\/p>\n<p><strong>Docenia pacienti v\u0161etku t\u00fa starostlivos\u0165?<\/strong><br \/>\nMy s\u00a0pacientom komunikujeme a\u017e bezprostredne pred oper\u00e1ciou a\u00a0po oper\u00e1cii, tak\u017ee k\u00a0bli\u017e\u0161iemu osobn\u00e9mu kontaktu sa dost\u00e1vame ve\u013emi m\u00e1lo. To by sk\u00f4r vedel pos\u00fadi\u0165 person\u00e1l na oddeleniach.<\/p>\n<p><strong>Je st\u00e1le va\u0161e povolanie \u017eenskou dom\u00e9nou alebo sa objavuj\u00fa aj \u201ezdravotn\u00ed bratia\u201c?<\/strong><br \/>\nMysl\u00edm, \u017ee toto je st\u00e1le \u017eensk\u00fd priestor. Chlapi s\u00fa, av\u0161ak ve\u013emi m\u00e1lo. In\u0161trument\u00e1rov e\u0161te menej. Je to prirodzenej\u0161ie pre \u017eeny, \u010do vypl\u00fdva z\u00a0prirodzenej starostlivosti a\u00a0v\u00e4\u010d\u0161ej empatie. Na s\u00e1le je ved\u00facim t\u00edmu lek\u00e1r, \u010do s\u00fa zase v\u00e4\u010d\u0161inou mu\u017ei.<\/p>\n<p><strong>\u010co je na va\u0161ej pr\u00e1ci najn\u00e1ro\u010dnej\u0161ie?<\/strong><br \/>\nNajn\u00e1ro\u010dnej\u0161ie je dosiahnu\u0165, aby ten t\u00edm, o\u00a0ktorom st\u00e1le hovor\u00edme, bol skuto\u010dne zohrat\u00fd. Vedomosti a\u00a0zru\u010dnos\u0165 s\u00fa samozrejme podmienkou, ale s\u00fahra je aj o\u00a0\u013eudskej str\u00e1nke, o\u00a0naladen\u00ed sa na jednu vlnu.<\/p>\n<p>V\u0161etk\u00fdm d\u00e1mam srde\u010dne \u010fakujeme za rozhovor.<\/p>\n<p><em>\u017delm\u00edra Mach\u00e1\u010dkov\u00e1<\/em><\/p>\n","protected":false},"excerpt":{"rendered":"<div class=\"mh-excerpt\"><p>V minulom \u010d\u00edsle sme na tomto mieste kr\u00fatili hlavou nad v\u0161emo\u017en\u00fdmi a takmer nemo\u017en\u00fdmi medzin\u00e1rodn\u00fdmi a svetov\u00fdmi d\u0148ami. 12. m\u00e1ja je v\u0161ak sviatok, ktor\u00fd by sme mali oslavova\u0165 v\u0161etci, aby sme si uvedomili pr\u00e1cu, ktor\u00fa <a class=\"mh-excerpt-more\" href=\"http:\/\/skalickyobzor.sk\/cms\/sviatok-obetavosti\/\" title=\"Sviatok obetavosti\">[&#8230;]<\/a><\/p>\n<\/div>","protected":false},"author":2,"featured_media":2350,"comment_status":"closed","ping_status":"closed","sticky":false,"template":"","format":"standard","meta":{"footnotes":""},"categories":[2],"tags":[],"class_list":{"0":"post-2349","1":"post","2":"type-post","3":"status-publish","4":"format-standard","5":"has-post-thumbnail","7":"category-hlavna-tema"},"_links":{"self":[{"href":"http:\/\/skalickyobzor.sk\/cms\/wp-json\/wp\/v2\/posts\/2349","targetHints":{"allow":["GET"]}}],"collection":[{"href":"http:\/\/skalickyobzor.sk\/cms\/wp-json\/wp\/v2\/posts"}],"about":[{"href":"http:\/\/skalickyobzor.sk\/cms\/wp-json\/wp\/v2\/types\/post"}],"author":[{"embeddable":true,"href":"http:\/\/skalickyobzor.sk\/cms\/wp-json\/wp\/v2\/users\/2"}],"replies":[{"embeddable":true,"href":"http:\/\/skalickyobzor.sk\/cms\/wp-json\/wp\/v2\/comments?post=2349"}],"version-history":[{"count":4,"href":"http:\/\/skalickyobzor.sk\/cms\/wp-json\/wp\/v2\/posts\/2349\/revisions"}],"predecessor-version":[{"id":2357,"href":"http:\/\/skalickyobzor.sk\/cms\/wp-json\/wp\/v2\/posts\/2349\/revisions\/2357"}],"wp:featuredmedia":[{"embeddable":true,"href":"http:\/\/skalickyobzor.sk\/cms\/wp-json\/wp\/v2\/media\/2350"}],"wp:attachment":[{"href":"http:\/\/skalickyobzor.sk\/cms\/wp-json\/wp\/v2\/media?parent=2349"}],"wp:term":[{"taxonomy":"category","embeddable":true,"href":"http:\/\/skalickyobzor.sk\/cms\/wp-json\/wp\/v2\/categories?post=2349"},{"taxonomy":"post_tag","embeddable":true,"href":"http:\/\/skalickyobzor.sk\/cms\/wp-json\/wp\/v2\/tags?post=2349"}],"curies":[{"name":"wp","href":"https:\/\/api.w.org\/{rel}","templated":true}]}}