{"id":2364,"date":"2019-06-08T15:01:55","date_gmt":"2019-06-08T13:01:55","guid":{"rendered":"http:\/\/skalickyobzor.sk\/cms\/?p=2364"},"modified":"2019-06-08T15:59:43","modified_gmt":"2019-06-08T13:59:43","slug":"obzor-zo-dna-5-juna-1864","status":"publish","type":"post","link":"http:\/\/skalickyobzor.sk\/cms\/obzor-zo-dna-5-juna-1864\/","title":{"rendered":"Obzor zo d\u0148a 5. j\u00fana 1864"},"content":{"rendered":"<p>Pod\u013ea historick\u00e9ho kalend\u00e1ra bolo v j\u00fani 1864 v Eur\u00f3pe dos\u0165 fajn. Oproti Amerike, kde bolo v\u00a0tomto roku 22 vojensk\u00fdch bitiek v\u00a0pokra\u010duj\u00facej ob\u010dianskej vojne, ur\u010dite. V\u00a0t\u00fdch bojoch nikto ani nemohol tu\u0161i\u0165, \u017ee pr\u00e1ve sa v\u00a0Nemecku narodili Walter Hermann Nernst, ktor\u00fd postav\u00ed na nohy modern\u00fa fyzik\u00e1lnu ch\u00e9miu a\u00a0Richard Strauss, bud\u00faci svetozn\u00e1my skladate\u013e a\u00a0dirigent. A\u00a0zatia\u013e u\u00a0n\u00e1s:<\/p>\n<p><img loading=\"lazy\" decoding=\"async\" class=\"aligncenter size-full wp-image-2365\" src=\"http:\/\/skalickyobzor.sk\/cms\/wp-content\/uploads\/2019\/06\/1a.jpg\" alt=\"\" width=\"746\" height=\"235\" srcset=\"http:\/\/skalickyobzor.sk\/cms\/wp-content\/uploads\/2019\/06\/1a.jpg 746w, http:\/\/skalickyobzor.sk\/cms\/wp-content\/uploads\/2019\/06\/1a-300x95.jpg 300w\" sizes=\"auto, (max-width: 746px) 100vw, 746px\" \/> <img loading=\"lazy\" decoding=\"async\" class=\"aligncenter size-mhmagazinecontent wp-image-2366\" src=\"http:\/\/skalickyobzor.sk\/cms\/wp-content\/uploads\/2019\/06\/1b.jpg\" alt=\"\" width=\"744\" height=\"375\" srcset=\"http:\/\/skalickyobzor.sk\/cms\/wp-content\/uploads\/2019\/06\/1b.jpg 744w, http:\/\/skalickyobzor.sk\/cms\/wp-content\/uploads\/2019\/06\/1b-300x151.jpg 300w\" sizes=\"auto, (max-width: 744px) 100vw, 744px\" \/><\/p>\n<hr \/>\n<p><img loading=\"lazy\" decoding=\"async\" class=\"aligncenter size-full wp-image-2367\" src=\"http:\/\/skalickyobzor.sk\/cms\/wp-content\/uploads\/2019\/06\/3.jpg\" alt=\"\" width=\"748\" height=\"227\" srcset=\"http:\/\/skalickyobzor.sk\/cms\/wp-content\/uploads\/2019\/06\/3.jpg 748w, http:\/\/skalickyobzor.sk\/cms\/wp-content\/uploads\/2019\/06\/3-300x91.jpg 300w\" sizes=\"auto, (max-width: 748px) 100vw, 748px\" \/><\/p>\n<p>Rasca pod owocn\u00fdm stromow\u00edm. We\u013emi m\u00e1lo je t\u00fdch hospod\u00e1rskych rastl\u00edn, ktor\u00e9by sa pod strmow\u00edm darily. K\u00a0tomuto cielu, okrem u\u017e spomenutej merowky (srow. \u010c\u00edslo 14, str. 109) odpor\u00fa\u010dame i\u00a0rascu (km\u00edn; carum carvi), ktor\u00e1 i\u00a0wo tiene u\u017eitok wyd\u00e1wa; to n\u00e1m ale ani doklada\u0165 netreba, \u017ee zrno zahradnej rasci dokonalej\u0161ie bude od diw\u00e9ho.<\/p>\n<hr \/>\n<p><img loading=\"lazy\" decoding=\"async\" class=\"aligncenter size-full wp-image-2368\" src=\"http:\/\/skalickyobzor.sk\/cms\/wp-content\/uploads\/2019\/06\/4.jpg\" alt=\"\" width=\"747\" height=\"144\" srcset=\"http:\/\/skalickyobzor.sk\/cms\/wp-content\/uploads\/2019\/06\/4.jpg 747w, http:\/\/skalickyobzor.sk\/cms\/wp-content\/uploads\/2019\/06\/4-300x58.jpg 300w\" sizes=\"auto, (max-width: 747px) 100vw, 747px\" \/><\/p>\n<p>Prw\u00fd strom pomaran\u010dow\u00fd dostal sa roku 1500 do zeme franc\u00fazskej a\u00a0do dne\u0161ka w cis\u00e1rskej z\u00e1hrade wo Versailles \u017eije; teraz menowan\u00e1 krajina mili\u00f3ny zl. tr\u017e\u00ed za pomaran\u010de stromow, z\u00a0toho jedin\u00e9ho po\u0161l\u00fdch.<\/p>\n<hr \/>\n<p><img loading=\"lazy\" decoding=\"async\" class=\"aligncenter size-full wp-image-2369\" src=\"http:\/\/skalickyobzor.sk\/cms\/wp-content\/uploads\/2019\/06\/5.jpg\" alt=\"\" width=\"730\" height=\"116\" srcset=\"http:\/\/skalickyobzor.sk\/cms\/wp-content\/uploads\/2019\/06\/5.jpg 730w, http:\/\/skalickyobzor.sk\/cms\/wp-content\/uploads\/2019\/06\/5-300x48.jpg 300w\" sizes=\"auto, (max-width: 730px) 100vw, 730px\" \/><\/p>\n<p>Ilawsk\u00e1 trestnica obdr\u017e\u00ed now\u00e9ho obywatela; zlopowestn\u00fd toti\u017e wrah zbojn\u00edcky Soos z\u00a0Pe\u0161ti, na smr\u0165 me\u010da ods\u00faden\u00fd, dostal milos\u0165 a\u00a0bude w menowanej trestnici swoju pokutu zn\u00e1\u0161a\u0165.<\/p>\n<hr \/>\n<p><img loading=\"lazy\" decoding=\"async\" class=\"aligncenter size-full wp-image-2370\" src=\"http:\/\/skalickyobzor.sk\/cms\/wp-content\/uploads\/2019\/06\/6.jpg\" alt=\"\" width=\"737\" height=\"140\" srcset=\"http:\/\/skalickyobzor.sk\/cms\/wp-content\/uploads\/2019\/06\/6.jpg 737w, http:\/\/skalickyobzor.sk\/cms\/wp-content\/uploads\/2019\/06\/6-300x57.jpg 300w\" sizes=\"auto, (max-width: 737px) 100vw, 737px\" \/><\/p>\n<p>Now\u00e9 desa\u0165-zlatow\u00e9 bankowky s\u00fa tla\u010den\u00e9 na papieri, z\u00a0li\u0161now kukuri\u010dn\u00fdch shotowenom, ktor\u00e9ho pewnota oby\u010dajn\u00fd papier handrow\u00fd pewy\u0161uje; spomenut\u00e9 bankowky s\u00fa obrazom \u017eenca, ban\u00edka a\u00a0pastiera ozdoben\u00e9, bo\u010dn\u00e1 farba je zelen\u00e1.<\/p>\n<hr \/>\n<p><img loading=\"lazy\" decoding=\"async\" class=\"aligncenter size-full wp-image-2371\" src=\"http:\/\/skalickyobzor.sk\/cms\/wp-content\/uploads\/2019\/06\/36195-1.jpg\" alt=\"\" width=\"638\" height=\"823\" srcset=\"http:\/\/skalickyobzor.sk\/cms\/wp-content\/uploads\/2019\/06\/36195-1.jpg 638w, http:\/\/skalickyobzor.sk\/cms\/wp-content\/uploads\/2019\/06\/36195-1-233x300.jpg 233w\" sizes=\"auto, (max-width: 638px) 100vw, 638px\" \/><\/p>\n","protected":false},"excerpt":{"rendered":"<div class=\"mh-excerpt\"><p>Pod\u013ea historick\u00e9ho kalend\u00e1ra bolo v j\u00fani 1864 v Eur\u00f3pe dos\u0165 fajn. Oproti Amerike, kde bolo v\u00a0tomto roku 22 vojensk\u00fdch bitiek v\u00a0pokra\u010duj\u00facej ob\u010dianskej vojne, ur\u010dite. V\u00a0t\u00fdch bojoch nikto ani nemohol tu\u0161i\u0165, \u017ee pr\u00e1ve sa v\u00a0Nemecku narodili <a class=\"mh-excerpt-more\" href=\"http:\/\/skalickyobzor.sk\/cms\/obzor-zo-dna-5-juna-1864\/\" title=\"Obzor zo d\u0148a 5. j\u00fana 1864\">[&#8230;]<\/a><\/p>\n<\/div>","protected":false},"author":1,"featured_media":17,"comment_status":"closed","ping_status":"closed","sticky":false,"template":"","format":"standard","meta":{"footnotes":""},"categories":[17],"tags":[],"class_list":{"0":"post-2364","1":"post","2":"type-post","3":"status-publish","4":"format-standard","5":"has-post-thumbnail","7":"category-zo-starych-obzorov"},"_links":{"self":[{"href":"http:\/\/skalickyobzor.sk\/cms\/wp-json\/wp\/v2\/posts\/2364","targetHints":{"allow":["GET"]}}],"collection":[{"href":"http:\/\/skalickyobzor.sk\/cms\/wp-json\/wp\/v2\/posts"}],"about":[{"href":"http:\/\/skalickyobzor.sk\/cms\/wp-json\/wp\/v2\/types\/post"}],"author":[{"embeddable":true,"href":"http:\/\/skalickyobzor.sk\/cms\/wp-json\/wp\/v2\/users\/1"}],"replies":[{"embeddable":true,"href":"http:\/\/skalickyobzor.sk\/cms\/wp-json\/wp\/v2\/comments?post=2364"}],"version-history":[{"count":1,"href":"http:\/\/skalickyobzor.sk\/cms\/wp-json\/wp\/v2\/posts\/2364\/revisions"}],"predecessor-version":[{"id":2372,"href":"http:\/\/skalickyobzor.sk\/cms\/wp-json\/wp\/v2\/posts\/2364\/revisions\/2372"}],"wp:featuredmedia":[{"embeddable":true,"href":"http:\/\/skalickyobzor.sk\/cms\/wp-json\/wp\/v2\/media\/17"}],"wp:attachment":[{"href":"http:\/\/skalickyobzor.sk\/cms\/wp-json\/wp\/v2\/media?parent=2364"}],"wp:term":[{"taxonomy":"category","embeddable":true,"href":"http:\/\/skalickyobzor.sk\/cms\/wp-json\/wp\/v2\/categories?post=2364"},{"taxonomy":"post_tag","embeddable":true,"href":"http:\/\/skalickyobzor.sk\/cms\/wp-json\/wp\/v2\/tags?post=2364"}],"curies":[{"name":"wp","href":"https:\/\/api.w.org\/{rel}","templated":true}]}}