{"id":2376,"date":"2019-06-08T15:03:52","date_gmt":"2019-06-08T13:03:52","guid":{"rendered":"http:\/\/skalickyobzor.sk\/cms\/?p=2376"},"modified":"2019-06-08T15:59:56","modified_gmt":"2019-06-08T13:59:56","slug":"ked-ma-cela-zem-sviatok","status":"publish","type":"post","link":"http:\/\/skalickyobzor.sk\/cms\/ked-ma-cela-zem-sviatok\/","title":{"rendered":"Ke\u010f m\u00e1 cel\u00e1 zem sviatok"},"content":{"rendered":"<p>\u201eZem je to, \u010do m\u00e1me v\u0161etci spolo\u010dn\u00e9.\u201c (Wendell Berry)<\/p>\n<p>Tieto slov\u00e1 by si v\u0161etci \u013eudia mali zobra\u0165 k srdcu a mali by na\u0161u kr\u00e1snu plan\u00e9tu chr\u00e1ni\u0165, preto\u017ee je o p\u00e4\u0165 min\u00fat dvan\u00e1s\u0165 &#8230; Svetov\u00fd de\u0148 Zeme vyhl\u00e1sil v roku 1970, e\u0161te ako De\u0148 Zeme, americk\u00fd sen\u00e1tor Gaylord Anton Nelson, ktor\u00fd povzbudzoval \u0161tudentov, aby vyprac\u00favali projekty, zameran\u00e9 na ochranu \u017eivotn\u00e9ho prostredia. Na 22. apr\u00edla 2009 vyhl\u00e1sila OSN Medzin\u00e1rodn\u00fd de\u0148 Matky Zeme a\u00a0v\u00a0s\u00fa\u010dasnosti patr\u00ed tento d\u00e1tum medzi najuzn\u00e1vanej\u0161ie a\u00a0najpopul\u00e1rnej\u0161ie podujatia na z\u00e1chranu Zeme. Akcie pri pr\u00edle\u017eitosti Svetov\u00e9ho d\u0148a Zeme sa realizuj\u00fa po celom svete \u2013 v\u00a0\u0161kol\u00e1ch, r\u00f4znych in\u0161tit\u00faci\u00e1ch, mest\u00e1ch, obciach. Jedna z\u00a0nich sa odohrala na Z\u0160 Vajansk\u00e9ho v\u00a0Skalici. A\u00a0ako vidia Zem a\u00a0ekol\u00f3giu na\u0161e deti?<\/p>\n<h3>ZEM JE LEN JEDNA<\/h3>\n<p>\u013dudia by sa mali viac zap\u00e1ja\u0165 do boja proti zne\u010dis\u0165ovaniu. Ja osobne recyklujem odpad a\u00a0sna\u017e\u00edm sa pou\u017e\u00edva\u0165 ekologick\u00e9 v\u00fdrobky.<br \/>\n<strong>Silvia \u017dilav\u00e1, 9. A<\/strong><\/p>\n<p>Nemali by sme v\u00f4bec pou\u017e\u00edva\u0165 plasty, mali by sme sa sna\u017ei\u0165 viac chodi\u0165 pe\u0161i, pou\u017e\u00edva\u0165 menej aut\u00e1, &#8230; Ja triedim odpad.<br \/>\n<strong>S\u00e1ra Studeni\u010dov\u00e1, 9. A<\/strong><\/p>\n<p>Ur\u010dite m\u00e1 zmysel nepou\u017e\u00edva\u0165 v obchodoch igelitky, jednorazov\u00e9 \u017eiletky, pou\u017e\u00edva\u0165 ako f\u013ea\u0161u na vodu nejak\u00fa nerezov\u00fa, ktor\u00e1 vydr\u017e\u00ed dlh\u0161ie.<br \/>\n<strong>Veronika Bor\u00e1kov\u00e1, 9. A<\/strong><\/p>\n<figure id=\"attachment_2382\" aria-describedby=\"caption-attachment-2382\" style=\"width: 922px\" class=\"wp-caption aligncenter\"><img loading=\"lazy\" decoding=\"async\" class=\"size-full wp-image-2382\" src=\"http:\/\/skalickyobzor.sk\/cms\/wp-content\/uploads\/2019\/06\/den-Zeme-2.jpg\" alt=\"\" width=\"922\" height=\"691\" srcset=\"http:\/\/skalickyobzor.sk\/cms\/wp-content\/uploads\/2019\/06\/den-Zeme-2.jpg 922w, http:\/\/skalickyobzor.sk\/cms\/wp-content\/uploads\/2019\/06\/den-Zeme-2-300x225.jpg 300w, http:\/\/skalickyobzor.sk\/cms\/wp-content\/uploads\/2019\/06\/den-Zeme-2-768x576.jpg 768w, http:\/\/skalickyobzor.sk\/cms\/wp-content\/uploads\/2019\/06\/den-Zeme-2-678x509.jpg 678w, http:\/\/skalickyobzor.sk\/cms\/wp-content\/uploads\/2019\/06\/den-Zeme-2-326x245.jpg 326w, http:\/\/skalickyobzor.sk\/cms\/wp-content\/uploads\/2019\/06\/den-Zeme-2-80x60.jpg 80w\" sizes=\"auto, (max-width: 922px) 100vw, 922px\" \/><figcaption id=\"caption-attachment-2382\" class=\"wp-caption-text\">Arch\u00edv: Z\u0160 Vajansk\u00e9ho<\/figcaption><\/figure>\n<p>\u013dudia by mali vo ve\u013ekom vys\u00e1dza\u0165 stromy, recyklova\u0165 v\u0161etko \u010do sa d\u00e1\u00a0&#8230;<br \/>\n<strong>Patrik \u0160enigla, 9. A<\/strong><\/p>\n<p>Mus\u00edme prispieva\u0165 na z\u00e1chranu pralesov, nepou\u017e\u00edva\u0165 palmov\u00fd olej, pom\u00f4c\u0165 vzdel\u00e1va\u0165 zaostalej\u0161\u00edm krajin\u00e1m, z\u00e1lohova\u0165 PET f\u013ea\u0161e, obmedzi\u0165 konzum\u00e1ciu m\u00e4sa, &#8230; Ja mysl\u00edm ekologicky &#8230;<br \/>\n<strong>Erik Brezovsk\u00fd, 9. A<\/strong><\/p>\n<p>Zmysel to ur\u010dite m\u00e1. Ja aj moja cel\u00e1 rodina sa sna\u017e\u00edme triedi\u0165 odpad.<br \/>\n<strong>Diana Jan\u00e1kov\u00e1, 9. B<\/strong><\/p>\n<p>Pou\u017e\u00edvam BIO kozmetiku, netestovan\u00fa na zvierat\u00e1ch, pou\u017e\u00edvam pl\u00e1tenn\u00e9 ta\u0161ky, viackr\u00e1t pou\u017eite\u013en\u00fa f\u013ea\u0161u na vodu, separujem odpad, &#8230;<br \/>\n<strong>Jakub Roman\u010d\u00edk, 9. B<\/strong><\/p>\n<h3>DE\u0147 ZEME V\u00a0NA\u0160EJ \u0160KOLE<\/h3>\n<p>Na De\u0148 Zeme sme zbierali odpadky. Sta\u010d\u00ed, ak budeme triedi\u0165 odpad do spr\u00e1vnych kontajnerov a\u00a0na\u0161a Zem bude hne\u010f o\u00a0\u010dosi kraj\u0161ia.<br \/>\n<strong>Gabriela Vaculkov\u00e1, 5. A<\/strong><\/p>\n<p>V tento de\u0148 som i\u0161iel do \u0161koly s dobrou n\u00e1ladou. Hne\u010f r\u00e1no sme mali triednick\u00fa hodinu. Rozpr\u00e1vali sme sa o probl\u00e9moch, ktor\u00e9 sa t\u00fdkaj\u00fa na\u0161ej plan\u00e9ty. Potom sme sa s paniami u\u010dite\u013ekami vybrali na Vintoperk. Cestou sme zbierali odpadky, lovili hmyz a sk\u00famali ho. Cesta bola pekn\u00e1, slnie\u010dko svietilo. Tento de\u0148 bol pre m\u0148a pln\u00fd z\u00e1\u017eitkov, ale aj nepr\u00edjemn\u00fdch poh\u013eadov na odpadky, ktor\u00e9 sa pova\u013euj\u00fa popri ceste.<br \/>\n<strong>Matyas Kovalovsk\u00fd, 5. A<\/strong><\/p>\n<p>Spisovali sme, \u010do by pod\u013ea n\u00e1s pote\u0161ilo na\u0161u Zem. Potom sme i\u0161li na Vintoperk zbiera\u0165 odpadky.<br \/>\n<strong>Veronika \u017d\u00e1kov\u00e1, 5. A<\/strong><\/p>\n<p>Ke\u010f sa povie De\u0148 Zeme, predstav\u00edm si r\u00f4zne aktivity, ktor\u00e9 sl\u00fa\u017eia na zvy\u0161ovanie povedomia o ochrane \u017eivotn\u00e9ho prostredia. Niektor\u00ed robili ekoplag\u00e1ty, in\u00ed sa z\u00fa\u010dastnili pou\u010dnej exkurzie vo firme Vepos.<br \/>\n<strong>Eli\u0161ka V\u00e1lkov\u00e1, 9. A<\/strong><\/p>\n<figure id=\"attachment_2383\" aria-describedby=\"caption-attachment-2383\" style=\"width: 922px\" class=\"wp-caption aligncenter\"><img loading=\"lazy\" decoding=\"async\" class=\"size-full wp-image-2383\" src=\"http:\/\/skalickyobzor.sk\/cms\/wp-content\/uploads\/2019\/06\/Den-zeme-3.jpg\" alt=\"\" width=\"922\" height=\"691\" srcset=\"http:\/\/skalickyobzor.sk\/cms\/wp-content\/uploads\/2019\/06\/Den-zeme-3.jpg 922w, http:\/\/skalickyobzor.sk\/cms\/wp-content\/uploads\/2019\/06\/Den-zeme-3-300x225.jpg 300w, http:\/\/skalickyobzor.sk\/cms\/wp-content\/uploads\/2019\/06\/Den-zeme-3-768x576.jpg 768w, http:\/\/skalickyobzor.sk\/cms\/wp-content\/uploads\/2019\/06\/Den-zeme-3-678x509.jpg 678w, http:\/\/skalickyobzor.sk\/cms\/wp-content\/uploads\/2019\/06\/Den-zeme-3-326x245.jpg 326w, http:\/\/skalickyobzor.sk\/cms\/wp-content\/uploads\/2019\/06\/Den-zeme-3-80x60.jpg 80w\" sizes=\"auto, (max-width: 922px) 100vw, 922px\" \/><figcaption id=\"caption-attachment-2383\" class=\"wp-caption-text\">Arch\u00edv: Z\u0160 Vajansk\u00e9ho<\/figcaption><\/figure>\n<p>\u0160tvrt\u00fa hodinu sme sa vybrali zbiera\u0165 odpadky okolo \u0161koly. Boli na ka\u017edom k\u00fasku.<br \/>\n<strong>Nat\u00e1lia \u0160vikruhov\u00e1, 4. D<\/strong><\/p>\n<p>Na De\u0148 Zeme sme tvorili projekty o\u00a0n\u00e1rodn\u00fdch parkoch. Nesk\u00f4r sme hrabali ihli\u010die, zametali a\u00a0zbierali \u0161i\u0161ky.<br \/>\n<strong>Hana V\u00e1vrikov\u00e1, 7. A<\/strong><\/p>\n<p>De\u0148 Zeme oslavujeme preto, aby sme sa po\u010fakovali Zemi, \u017ee m\u00e1 pr\u00edrodu, \u017ee n\u00e1s prijala.<br \/>\n<strong>Elena Kvalt\u00ednov\u00e1, 3. C<\/strong><\/p>\n<p>Robili sme spolo\u010dn\u00fa pr\u00e1cu o\u00a0tom, kto v\u0161etko je na tejto plan\u00e9te. A\u00a0cel\u00e9 to bolo o\u00a0tom, \u017ee mus\u00edme chr\u00e1ni\u0165 na\u0161u Zem.<br \/>\n<strong>Luk\u00e1\u0161 Abelovi\u010d, 3. B<\/strong><\/p>\n<p>Mus\u00edme chr\u00e1ni\u0165 na\u0161u Zem. V\u010fa\u010d\u00edme jej za \u017eivot. Iba na tejto plan\u00e9te m\u00f4\u017eeme \u017ei\u0165, lebo len tu je kysl\u00edk. V\u0161etci tu b\u00fdvame.<br \/>\n<strong>Nathalie Guzmick\u00e1, 3. C<\/strong><\/p>\n<p>V\u00a0triede sme rozpr\u00e1vali o\u00a0tom, \u010do \u0161kod\u00ed pr\u00edrode a\u00a0u\u010dili sme sa ako sa triedi odpad a\u00a0\u010do je recykl\u00e1cia. Je d\u00f4le\u017eit\u00e9 chr\u00e1ni\u0165 na\u0161u Zem.<br \/>\n<strong>Richard Majkut, 3. B<\/strong><\/p>\n<p>Robili sme projekt o\u00a0r\u00f4znych \u013eu\u010foch r\u00f4znych n\u00e1rodov. Malo to pre n\u00e1s tak\u00fd v\u00fdznam, \u017ee m\u00e1me viac chr\u00e1ni\u0165 pr\u00edrodu.<br \/>\n<strong>Samuel H\u00e1jnik, 3. B<\/strong><\/p>\n<p>Rozpr\u00e1vali sme sa o\u00a0oz\u00f3novej diere, o\u00a0kyslom da\u017edi, o\u00a0recykl\u00e1cii. Pochopil som, \u017ee je d\u00f4le\u017eit\u00e9 pom\u00f4c\u0165 Zemi likvidova\u0165 odpadky.<br \/>\n<strong>Michal Gajda, 3. B<\/strong><\/p>\n<figure id=\"attachment_2384\" aria-describedby=\"caption-attachment-2384\" style=\"width: 922px\" class=\"wp-caption aligncenter\"><img loading=\"lazy\" decoding=\"async\" class=\"size-full wp-image-2384\" src=\"http:\/\/skalickyobzor.sk\/cms\/wp-content\/uploads\/2019\/06\/den-zeme5.jpg\" alt=\"\" width=\"922\" height=\"691\" srcset=\"http:\/\/skalickyobzor.sk\/cms\/wp-content\/uploads\/2019\/06\/den-zeme5.jpg 922w, http:\/\/skalickyobzor.sk\/cms\/wp-content\/uploads\/2019\/06\/den-zeme5-300x225.jpg 300w, http:\/\/skalickyobzor.sk\/cms\/wp-content\/uploads\/2019\/06\/den-zeme5-768x576.jpg 768w, http:\/\/skalickyobzor.sk\/cms\/wp-content\/uploads\/2019\/06\/den-zeme5-678x509.jpg 678w, http:\/\/skalickyobzor.sk\/cms\/wp-content\/uploads\/2019\/06\/den-zeme5-326x245.jpg 326w, http:\/\/skalickyobzor.sk\/cms\/wp-content\/uploads\/2019\/06\/den-zeme5-80x60.jpg 80w\" sizes=\"auto, (max-width: 922px) 100vw, 922px\" \/><figcaption id=\"caption-attachment-2384\" class=\"wp-caption-text\">Arch\u00edv: Z\u0160 Vajansk\u00e9ho<\/figcaption><\/figure>\n<p>Na\u0161a trieda vytv\u00e1rala projekty o\u00a0plan\u00e9te Zem. Bolo to ve\u013emi z\u00e1bavn\u00e9.<br \/>\n<strong>Silvia \u0160tvrteck\u00e1, 7. A<\/strong><\/p>\n<p>\u017diaci vyr\u00e1bali kreat\u00edvne v\u00fdrobky pri pr\u00edle\u017eitosti D\u0148a Zeme, ktor\u00e9 s\u00fa vystaven\u00e9 vo vestibule \u0161koly. Prv\u00fa hodinu sme v\u0161etci boli v triedach so svojimi triednymi u\u010dite\u013emi a rozpr\u00e1vali sme sa o v\u00fdzname D\u0148a Zeme. V are\u00e1li \u0161koly sme sa vystriedali a\u00a0poupratovali sme si ho. V\u00a0tento de\u0148 svietilo slnko a\u00a0bolo teplo. Bol to ve\u013emi pekn\u00fd de\u0148 a\u00a0v\u0161etci sme si ho u\u017eili a\u00a0pomohli sme na\u0161ej plan\u00e9te.<br \/>\n<strong>Nat\u00e1lia Danajkov\u00e1, 7. A<\/strong><\/p>\n<p>M\u00f4\u017eeme pom\u00f4c\u0165 tak, \u017ee p\u00f4jdeme s\u00a0rodi\u010dmi zbiera\u0165 odpadky, triedi\u0165 odpad, budeme \u0161etri\u0165 jedlom a\u00a0vodou.<br \/>\n<strong>Anna Koj\u0161ov\u00e1, 4. B<\/strong><\/p>\n<p>D\u0148a 26. apr\u00edla sme si ako trieda pripomenuli De\u0148 Zeme. Spolu s 8. A sme sa vybrali do Skalick\u00e9ho H\u00e1jka. Pridali sa k n\u00e1m aj \u017eiaci zo 7. D. Nav\u0161t\u00edvili sme kalv\u00e1riu, zbierali sme odpadky, ktor\u00e9 sme triedili. Nakoniec sme sa zastavili aj v\u00a0cukr\u00e1rni na zmrzlinu.<br \/>\n<strong>Be\u00e1ta Bartalov\u00e1, Adela V\u00e1vrov\u00e1, 8. C<\/strong><\/p>\n<p>Diskutovali sme o\u00a0zvierat\u00e1ch, lebo vieme, \u017ee niektor\u00e9 s\u00fa \u010dasto loven\u00e9 pre ko\u017eu alebo ko\u017eu\u0161inu. Z\u00e1bavn\u00e9 kv\u00edzy n\u00e1m pomohli roz\u0161\u00edri\u0165 si vedomosti. Napr\u00edklad, pod\u013ea hmatu a\u00a0v\u00f4ne sme museli ur\u010di\u0165 ak\u00e1 je v\u00a0poh\u00e1riku rastlina.<br \/>\n<strong>Adela Blahov\u00e1, 4. A<\/strong><\/p>\n<p>Mil\u00e1 Zem, chcem Ti za\u017eela\u0165 v\u0161etko najlep\u0161ie k\u00a0Tvojmu d\u0148u. S\u013eubujem, \u017ee sa budem k\u00a0Tebe spr\u00e1va\u0165 najlep\u0161ie ako viem.<br \/>\n<strong>Milan Vdoviak, 4. C<\/strong><\/p>\n<p>Spolo\u010dne sme nap\u00edsali b\u00e1se\u0148 a\u00a0vyr\u00e1bali sme plag\u00e1ty v\u00a0skupin\u00e1ch: More, Zem a\u00a0deti na Zemi, Zvierat\u00e1 a\u00a0rastliny okolo n\u00e1s.<br \/>\n<strong>E. Gnothov\u00e1, K. Holub\u00edkov\u00e1, 4. C<\/strong><\/p>\n<p>Mil\u00e1 Zem, pozdravujeme \u0164a a dok\u00e1\u017eem urobi\u0165 pre Teba, \u017ee nebudem trha\u0165 kvety, budem recyklova\u0165 papier, sklo, plechovky a\u00a0plasty.<br \/>\n<strong>Timea Lukianov\u00e1, 4. C<\/strong><\/p>\n<p>Na\u0161e bezoh\u013eadn\u00e9 h\u00e1dzanie odpadkov v\u0161ade naokolo len nie do ko\u0161a zab\u00edja zvierat\u00e1 aj na\u0161u Zem.<br \/>\n<strong>Nancy \u010cern\u00e1kov\u00e1, 3. D<\/strong><\/p>\n<p>Uvedomujeme si, \u017ee matka Zem nie je nesmrte\u013en\u00e1 a \u017ee ju nesmieme zne\u010dis\u0165ova\u0165, skracova\u0165 jej \u017eivot. Pokia\u013e ste na De\u0148 Zeme nespravili ni\u010d pre na\u0161u plan\u00e9tu, m\u00f4\u017eete to napravi\u0165 svoj\u00edm spr\u00e1van\u00edm, najlep\u0161ie hne\u010f zajtra.<br \/>\n<strong>Lucia Kri\u0161andov\u00e1, 7. B<\/strong><\/p>\n<figure id=\"attachment_2380\" aria-describedby=\"caption-attachment-2380\" style=\"width: 957px\" class=\"wp-caption aligncenter\"><img loading=\"lazy\" decoding=\"async\" class=\"size-full wp-image-2380\" src=\"http:\/\/skalickyobzor.sk\/cms\/wp-content\/uploads\/2019\/06\/Den-zeme-4.jpg\" alt=\"\" width=\"957\" height=\"537\" srcset=\"http:\/\/skalickyobzor.sk\/cms\/wp-content\/uploads\/2019\/06\/Den-zeme-4.jpg 957w, http:\/\/skalickyobzor.sk\/cms\/wp-content\/uploads\/2019\/06\/Den-zeme-4-300x168.jpg 300w, http:\/\/skalickyobzor.sk\/cms\/wp-content\/uploads\/2019\/06\/Den-zeme-4-768x431.jpg 768w, http:\/\/skalickyobzor.sk\/cms\/wp-content\/uploads\/2019\/06\/Den-zeme-4-678x381.jpg 678w\" sizes=\"auto, (max-width: 957px) 100vw, 957px\" \/><figcaption id=\"caption-attachment-2380\" class=\"wp-caption-text\">Arch\u00edv: Z\u0160 Vajansk\u00e9ho<\/figcaption><\/figure>\n<h3>Zem<\/h3>\n<p>Z\u00e1le\u017e\u00ed n\u00e1m na Tebe,<br \/>\nmil\u00e1 Zem.<br \/>\nChcem Ti iba poveda\u0165,<br \/>\n\u017ee Ti dobre chcem.<\/p>\n<p>Budem smeti recyklova\u0165,<br \/>\npapier, plasty, sklo aj kovy,<br \/>\ndo spr\u00e1vnych ko\u0161ov vyhadzova\u0165.<\/p>\n<p>Budem po chodn\u00edkoch chodi\u0165,<br \/>\nna tr\u00e1vu, kvety, d\u00e1\u017e\u010fovky a\u00a0lienky<br \/>\nneopov\u00e1\u017eim sa st\u00fapi\u0165.<\/p>\n<p>Budem kamar\u00e1tov a\u00a0zn\u00e1mych u\u010di\u0165,<br \/>\n\u010do sa neslu\u0161\u00ed a\u00a0slu\u0161\u00ed,<br \/>\n\u010do sa nem\u00f4\u017ee a\u00a0m\u00f4\u017ee,<br \/>\nke\u010f s\u00fa v\u00a0pr\u00edrode na poch\u00f4dzke.<\/p>\n<p>Mil\u00e1 Zem, v\u00a0tento sl\u00e1vny de\u0148,<br \/>\n\u017eel\u00e1m Ti dobr\u00fdch \u013eud\u00ed,<br \/>\nnech \u0164a ka\u017ed\u00fd z\u00a0nich len \u013e\u00fabi.<\/p>\n<p><strong>Evelyn Gnotkov\u00e1, Krist\u00edna Holub\u00edkov\u00e1, Vikt\u00f3ria Strakov\u00e1, Bruno Chytil, Diana Lacatosov\u00e1, Sophie Agalarev, 4. C<\/strong><\/p>\n<p>&nbsp;<\/p>\n<p>De\u0148 Zeme na na\u0161ej \u0161kole splnil svoj cie\u013e. U\u010ditelia i\u00a0\u017eiaci boli spokojn\u00ed s\u00a0aktivitami a\u00a0ke\u010f bolo na z\u00e1ver vidie\u0165 vy\u010disten\u00e9 okolie a\u00a0kr\u00e1sne upraven\u00e9 dreviny, v\u0161etci si povedali, \u017ee to malo zmysel (aj ke\u010f v\u017edy sa d\u00e1 robi\u0165 viac).<\/p>\n<p><em><strong>Mgr. Monika Bodor\u00edkov\u00e1,<\/strong><\/em><br \/>\n<em><strong>u\u010dite\u013eka<\/strong><\/em><\/p>\n","protected":false},"excerpt":{"rendered":"<div class=\"mh-excerpt\"><p>\u201eZem je to, \u010do m\u00e1me v\u0161etci spolo\u010dn\u00e9.\u201c (Wendell Berry) Tieto slov\u00e1 by si v\u0161etci \u013eudia mali zobra\u0165 k srdcu a mali by na\u0161u kr\u00e1snu plan\u00e9tu chr\u00e1ni\u0165, preto\u017ee je o p\u00e4\u0165 min\u00fat dvan\u00e1s\u0165 &#8230; Svetov\u00fd de\u0148 <a class=\"mh-excerpt-more\" href=\"http:\/\/skalickyobzor.sk\/cms\/ked-ma-cela-zem-sviatok\/\" title=\"Ke\u010f m\u00e1 cel\u00e1 zem sviatok\">[&#8230;]<\/a><\/p>\n<\/div>","protected":false},"author":44,"featured_media":2378,"comment_status":"closed","ping_status":"closed","sticky":false,"template":"","format":"standard","meta":{"footnotes":""},"categories":[7],"tags":[],"class_list":{"0":"post-2376","1":"post","2":"type-post","3":"status-publish","4":"format-standard","5":"has-post-thumbnail","7":"category-studentsky-obzor"},"_links":{"self":[{"href":"http:\/\/skalickyobzor.sk\/cms\/wp-json\/wp\/v2\/posts\/2376","targetHints":{"allow":["GET"]}}],"collection":[{"href":"http:\/\/skalickyobzor.sk\/cms\/wp-json\/wp\/v2\/posts"}],"about":[{"href":"http:\/\/skalickyobzor.sk\/cms\/wp-json\/wp\/v2\/types\/post"}],"author":[{"embeddable":true,"href":"http:\/\/skalickyobzor.sk\/cms\/wp-json\/wp\/v2\/users\/44"}],"replies":[{"embeddable":true,"href":"http:\/\/skalickyobzor.sk\/cms\/wp-json\/wp\/v2\/comments?post=2376"}],"version-history":[{"count":5,"href":"http:\/\/skalickyobzor.sk\/cms\/wp-json\/wp\/v2\/posts\/2376\/revisions"}],"predecessor-version":[{"id":2386,"href":"http:\/\/skalickyobzor.sk\/cms\/wp-json\/wp\/v2\/posts\/2376\/revisions\/2386"}],"wp:featuredmedia":[{"embeddable":true,"href":"http:\/\/skalickyobzor.sk\/cms\/wp-json\/wp\/v2\/media\/2378"}],"wp:attachment":[{"href":"http:\/\/skalickyobzor.sk\/cms\/wp-json\/wp\/v2\/media?parent=2376"}],"wp:term":[{"taxonomy":"category","embeddable":true,"href":"http:\/\/skalickyobzor.sk\/cms\/wp-json\/wp\/v2\/categories?post=2376"},{"taxonomy":"post_tag","embeddable":true,"href":"http:\/\/skalickyobzor.sk\/cms\/wp-json\/wp\/v2\/tags?post=2376"}],"curies":[{"name":"wp","href":"https:\/\/api.w.org\/{rel}","templated":true}]}}