{"id":2390,"date":"2019-06-08T15:12:09","date_gmt":"2019-06-08T13:12:09","guid":{"rendered":"http:\/\/skalickyobzor.sk\/cms\/?p=2390"},"modified":"2019-06-08T16:01:16","modified_gmt":"2019-06-08T14:01:16","slug":"vazena-pani-primatorka-vazeni-poslanci-7","status":"publish","type":"post","link":"http:\/\/skalickyobzor.sk\/cms\/vazena-pani-primatorka-vazeni-poslanci-7\/","title":{"rendered":"V\u00e1\u017een\u00e1 pani prim\u00e1torka, v\u00e1\u017een\u00ed poslanci!"},"content":{"rendered":"<p>J\u00fanov\u00e9 vydanie Skalick\u00e9ho Obzoru venujeme nedo\u017eit\u00fdm 90. narodenin\u00e1m Antona Srholca, n\u00e1\u0161ho rod\u00e1ka a\u00a0v\u00fdznamnej osobnosti s\u00fa\u010dasn\u00fdch slovensk\u00fdch dej\u00edn, \u010do dok\u00e1zalo aj jeho umiestnenie v\u00a0ankete Najv\u00e4\u010d\u0161\u00ed Slov\u00e1k. Radi by sme si pripomenuli jeho my\u0161lienky a\u00a0\u010diny, jeho v\u00fdznam pri spoluvytv\u00e1ran\u00ed a\u00a0formovan\u00ed na\u0161ej spolo\u010dnosti. M\u00e1me to \u0161\u0165astie, \u017ee \u017eil v\u00a0na\u0161ej dobe a\u00a0mnoh\u00ed sme ho osobne poznali. Rovnako osobn\u00e9 s\u00fa i\u00a0na\u0161e ot\u00e1zky, smeruj\u00face k\u00a0v\u00e1m. Tentokr\u00e1t v\u00e1s pros\u00edme o\u00a0\u0161ir\u0161ie odpovede.<\/p>\n<p><strong>OT\u00c1ZKY:<\/strong><br \/>\n<strong>1.<\/strong> Poznali ste Antona Srholca osobne?<br \/>\n<strong>2.<\/strong> Mal ako osobnos\u0165 na v\u00e1s vplyv? Podel\u00edte sa s\u00a0nami o\u00a0jeho my\u0161lienku, ktor\u00e1 v\u00e1s najviac oslovila?<\/p>\n<p>Odpovede na\u0161ich poslancov si m\u00f4\u017eete pre\u010d\u00edta\u0165 na nasleduj\u00facej strane.<\/p>\n<p><strong>VYSVETLIVKY:<\/strong><\/p>\n<p><strong>0 neodpovedal<\/strong><br \/>\n<strong>? nedal jednozna\u010dn\u00fa odpove\u010f<\/strong><\/p>\n<div id=\"poslanci\">\n<div class=\"poslanec\">\n<div class=\"foto\"><img decoding=\"async\" src=\"http:\/\/skalickyobzor.sk\/cms\/wp-content\/uploads\/2019\/01\/anna_mierna.jpg\" \/><\/div>\n<div class=\"meno\">MIERNA Anna<\/div>\n<div class=\"odpoved\">odpovede v \u010dl\u00e1nku ni\u017e\u0161ie<\/div>\n<\/div>\n<div class=\"poslanec\">\n<div class=\"foto\"><img decoding=\"async\" src=\"http:\/\/skalickyobzor.sk\/cms\/wp-content\/uploads\/2017\/10\/fotka_poslanca.jpg\" \/><\/div>\n<div class=\"meno\">BAR\u00c1T \u013dudov\u00edt<\/div>\n<div class=\"odpoved\">0<\/div>\n<\/div>\n<div class=\"poslanec\">\n<div class=\"foto\"><img decoding=\"async\" src=\"http:\/\/skalickyobzor.sk\/cms\/wp-content\/uploads\/2019\/01\/lubica_buckova.jpg\" \/><\/div>\n<div class=\"meno\">BU\u010cKOV\u00c1 \u013dubica<\/div>\n<div class=\"odpoved\">0<\/div>\n<\/div>\n<div class=\"poslanec\">\n<div class=\"foto\"><img decoding=\"async\" src=\"http:\/\/skalickyobzor.sk\/cms\/wp-content\/uploads\/2019\/01\/veronika_hanzalikova.jpg\" \/><\/div>\n<div class=\"meno\">HANZAL\u00cdKOV\u00c1 Veronika<\/div>\n<div class=\"odpoved\">odpovede v \u010dl\u00e1nku ni\u017e\u0161ie<\/div>\n<\/div>\n<div class=\"poslanec\">\n<div class=\"foto\"><img decoding=\"async\" src=\"http:\/\/skalickyobzor.sk\/cms\/wp-content\/uploads\/2019\/01\/adrian_hertl.jpg\" \/><\/div>\n<div class=\"meno\">HERTL Adri\u00e1n<\/div>\n<div class=\"odpoved\">odpovede v \u010dl\u00e1nku ni\u017e\u0161ie<\/div>\n<\/div>\n<div class=\"poslanec\">\n<div class=\"foto\"><img decoding=\"async\" src=\"http:\/\/skalickyobzor.sk\/cms\/wp-content\/uploads\/2019\/01\/miroslav_hornak.jpg\" \/><\/div>\n<div class=\"meno\">HOR\u0147\u00c1K Miroslav<\/div>\n<div class=\"odpoved\">odpovede v \u010dl\u00e1nku ni\u017e\u0161ie<\/div>\n<\/div>\n<div class=\"poslanec\">\n<div class=\"foto\"><img decoding=\"async\" src=\"http:\/\/skalickyobzor.sk\/cms\/wp-content\/uploads\/2019\/02\/vladislav_hornak.jpg\" \/><\/div>\n<div class=\"meno\">HOR\u0147\u00c1K Vladislav<\/div>\n<div class=\"odpoved\">0<\/div>\n<\/div>\n<div class=\"poslanec\">\n<div class=\"foto\"><img decoding=\"async\" src=\"http:\/\/skalickyobzor.sk\/cms\/wp-content\/uploads\/2019\/01\/katarina_chovancova.jpg\" \/><\/div>\n<div class=\"meno\">CHOVANCOV\u00c1 Katar\u00edna<\/div>\n<div class=\"odpoved\">odpovede v \u010dl\u00e1nku ni\u017e\u0161ie<\/div>\n<\/div>\n<div class=\"poslanec\">\n<div class=\"foto\"><img decoding=\"async\" src=\"http:\/\/skalickyobzor.sk\/cms\/wp-content\/uploads\/2019\/01\/frantisek_kadlecik.jpg\" \/><\/div>\n<div class=\"meno\">KADLE\u010c\u00cdK Franti\u0161ek<\/div>\n<div class=\"odpoved\">0<\/div>\n<\/div>\n<div class=\"poslanec\">\n<div class=\"foto\"><img decoding=\"async\" src=\"http:\/\/skalickyobzor.sk\/cms\/wp-content\/uploads\/2017\/10\/martin_kojs.jpg\" \/><\/div>\n<div class=\"meno\">KOJ\u0160 Martin<\/div>\n<div class=\"odpoved\">0<\/div>\n<\/div>\n<div class=\"poslanec\">\n<div class=\"foto\"><img decoding=\"async\" src=\"http:\/\/skalickyobzor.sk\/cms\/wp-content\/uploads\/2017\/10\/fotka_poslanca.jpg\" \/><\/div>\n<div class=\"meno\">KO\u0160\u00cdK Peter<\/div>\n<div class=\"odpoved\">0<\/div>\n<\/div>\n<div class=\"poslanec\">\n<div class=\"foto\"><img decoding=\"async\" src=\"http:\/\/skalickyobzor.sk\/cms\/wp-content\/uploads\/2019\/01\/miroslav_lipovsky.jpg\" \/><\/div>\n<div class=\"meno\">LIPOVSK\u00dd Miroslav<\/div>\n<div class=\"odpoved\">odpovede v \u010dl\u00e1nku ni\u017e\u0161ie<\/div>\n<\/div>\n<div class=\"poslanec\">\n<div class=\"foto\"><img decoding=\"async\" src=\"http:\/\/skalickyobzor.sk\/cms\/wp-content\/uploads\/2017\/10\/anna_ozabalova.jpg\" \/><\/div>\n<div class=\"meno\">OZ\u00c1BALOV\u00c1 Anna<\/div>\n<div class=\"odpoved\">odpovede v \u010dl\u00e1nku ni\u017e\u0161ie<\/div>\n<\/div>\n<div class=\"poslanec\">\n<div class=\"foto\"><img decoding=\"async\" src=\"http:\/\/skalickyobzor.sk\/cms\/wp-content\/uploads\/2017\/12\/peter_pagac.jpg\" \/><\/div>\n<div class=\"meno\">PAG\u00c1\u010c Peter<\/div>\n<div class=\"odpoved\">0<\/div>\n<\/div>\n<div class=\"poslanec\">\n<div class=\"foto\"><img decoding=\"async\" src=\"http:\/\/skalickyobzor.sk\/cms\/wp-content\/uploads\/2019\/01\/zigmund_palffy.jpg\" \/><\/div>\n<div class=\"meno\">P\u00c1LFFY \u017digmund<\/div>\n<div class=\"odpoved\">0<\/div>\n<\/div>\n<div class=\"poslanec\">\n<div class=\"foto\"><img decoding=\"async\" src=\"http:\/\/skalickyobzor.sk\/cms\/wp-content\/uploads\/2019\/01\/erik_rangl.jpg\" \/><\/div>\n<div class=\"meno\">RANGL Erik<\/div>\n<div class=\"odpoved\">0<\/div>\n<\/div>\n<div class=\"poslanec\">\n<div class=\"foto\"><img decoding=\"async\" src=\"http:\/\/skalickyobzor.sk\/cms\/wp-content\/uploads\/2017\/10\/jana_rekosova.jpg\" \/><\/div>\n<div class=\"meno\">REKO\u0160OV\u00c1 Jana<\/div>\n<div class=\"odpoved\">odpovede v \u010dl\u00e1nku ni\u017e\u0161ie<\/div>\n<\/div>\n<div class=\"poslanec\">\n<div class=\"foto\"><img decoding=\"async\" src=\"http:\/\/skalickyobzor.sk\/cms\/wp-content\/uploads\/2017\/10\/fotka_poslanca.jpg\" \/><\/div>\n<div class=\"meno\">ROMAN Milan<\/div>\n<div class=\"odpoved\">0<\/div>\n<\/div>\n<div class=\"poslanec\">\n<div class=\"foto\"><img decoding=\"async\" src=\"http:\/\/skalickyobzor.sk\/cms\/wp-content\/uploads\/2019\/01\/jozef_skala.jpg\" \/><\/div>\n<div class=\"meno\">SK\u00c1LA Jozef<\/div>\n<div class=\"odpoved\">odpovede v \u010dl\u00e1nku ni\u017e\u0161ie<\/div>\n<\/div>\n<div class=\"poslanec\">\n<div class=\"foto\"><img decoding=\"async\" src=\"http:\/\/skalickyobzor.sk\/cms\/wp-content\/uploads\/2017\/10\/fotka_poslanca.jpg\" \/><\/div>\n<div class=\"meno\">\u0160ANTAV\u00dd Rudolf<\/div>\n<div class=\"odpoved\">0<\/div>\n<\/div>\n<\/div>\n<p><strong>Prim\u00e1torka Anna Mierna<\/strong><\/p>\n<ol>\n<li>Nieko\u013ekokr\u00e1t sme sa stretli.<\/li>\n<li>Jeho \u017eivot, pr\u00e1ca, my\u0161lienky ma oslovili. \u201eNie je d\u00f4le\u017eit\u00e9, aby sme mali ve\u013ea vec\u00ed, ktor\u00e9 prv, \u010di nesk\u00f4r strat\u00edme. Nez\u00e1le\u017e\u00ed na tom, aby sa n\u00e1m plnili v\u0161etky pl\u00e1ny a sny. Podmienkou \u0161\u0165astia je bohat\u00e9 a \u0161\u013eachetn\u00e9 srdce. M\u00f4\u017ee ho ma\u0165 aj \u010dlovek ne\u00faspe\u0161n\u00fd, chor\u00fd alebo bezdomovec.\u201c<\/li>\n<\/ol>\n<p><strong>Poslanky\u0148a Veronika Hanzal\u00edkov\u00e1<\/strong><\/p>\n<ol>\n<li>Nie.<\/li>\n<li>\u201e\u017dobr\u00e1ci a chor\u00ed s\u00fa na to, aby n\u00e1m uk\u00e1zali, \u017ee je mo\u017en\u00e9 unies\u0165 osud ove\u013ea \u0165a\u017e\u0161\u00ed. Aby sme videli, ako ve\u013ea sme dostali.\u201c<\/li>\n<\/ol>\n<p><strong>Poslanec Adri\u00e1n Hertl<\/strong><\/p>\n<ol>\n<li>Nie.<\/li>\n<li>My ako Skali\u010dania by sme nemali na tak\u00e9 osobnosti zab\u00fada\u0165. U\u017e dlh\u0161iu dobu vo mne rezonuje jeho my\u0161lienka: \u201eM\u00f4\u017ee\u0161 rozpr\u00e1va\u0165 \u010do chce\u0161 a akoko\u013evek sv\u00e4to a pekne. Ak za t\u00fdm nestoja skutky, s\u00fa to len pr\u00e1zdne re\u010di. Dnes jedno gesto znamen\u00e1 viac ako<br \/>\ncel\u00e9 lit\u00e1nie.\u201c<\/li>\n<\/ol>\n<p><strong>Poslanec Miroslav Hor\u0148\u00e1k<\/strong><\/p>\n<ol>\n<li>S p\u00e1nom Antonom Srholcom som sa prv\u00fdkr\u00e1t stretol v roku 1990. Bol osobnos\u0165ou, ktor\u00e1 ovplyvnila \u017eivoty a n\u00e1zory n\u00e1s v\u0161etk\u00fdch, o to viac t\u00fdch, ktor\u00ed sme ho poznali osobne.<\/li>\n<li>Nedovol\u00edm si vybra\u0165 jednu z jeho my\u0161lienok, ale sk\u00f4r pokoru a \u013eudskos\u0165, s ktorou n\u00e1m ich pod\u00e1val. Pr\u00e1ve tento odkaz je pre m\u0148a osobne najsilnej\u0161\u00ed.<\/li>\n<\/ol>\n<p><strong>Poslanky\u0148a Katar\u00edna Chovancov\u00e1<\/strong><\/p>\n<ol>\n<li>Bohu\u017eia\u013e, nemala som t\u00fa \u010des\u0165 spozna\u0165 ho osobne.<\/li>\n<li>\u201cM\u00f4\u017ee\u0161 rozpr\u00e1va\u0165 \u010do chce\u0161 a akoko\u013evek sv\u00e4to a pekne. Ak za t\u00fdm nestoja skutky, s\u00fa to len pr\u00e1zdne re\u010di. Dnes jedno gesto znamen\u00e1 viac ako cel\u00e9 lit\u00e1nie.\u201c Pre m\u0148a obrovsky pravdiv\u00e1 a najm\u00e4 nad\u010dasov\u00e1 my\u0161lienka.<\/li>\n<\/ol>\n<p><strong>Poslanec Miroslav Lipovsk\u00fd<\/strong><\/p>\n<ol>\n<li>Nie.<\/li>\n<li>Nie.<\/li>\n<\/ol>\n<p><strong>Poslanky\u0148a Anna Oz\u00e1balov\u00e1<\/strong><\/p>\n<ol>\n<li>\u00c1no, poznali sme sa dlh\u00e9 roky a osobne.<\/li>\n<li>Bol a st\u00e1le je pre cel\u00fa na\u0161u rodinu vzorom m\u00fadrosti, skromnosti, l\u00e1skavosti, &#8230;<\/li>\n<\/ol>\n<p><strong>Poslanky\u0148a Jana Reko\u0161ov\u00e1<\/strong><\/p>\n<ol>\n<li>Nie.<\/li>\n<li>\u201eD\u00e1va\u0161 len to, \u010do m\u00e1\u0161, \u010d\u00edm si sa stal a nie to, \u010do si sa nau\u010dil a \u010do hr\u00e1\u0161.\u201c \u201eM\u00f4\u017ee\u0161 rozpr\u00e1va\u0165 \u010do chce\u0161 a akoko\u013evek sv\u00e4to a pekne. Ak za t\u00fdm nestoja skutky, s\u00fa to len pr\u00e1zdne re\u010di. Dnes jedno gesto znamen\u00e1 viac ako cel\u00e9 lit\u00e1nie.\u201c<\/li>\n<\/ol>\n<p><strong>Poslanec Jozef Sk\u00e1la<\/strong><\/p>\n<ol>\n<li>Bohu\u017eia\u013e, len raz som sa s n\u00edm stretol.<\/li>\n<li>Nezlomil ho ani jeden z posledn\u00fdch troch deformovan\u00fdch politick\u00fdch syst\u00e9mov.<\/li>\n<\/ol>\n","protected":false},"excerpt":{"rendered":"<div class=\"mh-excerpt\"><p>J\u00fanov\u00e9 vydanie Skalick\u00e9ho Obzoru venujeme nedo\u017eit\u00fdm 90. narodenin\u00e1m Antona Srholca, n\u00e1\u0161ho rod\u00e1ka a\u00a0v\u00fdznamnej osobnosti s\u00fa\u010dasn\u00fdch slovensk\u00fdch dej\u00edn, \u010do dok\u00e1zalo aj jeho umiestnenie v\u00a0ankete Najv\u00e4\u010d\u0161\u00ed Slov\u00e1k. Radi by sme si pripomenuli jeho my\u0161lienky a\u00a0\u010diny, jeho v\u00fdznam <a class=\"mh-excerpt-more\" href=\"http:\/\/skalickyobzor.sk\/cms\/vazena-pani-primatorka-vazeni-poslanci-7\/\" title=\"V\u00e1\u017een\u00e1 pani prim\u00e1torka, v\u00e1\u017een\u00ed poslanci!\">[&#8230;]<\/a><\/p>\n<\/div>","protected":false},"author":1,"featured_media":239,"comment_status":"closed","ping_status":"closed","sticky":false,"template":"","format":"standard","meta":{"footnotes":""},"categories":[9],"tags":[],"class_list":{"0":"post-2390","1":"post","2":"type-post","3":"status-publish","4":"format-standard","5":"has-post-thumbnail","7":"category-vazeni-poslanci"},"_links":{"self":[{"href":"http:\/\/skalickyobzor.sk\/cms\/wp-json\/wp\/v2\/posts\/2390","targetHints":{"allow":["GET"]}}],"collection":[{"href":"http:\/\/skalickyobzor.sk\/cms\/wp-json\/wp\/v2\/posts"}],"about":[{"href":"http:\/\/skalickyobzor.sk\/cms\/wp-json\/wp\/v2\/types\/post"}],"author":[{"embeddable":true,"href":"http:\/\/skalickyobzor.sk\/cms\/wp-json\/wp\/v2\/users\/1"}],"replies":[{"embeddable":true,"href":"http:\/\/skalickyobzor.sk\/cms\/wp-json\/wp\/v2\/comments?post=2390"}],"version-history":[{"count":10,"href":"http:\/\/skalickyobzor.sk\/cms\/wp-json\/wp\/v2\/posts\/2390\/revisions"}],"predecessor-version":[{"id":2400,"href":"http:\/\/skalickyobzor.sk\/cms\/wp-json\/wp\/v2\/posts\/2390\/revisions\/2400"}],"wp:featuredmedia":[{"embeddable":true,"href":"http:\/\/skalickyobzor.sk\/cms\/wp-json\/wp\/v2\/media\/239"}],"wp:attachment":[{"href":"http:\/\/skalickyobzor.sk\/cms\/wp-json\/wp\/v2\/media?parent=2390"}],"wp:term":[{"taxonomy":"category","embeddable":true,"href":"http:\/\/skalickyobzor.sk\/cms\/wp-json\/wp\/v2\/categories?post=2390"},{"taxonomy":"post_tag","embeddable":true,"href":"http:\/\/skalickyobzor.sk\/cms\/wp-json\/wp\/v2\/tags?post=2390"}],"curies":[{"name":"wp","href":"https:\/\/api.w.org\/{rel}","templated":true}]}}