{"id":2415,"date":"2019-06-08T15:10:27","date_gmt":"2019-06-08T13:10:27","guid":{"rendered":"http:\/\/skalickyobzor.sk\/cms\/?p=2415"},"modified":"2019-06-08T16:01:02","modified_gmt":"2019-06-08T14:01:02","slug":"nehanbite-sa-vipravjat-po-skalicki","status":"publish","type":"post","link":"http:\/\/skalickyobzor.sk\/cms\/nehanbite-sa-vipravjat-po-skalicki\/","title":{"rendered":"Neha\u0148bite sa vipr\u00e1vjat po skalicki"},"content":{"rendered":"<p>Ka\u017ed\u00ed \u010dlovjek sa negde naro\u010f\u00ed, negde pro\u017eije \u010fectvo, zostane v rodn\u00e9m mjes\u0165e, alebo ho \u017eivot alebo l\u00e1ska zanese negde inde. J\u00e1 sem sa n\u00e1hod\u00fa naro\u010fil v Bra\u0165islavje. Moc sa s t\u00edm nechv\u00e1l\u00edm, ale je to tak. Maminka sa po dochtorskej prohl\u00eddce rozhodla, \u017ee f \u0165a\u017ek\u00edch vojnov\u00edch \u010dasoch zostane u \u0161vagra v Bra\u0165islavje a tak to n\u00e1hoda scela.<\/p>\n<p>Od mali\u010dka sem ale virostal v ro\u010fi\u0148e \u010disto skalickej a aj stare\u010dek\u00e9, te\u0165i\u010dki a f\u0161ec\u00ed ostat\u0148\u00ed vipr\u00e1vjali po skalicki. A\u0148i ve \u0161kol\u0148\u00edch rokoch n\u00e1s pa\u0148i u\u010ditelki pres prest\u00e1fki nenu\u0165ili vipr\u00e1vjat jaksi spisov\u0148e. Aj \u010fecka z \u201elep\u0161\u00edch\u201c ro\u010fin a aj ket mjeli ro\u010fi\u010d\u00fa odin\u00e1t, tak sa n\u00e1m prisp\u00fasobili. \u0147ikedi sem a\u0148i nerozm\u00ed\u0161l\u00e1l, co jak sa p\u00ed\u0161e. A\u017e nesk\u00far, ket sem sa dost\u00e1l k listom, co p\u00edsali moji star\u00ed ro\u010fi\u010d\u00e9 jeden druh\u00e9mu v \u010dasoch prv\u0148\u00ed svjetovej vojni, sem si f\u0161\u00edmel, \u017ee je f tem p\u00edsmje cosi ina\u010d\u00ed, jak n\u00e1s u\u010dili ve \u0161koli.<\/p>\n<p>Takto m\u00faj stare\u010dek Jozef Kadle\u010d\u00edk p\u00edsal svoj\u00e9j \u017ee\u0148e z\u00a0vojen\u010dini 12. decembra 1897:<br \/>\n\u201e<em>Pochvalem P\u00e1n Je\u017ei\u0161 Kristus. Moja najmilej\u0161\u00ed Marinko. J\u00e1 v\u00e1s nasto \u0165is\u00edc kr\u00e1t f\u0161eck\u00edch pozdravuju, chvala Bohu \u0161ak su zdrav\u00ed, ker\u00e9 zdrav\u00ed aj v\u00e1m zesrca vin\u0161uju, neh\u0148evaj sa, \u017ee tak neskoro p\u00ed\u0161u, bil bich aj sk\u00farej p\u00eds\u00e1l, ale sem nem\u0148el \u0148igde \u017e\u00e1dnej st\u00e1los\u0165i, furt sa s\u0165ehuju s\u00a0kvart\u00edru na kvart\u00edr, no ale f\u010dil u\u017e zas budu chv\u00edlu nam\u00eds\u0165e. Tak je to natej vojan\u010di\u0148e, nem\u00e1 \u010dlovjek pokoja chv\u00edlu, jeden regr\u00fat obrichtunk sem odbav\u00edl, f\u010dil sas mi nast\u00e1v\u00e1 druh\u00ed, stokr\u00e1t hor\u0161\u00ed, cho\u010f\u00edm do bindungschule za \u0161ar\u017eu. Nescel sem a\u00a0mos\u00edm, tu si \u010dlovjek nepomo\u017ee, \u0161ak s\u00e1m tu nejsu, sme tu od cel\u00e9ho regimentu povib\u00edra\u0148\u00ed\u00a0<\/em>&#8230;\u201c<\/p>\n<p>V tem lis\u0165e mja tedi zarazilo, \u017ee nepou\u017e\u00edvali tvrd\u00e9 \u201ey\u201c a f\u0161adi p\u00edsali mjak\u00e9. J\u00e1 si misl\u00edm, \u017ee to zostalo z p\u00edsa\u0148\u00e1 e\u0161\u010de za \u010das\u00fa d\u00e1vno minul\u00edch. \u0160ak sme \u017eili v sam\u00e9m prostredku Velkomoravskej r\u00ed\u0161e a nev\u00edm, \u010di tenkr\u00e1t poznali ipsilon. A\u0148i mja to a\u017e tak moc netr\u00e1pilo, pro\u010d to tak je. Skali\u010da\u0148i vipr\u00e1vjaj\u00fa trochu in\u00e1\u010d, jak lud\u00e9 v\u00a0okolit\u00edch \u010fe\u010fin\u00e1ch a\u00a0mjest\u00e1ch. Na\u0161a mjesk\u00e1 re\u010d bila is\u0165e oboha\u0165en\u00e1 aj skute\u010dno\u0161\u0165ama, ker\u00e9 hod\u0148e zas\u00e1hli do \u017eivota Skali\u010dan\u00fa. Bili tu husi\u0165i, \u017did\u00e9, Turci, Nemci, Morava\u0148i, Ma\u010fari a\u00a0ka\u017ed\u00ed tu neco zanech\u00e1l, don\u00e9sel, ale si aj odn\u00e9sel.<\/p>\n<p>Skalick\u00e1 mjesk\u00e1 re\u010d m\u00e1 aj svoje zvl\u00e1\u0161tnos\u0165i a\u00a0d\u00e1 sa povidat, \u017ee aj pravidla. Okrem teho v\u00ed\u0161ej spom\u00ednan\u00e9ho mjak\u00e9ho i\u00a0(ipsilon pro n\u00e1s neexistuje, ale, poprav\u010fe, ten ne\u0148\u00ed a\u0148i inde na Z\u00e1hor\u00ed) s\u00fa aj dal\u0161\u00ed. Je ich potreba dodr\u017eovat, lebo nap\u00edsan\u00e9 slovo bi mohlo mjet ina\u010d\u00ed v\u00edznam. Napr\u00edklad v\u00a0neker\u00edch slov\u00e1ch sa na spoluhl\u00e1sku pred mjak\u00edm i\u00a0mos\u00ed dat h\u00e1\u010dek \u2013 <em>ne\u0148i, mje\u0148\u00ed, vin\u0161ov\u00e1\u0148\u00ed, \u010f\u00edf\u010da, \u010fecko, ne\u0161\u0165es\u0165\u00ed<\/em>, abi bilo jasn\u00e9, \u017ee sa vislovuj\u00fa mjako. Neker\u00e9 slova sa vislovuj\u00fa a, teda, aj p\u00ed\u0161\u00fa tvrdo, napr. neco, negde, negdo. Jednoducho, mjako sa vislovuj\u00fa slabiki s\u00a0h\u00e1\u010dkem \u010fi, \u0165i, \u0148i, \u013ei, \u010fe, \u0165e, \u0148e, \u013ee a\u00a0potom slabiki vislovovan\u00e9 tvrdo sa p\u00ed\u0161\u00fa di, ti, ni, li, de, te ne, le, teda, bez ha\u010dku. P\u00ed\u0161eme jak po\u010dujeme, proto \u010dasto vkl\u00e1d\u00e1me j napr\u00edklad: <em>mjesto, pjes\u0148i\u010dka, mjet neco<\/em> a\u00a0podob\u0148e. Nepla\u0165\u00ed a\u0148i slovensk\u00ed ritmick\u00ed z\u00e1kon, vi\u010f\u00edme to napr\u00edklad na vz\u010fel\u00e1\u0148\u00ed, zamjestn\u00e1\u0148\u00ed, okop\u00e1v\u00e1n\u00ed a\u00a0podob\u0148e. Zn\u00e1ma je aj polemika o\u00a0na\u0161em slovje enom \u2013 zahor\u00e1ci r\u00edkaj\u00fa enem, mi tam m\u00e1me o. Je treba naro\u010fit sa s\u00a0pravidlama, ale hlav\u0148e s\u00a0v\u00ed\u0148imkama v\u00a0krvi. In\u00e1\u010d sa to, a\u017e na v\u00ed\u0148imki, jak\u00fa je napr\u00edklad tadi Evi\u010dka Fordin\u00e1lov\u00e1, por\u00e1d\u0148e nau\u010dit snad a\u0148i ned\u00e1.<\/p>\n<p>Na\u0161a skalick\u00e1 re\u010d ne\u0148i a\u0148i samostatn\u00e9 n\u00e1re\u010d\u00ed, a\u0148i z\u00e1hor\u00e1\u010d\u0165ina. Je to re\u010d s hlubok\u00fa hist\u00f3ri\u00fa. Sna\u0161me sa ju zachovat. Nenechajme , abi sa jej\u00ed je\u010fine\u010dnos\u0165 na\u010ficki stra\u0165ila. Bila bi to \u0161koda. Nenechajme sa presve\u010dit o\u00a0tem, \u017ee ten, gdo vipr\u00e1vj\u00e1 po skalicki ne\u0148i Slov\u00e1k a\u00a0je m\u00e9\u0148ej vz\u010felan\u00ed, jak ti druz\u00ed, proto\u017ee opak je \u010dasto pravd\u00fa. Mi pozn\u00e1me o\u00a0jednu re\u010d v\u00edc ne\u017e ostat\u0148\u00ed a\u00a0to t\u00fa, ker\u00e1 je pro n\u00e1s najd\u00fale\u017ei\u0165ej\u0161\u00ed.<\/p>\n","protected":false},"excerpt":{"rendered":"<div class=\"mh-excerpt\"><p>Ka\u017ed\u00ed \u010dlovjek sa negde naro\u010f\u00ed, negde pro\u017eije \u010fectvo, zostane v rodn\u00e9m mjes\u0165e, alebo ho \u017eivot alebo l\u00e1ska zanese negde inde. J\u00e1 sem sa n\u00e1hod\u00fa naro\u010fil v Bra\u0165islavje. Moc sa s t\u00edm nechv\u00e1l\u00edm, ale je to <a class=\"mh-excerpt-more\" href=\"http:\/\/skalickyobzor.sk\/cms\/nehanbite-sa-vipravjat-po-skalicki\/\" title=\"Neha\u0148bite sa vipr\u00e1vjat po skalicki\">[&#8230;]<\/a><\/p>\n<\/div>","protected":false},"author":12,"featured_media":2416,"comment_status":"closed","ping_status":"closed","sticky":false,"template":"","format":"standard","meta":{"footnotes":""},"categories":[4],"tags":[],"class_list":{"0":"post-2415","1":"post","2":"type-post","3":"status-publish","4":"format-standard","5":"has-post-thumbnail","7":"category-ja-su-ze-skalice"},"_links":{"self":[{"href":"http:\/\/skalickyobzor.sk\/cms\/wp-json\/wp\/v2\/posts\/2415","targetHints":{"allow":["GET"]}}],"collection":[{"href":"http:\/\/skalickyobzor.sk\/cms\/wp-json\/wp\/v2\/posts"}],"about":[{"href":"http:\/\/skalickyobzor.sk\/cms\/wp-json\/wp\/v2\/types\/post"}],"author":[{"embeddable":true,"href":"http:\/\/skalickyobzor.sk\/cms\/wp-json\/wp\/v2\/users\/12"}],"replies":[{"embeddable":true,"href":"http:\/\/skalickyobzor.sk\/cms\/wp-json\/wp\/v2\/comments?post=2415"}],"version-history":[{"count":4,"href":"http:\/\/skalickyobzor.sk\/cms\/wp-json\/wp\/v2\/posts\/2415\/revisions"}],"predecessor-version":[{"id":2420,"href":"http:\/\/skalickyobzor.sk\/cms\/wp-json\/wp\/v2\/posts\/2415\/revisions\/2420"}],"wp:featuredmedia":[{"embeddable":true,"href":"http:\/\/skalickyobzor.sk\/cms\/wp-json\/wp\/v2\/media\/2416"}],"wp:attachment":[{"href":"http:\/\/skalickyobzor.sk\/cms\/wp-json\/wp\/v2\/media?parent=2415"}],"wp:term":[{"taxonomy":"category","embeddable":true,"href":"http:\/\/skalickyobzor.sk\/cms\/wp-json\/wp\/v2\/categories?post=2415"},{"taxonomy":"post_tag","embeddable":true,"href":"http:\/\/skalickyobzor.sk\/cms\/wp-json\/wp\/v2\/tags?post=2415"}],"curies":[{"name":"wp","href":"https:\/\/api.w.org\/{rel}","templated":true}]}}