{"id":2423,"date":"2019-06-08T15:13:56","date_gmt":"2019-06-08T13:13:56","guid":{"rendered":"http:\/\/skalickyobzor.sk\/cms\/?p=2423"},"modified":"2019-06-08T16:01:22","modified_gmt":"2019-06-08T14:01:22","slug":"tak-si-myslim-ze-ket-chceme-vjedet-kdo-sme-potrebujeme-poznat-svoje-korene","status":"publish","type":"post","link":"http:\/\/skalickyobzor.sk\/cms\/tak-si-myslim-ze-ket-chceme-vjedet-kdo-sme-potrebujeme-poznat-svoje-korene\/","title":{"rendered":"Tak si mysl\u00edm, \u017ee ket chceme vje\u010fet kdo sme, potrebujeme poznat svoje kore\u0148e"},"content":{"rendered":"<p>\u010eicki sem c\u00ed\u0165ila, \u017ee to, co ve m\u0148e mi\u0161lenka na Skalicu vivol\u00e1v\u00e1, m\u00e1 daleko hlub\u0161\u00ed kore\u0148e, ne\u0161 obi\u010dajn\u00e1 hrdos\u0165, ker\u00fa c\u00ed\u0165\u00ed ka\u017ed\u00ed \u010dlovjek ke svoj\u00e9mu rodn\u00e9mu mjestu. Aj ket sa m\u00faj \u017eivot dl\u00fah\u00e9 roki ub\u00edral mimo Skalice, p\u00fatala m\u0148a furt k\u00a0\u0148\u00ed nevi\u010fiteln\u00e1 \u0148i\u0165 na\u0161ej re\u010di. Skalicki sem ml\u00favila v\u0161adi po svje\u0165e a\u00a0podl\u00e1 jej\u00ed mel\u00f3die sem v\u0161adi ve svej\u0165e u\u0161 nad\u00e1lku spoznala Skali\u010dana. Skali\u010d\u0165ina je pro m\u0148a jak zn\u00e1m\u00e1 pjes\u0148i\u010dka a\u00a0aj ket je tak \u0165ich\u00e1, \u017ee nerozezn\u00e1te slova, spozn\u00e1te ju a\u00a0v\u00edte, \u017ee to je ona, t\u00e1 na\u0161a.<\/p>\n<p>To, co c\u00ed\u0165\u00edm ke Skalici a\u00a0k\u00a0na\u0161ej re\u010di, m\u00e1 s\u00edce bje\u017en\u00ed luck\u00ed n\u00e1dech lok\u00e1lpatriotizmu, ale z\u00e1rove\u0148 s\u00e1h\u00e1 hluboko do in\u00edch \u010dasov\u00edch dimenzi\u00ed. Vje\u010fela sem \u0161ak, \u017ee m\u00faj cit t\u00fato d\u00fale\u017eitos\u0165 a\u00a0v\u00edznam skali\u010d\u0165ini nedokazuje, ale enom m\u00faj siln\u00ed vztah k\u00a0\u0148\u00ed. Dl\u00faho sem nevje\u010fela, \u017ee ml\u00fav\u00edm skalick\u00fa mjesk\u00fa re\u010d\u00fa, mislela sem si, \u017ee enom skali\u010d\u0165in\u00fa \u2013 n\u00e1re\u010d\u00edm. Ket sa m\u0148a p\u00edtali \u010di vipr\u00e1vj\u00e1m z\u00e1hor\u00e1cki, visvjetlovala sem, \u017ee r\u00edkam po skalicki. Hnet sa p\u00edtali: a\u00a0Skalica ne\u0148i Z\u00e1hor\u00ed? Ano, je. Skalica \u0161ak m\u00e1 jedine\u010dnos\u0165\u00fa a\u00a0svojskos\u0165\u00fa jej\u00ed re\u010di v\u00edsost\u0148\u00ed postave\u0148\u00ed. \u0147eco jako Vatik\u00e1n v\u00a0R\u00edmje. C\u00ed\u0165ila sem to, ale na d\u00fakaze sem si mosela dl\u00faho po\u010dkat.<\/p>\n<p>Po mojem n\u00e1vra\u0165e do Skalice sa moje \u017eivot\u0148\u00ed cesti stretli s cestama profesorki Evi Fordin\u00e1lovej. Bilo to hodnotn\u00e9 n\u00e9 enom pro m\u0148a osob\u0148e, ale, jak sa ukazuje, bilo to d\u00fale\u017eit\u00e9 aj pro samotn\u00fa skalick\u00fa mjesk\u00fa re\u010d. Pani profesorka, liter\u00e1r\u0148\u00ed histori\u010dka, mi podala d\u00fakaze, \u017ee skali\u010dtina ne\u0148i n\u00e1re\u010d\u00ed, ale skalick\u00e1 mjesk\u00e1 re\u010d je jeden z najstar\u0161\u00edch a najzachovalej\u0161\u00edch jazik\u00fa na Slovensku, s\u00e1haj\u00faci kore\u0148ama a\u017e pret dobu Velkomoravskej r\u00ed\u0161e. Dokazuje, \u017ee skalick\u00e1 mjesk\u00e1 re\u010d bila pro Bernol\u00e1ka z\u00e1kladem spisovnej sloven\u010dini a \u010felil n\u00e1s mal\u00ed k\u00fasek ot teho, abi skalicki ml\u00favilo cel\u00e9 Slovensko.<\/p>\n<p>Tito d\u00fakaze mo\u017eete zanedl\u00faho dr\u017eat pr\u00e1vje ve svoj\u00edch ruk\u00e1ch, najdete ich v kni\u017ee\u010dce \u201cDejiny skalickej mestskej re\u010di\u201d a\u00a0pro m\u0148a je obrovsk\u00fa c\u0165\u00fa, \u017ee sem mohla st\u00e1t u\u00a0zrodu tehoto \u010f\u00edla. D\u00faf\u00e1m, \u017ee k\u0148i\u017ee\u010dka po\u0165e\u0161\u00ed va\u0161u du\u0161u, povznese ducha a\u00a0vjer\u00edm, \u017ee odevzd\u00e1te inform\u00e1cije o\u00a0skali\u010d\u0165i\u0148e (n\u00e9 enom rozumov\u00e9, ale aj srcov\u00e9) svoj\u00edm bl\u00edsk\u00edm kolem v\u00e1s. Tak bude Skalica furt d\u00e1l \u017eit svoju jedine\u010dnos\u0165. Vjer\u00edm, \u017ee aj z\u00e1sluh\u00fa skalickej mjeskej re\u010di Skalica bila, je a\u00a0bude nad\u00e1lej svojsk\u00e1. Nech sa v\u00e1m l\u00fab\u00ed!<\/p>\n<p>Mo\u017en\u00e1 c\u00ed\u0165\u00edte ke Skalici a\u00a0skali\u010d\u0165i\u0148e to, co j\u00e1. Prinajmen\u0161\u00edm v\u00e1m sn\u00e1t t\u00e1to k\u0148i\u017ee\u010dka aspo\u0148 pomo\u017ee vi\u0161lapat si ten pr\u00edslove\u010dn\u00ed chod\u0148\u00ed\u010dek k\u00a0na\u0161\u00e9mu pjekn\u00e9mu mjestu. N\u00e1j\u00edt cit, ker\u00ed bude pov\u00ed\u0161en\u00ed nat osob\u0148\u00ed, ker\u00ed bude na\u0161\u00edm spole\u010d\u0148\u00edm, skalick\u00edm. Je na m\u00eds\u0165e podetkn\u00fat, \u017ee skalick\u00e1 mjesk\u00e1 re\u010d n\u00e1s Skali\u010dan\u00fa spojuje, ale tak, jak \u017e\u00e1dn\u00e1 re\u010d jedno neum\u00ed \u2013 umje\u0148\u00ed dohodn\u00fat sa. Skalick\u00e1 mjesk\u00e1 re\u010d je k\u00a0temu \u201eenom\u201c n\u00e1stroj. To ostat\u0148\u00ed je na n\u00e1s.<\/p>\n<p><em>S\u00a0\u00fact\u00fa<\/em><br \/>\n<em>Skali\u010danka \u017delm\u00edra Mach\u00e1\u010dkov\u00e1<\/em><\/p>\n","protected":false},"excerpt":{"rendered":"<div class=\"mh-excerpt\"><p>\u010eicki sem c\u00ed\u0165ila, \u017ee to, co ve m\u0148e mi\u0161lenka na Skalicu vivol\u00e1v\u00e1, m\u00e1 daleko hlub\u0161\u00ed kore\u0148e, ne\u0161 obi\u010dajn\u00e1 hrdos\u0165, ker\u00fa c\u00ed\u0165\u00ed ka\u017ed\u00ed \u010dlovjek ke svoj\u00e9mu rodn\u00e9mu mjestu. Aj ket sa m\u00faj \u017eivot dl\u00fah\u00e9 roki ub\u00edral <a class=\"mh-excerpt-more\" href=\"http:\/\/skalickyobzor.sk\/cms\/tak-si-myslim-ze-ket-chceme-vjedet-kdo-sme-potrebujeme-poznat-svoje-korene\/\" title=\"Tak si mysl\u00edm, \u017ee ket chceme vje\u010fet kdo sme, potrebujeme poznat svoje kore\u0148e\">[&#8230;]<\/a><\/p>\n<\/div>","protected":false},"author":2,"featured_media":241,"comment_status":"closed","ping_status":"closed","sticky":false,"template":"","format":"standard","meta":{"footnotes":""},"categories":[3],"tags":[],"class_list":{"0":"post-2423","1":"post","2":"type-post","3":"status-publish","4":"format-standard","5":"has-post-thumbnail","7":"category-tak-si-myslim"},"_links":{"self":[{"href":"http:\/\/skalickyobzor.sk\/cms\/wp-json\/wp\/v2\/posts\/2423","targetHints":{"allow":["GET"]}}],"collection":[{"href":"http:\/\/skalickyobzor.sk\/cms\/wp-json\/wp\/v2\/posts"}],"about":[{"href":"http:\/\/skalickyobzor.sk\/cms\/wp-json\/wp\/v2\/types\/post"}],"author":[{"embeddable":true,"href":"http:\/\/skalickyobzor.sk\/cms\/wp-json\/wp\/v2\/users\/2"}],"replies":[{"embeddable":true,"href":"http:\/\/skalickyobzor.sk\/cms\/wp-json\/wp\/v2\/comments?post=2423"}],"version-history":[{"count":1,"href":"http:\/\/skalickyobzor.sk\/cms\/wp-json\/wp\/v2\/posts\/2423\/revisions"}],"predecessor-version":[{"id":2424,"href":"http:\/\/skalickyobzor.sk\/cms\/wp-json\/wp\/v2\/posts\/2423\/revisions\/2424"}],"wp:featuredmedia":[{"embeddable":true,"href":"http:\/\/skalickyobzor.sk\/cms\/wp-json\/wp\/v2\/media\/241"}],"wp:attachment":[{"href":"http:\/\/skalickyobzor.sk\/cms\/wp-json\/wp\/v2\/media?parent=2423"}],"wp:term":[{"taxonomy":"category","embeddable":true,"href":"http:\/\/skalickyobzor.sk\/cms\/wp-json\/wp\/v2\/categories?post=2423"},{"taxonomy":"post_tag","embeddable":true,"href":"http:\/\/skalickyobzor.sk\/cms\/wp-json\/wp\/v2\/tags?post=2423"}],"curies":[{"name":"wp","href":"https:\/\/api.w.org\/{rel}","templated":true}]}}